{"id":143233,"date":"2023-03-29T13:51:30","date_gmt":"2023-03-29T17:51:30","guid":{"rendered":"https:\/\/sportseco.com\/?p=143233"},"modified":"2023-03-29T13:51:36","modified_gmt":"2023-03-29T17:51:36","slug":"a-debate-un-proyecto-de-resolucion-sobre-obligaciones-de-los-estados-por-el-cambio-climatico","status":"publish","type":"post","link":"https:\/\/sportseco.com\/?p=143233","title":{"rendered":"A debate un proyecto de resoluci\u00f3n sobre obligaciones de los Estados por el cambio clim\u00e1tico"},"content":{"rendered":"\n<figure class=\"wp-block-image\"><img data-recalc-dims=\"1\" decoding=\"async\" src=\"https:\/\/i0.wp.com\/global.unitednations.entermediadb.net\/assets\/mediadb\/services\/module\/asset\/downloads\/preset\/Collections\/Embargoed\/03-09-2021_UNICEF_Vanuatu.jpg\/image1170x530cropped.jpg?w=640&#038;ssl=1\" alt=\"Las comunidades agr\u00edcolas del archipi\u00e9lago del Oc\u00e9ano Pac\u00edfico, como la isla de Vanuatu, se est\u00e1n adaptando a los patrones clim\u00e1ticos m\u00e1s secos.\" title=\"Las comunidades agr\u00edcolas del archipi\u00e9lago del Oc\u00e9ano Pac\u00edfico, como la isla de Vanuatu, se est\u00e1n adaptando a los patrones clim\u00e1ticos m\u00e1s secos.\"\/><\/figure>\n\n\n\n<p>Las comunidades agr\u00edcolas del archipi\u00e9lago del Oc\u00e9ano Pac\u00edfico, como la isla de Vanuatu, se est\u00e1n adaptando a los patrones clim\u00e1ticos m\u00e1s secos.<\/p>\n\n\n\n<p>La&nbsp;<a href=\"https:\/\/www.un.org\/es\/ga\/about\/index.shtml\">Asamblea General<\/a>&nbsp;examina un proyecto de resoluci\u00f3n solicitando aclaraciones jur\u00eddicas a la Corte Internacional de Justicia sobre las obligaciones de los Estados respecto al impacto del cambio clim\u00e1tico.<\/p>\n\n\n\n<p>Iniciada por Vanuatu, el Secretario General ha apoyado la propuesta declarando que \u201clos que menos han contribuido a la crisis clim\u00e1tica se enfrentan ya tanto al infierno clim\u00e1tico como a la subida del nivel del mar\u201d.<\/p>\n\n\n\n<p>\u201cLas opiniones consultivas de la Corte, principal \u00f3rgano judicial de las Naciones Unidas, tienen una enorme importancia y pueden repercutir a largo plazo en el orden jur\u00eddico internacional\u201d, dijo Guterres.&nbsp;<\/p>\n\n\n\n<p>El jefe de la ONU ha explicado que, si se emitiera, una opini\u00f3n de este tipo ayudar\u00eda a la Asamblea General, a las Naciones Unidas y a los Estados miembros a tomar medidas m\u00e1s audaces y en\u00e9rgicas contra el cambio clim\u00e1tico.<\/p>\n\n\n\n<p>\u00a0\u201cLa justicia clim\u00e1tica es tanto un imperativo moral como un requisito previo para una acci\u00f3n clim\u00e1tica mundial eficaz\u201d, a\u00f1adi\u00f3.<\/p>\n\n\n\n<p><\/p>\n\n\n\n<p>news.un.org<\/p>\n","protected":false},"excerpt":{"rendered":"<p>Las comunidades agr\u00edcolas del archipi\u00e9lago del Oc\u00e9ano Pac\u00edfico, como la isla de Vanuatu, se est\u00e1n adaptando a los patrones clim\u00e1ticos m\u00e1s secos. La&nbsp;Asamblea General&nbsp;examina un proyecto de resoluci\u00f3n solicitando aclaraciones jur\u00eddicas a la Corte Internacional de Justicia sobre las obligaciones de los Estados respecto al impacto del cambio clim\u00e1tico. Iniciada por Vanuatu, el Secretario General [&hellip;]<\/p>\n","protected":false},"author":1,"featured_media":143234,"comment_status":"closed","ping_status":"closed","sticky":false,"template":"","format":"standard","meta":{"_acf_changed":false,"_jetpack_memberships_contains_paid_content":false,"footnotes":"","jetpack_publicize_message":"","jetpack_publicize_feature_enabled":true,"jetpack_social_post_already_shared":true,"jetpack_social_options":{"image_generator_settings":{"template":"highway","default_image_id":0,"font":"","enabled":false},"version":2}},"categories":[6],"tags":[],"class_list":["post-143233","post","type-post","status-publish","format-standard","has-post-thumbnail","hentry","category-ecologia"],"acf":[],"jetpack_publicize_connections":[],"jetpack_featured_media_url":"https:\/\/i0.wp.com\/sportseco.com\/wp-content\/uploads\/2023\/03\/image1170x530cropped-14.jpg?fit=1170%2C530&ssl=1","jetpack_sharing_enabled":true,"_links":{"self":[{"href":"https:\/\/sportseco.com\/index.php?rest_route=\/wp\/v2\/posts\/143233","targetHints":{"allow":["GET"]}}],"collection":[{"href":"https:\/\/sportseco.com\/index.php?rest_route=\/wp\/v2\/posts"}],"about":[{"href":"https:\/\/sportseco.com\/index.php?rest_route=\/wp\/v2\/types\/post"}],"author":[{"embeddable":true,"href":"https:\/\/sportseco.com\/index.php?rest_route=\/wp\/v2\/users\/1"}],"replies":[{"embeddable":true,"href":"https:\/\/sportseco.com\/index.php?rest_route=%2Fwp%2Fv2%2Fcomments&post=143233"}],"version-history":[{"count":1,"href":"https:\/\/sportseco.com\/index.php?rest_route=\/wp\/v2\/posts\/143233\/revisions"}],"predecessor-version":[{"id":143235,"href":"https:\/\/sportseco.com\/index.php?rest_route=\/wp\/v2\/posts\/143233\/revisions\/143235"}],"wp:featuredmedia":[{"embeddable":true,"href":"https:\/\/sportseco.com\/index.php?rest_route=\/wp\/v2\/media\/143234"}],"wp:attachment":[{"href":"https:\/\/sportseco.com\/index.php?rest_route=%2Fwp%2Fv2%2Fmedia&parent=143233"}],"wp:term":[{"taxonomy":"category","embeddable":true,"href":"https:\/\/sportseco.com\/index.php?rest_route=%2Fwp%2Fv2%2Fcategories&post=143233"},{"taxonomy":"post_tag","embeddable":true,"href":"https:\/\/sportseco.com\/index.php?rest_route=%2Fwp%2Fv2%2Ftags&post=143233"}],"curies":[{"name":"wp","href":"https:\/\/api.w.org\/{rel}","templated":true}]}}