{"id":143242,"date":"2023-03-29T18:17:32","date_gmt":"2023-03-29T22:17:32","guid":{"rendered":"https:\/\/sportseco.com\/?p=143242"},"modified":"2023-03-29T18:17:37","modified_gmt":"2023-03-29T22:17:37","slug":"calenos-y-calenas-debemos-tomar-conciencia-para-frenar-deterioro-en-la-calidad-del-aire","status":"publish","type":"post","link":"https:\/\/sportseco.com\/?p=143242","title":{"rendered":"Cale\u00f1os y cale\u00f1as debemos tomar conciencia para frenar deterioro en la calidad del aire"},"content":{"rendered":"\n<p>Desde su fundaci\u00f3n, el 25 de julio de 1536, por diversas razones Los Farallones de Cali han jugado un rol como protectores de la ciudad.<\/p>\n\n\n\n<p>A pesar de las malas pr\u00e1cticas ambientales, el aumento del parque automotor y del n\u00famero de viajes internos, el aire que respiramos cale\u00f1os y cale\u00f1as contin\u00faa teniendo una calidad aceptable. As\u00ed lo reporta el&nbsp;<em>Sistema de Monitoreo y Vigilancia de la Calidad del Aire de Santiago de Cali.<\/em><br \/><br \/>Seg\u00fan la evaluaci\u00f3n trimestral del comportamiento hist\u00f3rico del material particulado de tama\u00f1os&nbsp;<em>PM10<\/em>&nbsp;y&nbsp;<em>PM25<\/em>, en esta \u00e9poca del a\u00f1o se registra un aumento en su concentraci\u00f3n, resultado del aumento en la temperatura, humedad y la disminuci\u00f3n de vientos y lluvias.<br \/><br \/>Actualmente, el&nbsp;<em>Sistema de Monitoreo y Vigilancia&nbsp;<\/em>reporta valores de ICA (<em>\u00cdndice de Calidad de Aire<\/em>)&nbsp;<em>53<\/em>&nbsp;en la estaci\u00f3n Univalle, lo que clasifica la calidad del aire como&nbsp;<em>\u2018aceptable\u2019<\/em>.<br \/><br \/>Los valores de referencia para esta clasificaci\u00f3n fueron establecidos por la Organizaci\u00f3n Mundial de la Salud-OMS\u2026<\/p>\n\n\n\n<ul class=\"wp-block-list\">\n<li><strong><em>0 a 50:<\/em><\/strong>&nbsp;Calidad del aire buena.<\/li>\n\n\n\n<li><strong><em>51 a 100:<\/em><\/strong>&nbsp;Calidad del aire aceptable.<\/li>\n\n\n\n<li><strong><em>101 a 150:<\/em><\/strong>&nbsp;Calidad del aire insalubre para grupos sensibles.<\/li>\n\n\n\n<li><strong><em>151 a 200:<\/em><\/strong>&nbsp;Calidad del aire insalubre.<\/li>\n\n\n\n<li><strong><em>201 a 300:<\/em><\/strong>&nbsp;Calidad del aire muy insalubre.<\/li>\n\n\n\n<li><strong><em>301 a 500:<\/em><\/strong>&nbsp;Calidad del aire peligrosa.<\/li>\n<\/ul>\n\n\n\n<p><br \/>La estrat\u00e9gica ubicaci\u00f3n geogr\u00e1fica de la capital vallecaucana mitiga el riesgo de deterioro de nuestra calidad del aire. Los 3000 metros de altura promedio de la&nbsp;<em>Cordillera Central,<\/em>&nbsp;sirven de barrera natural contra el material particulado que proviene de los incendios forestales y que arrastra la corriente de vientos del Orinoco.<br \/><br \/>Sucede lo contrario en Bogot\u00e1, Medell\u00edn y Bucaramanga, ciudades donde en los \u00faltimos meses esta misma corriente de viento ha llevado material particulado, obligando a declaratorias de emergencia ambiental por ICA da\u00f1inos para grupos sensibles (<em>entre 101 y 150<\/em>), por m\u00e1s de 48 hora continuas.<br \/><br \/><em>(<\/em><strong><em>Lea tambi\u00e9n:<\/em><\/strong><em>&nbsp;Cient\u00edficos, ciudadanos y Sistema de Calidad del Aire, evidencian c\u00f3mo algunas pr\u00e1cticas enferman a los cale\u00f1os<\/em><em>)<\/em><br \/><br \/>Wilson Salas, coordinador del Grupo de Calidad del Aire del Departamento Administrativo de Gesti\u00f3n del Medio Ambiente-Dagma, consider\u00f3 urgente que la ciudadan\u00eda comience a tomar conciencia sobre los efectos de nuestros comportamientos en la calidad del aire de la ciudad.<br \/><br \/>El funcionario sugiere implementar los planes de movilidad sostenible desde las empresas, adem\u00e1s de incorporar a nuestras vidas como ciudadanos los medios activos de transportes (<em>caminar, usar la bicicleta, etc<\/em>.), con el prop\u00f3sito de bajar las emisiones (<em>en Cali el 93% provienen de fuentes m\u00f3viles<\/em>).<br \/><br \/>\u201cLa corriente del Pac\u00edfico, ese chorro de viento que en alto porcentaje limpia nuestro aire entre las 3:00 y 6:00 de la tarde, ya no es suficiente para garantizar una buena calidad de aire en la ciudad\u201d, asegura Diego Arias, f\u00edsico del Sistema de Vigilancia. Agreg\u00f3 que el mal comportamiento ambiental de cale\u00f1os y cale\u00f1as, sumado al abuso en la utilizaci\u00f3n de veh\u00edculos personales, es lo que est\u00e1 deteriorando la calidad del aire.<br \/><br \/>\u201cMientras sigamos encementando el frente de nuestras casas y quit\u00e1ndole a la ciudad esas franjas verdes, que adem\u00e1s de ornato cumplen una importante funci\u00f3n de peque\u00f1os sumideros de carbono; mientras renunciemos al confort t\u00e9rmico que nos brinda un \u00e1rbol para tener un espacio donde parquear un veh\u00edculo &nbsp; o con miras a mejorar el ingreso a un establecimiento de comercio, la calidad del aire en nuestra ciudad se continuar\u00e1 deteriorando\u201d, puntualiz\u00f3 Arias.<br \/><br \/><strong>Le puede interesar\u2026<\/strong><br \/>&#8211; Dagma inicia operativos contra el tr\u00e1fico de fauna y flora silvestre<\/p>\n\n\n\n<p><br \/><strong>Harvey N\u00fa\u00f1ez<br \/>Comunicaciones Dagma<\/strong><\/p>\n\n\n\n<p><\/p>\n\n\n\n<p><\/p>\n\n\n\n<p>cali.gov.co<\/p>\n","protected":false},"excerpt":{"rendered":"<p>Desde su fundaci\u00f3n, el 25 de julio de 1536, por diversas razones Los Farallones de Cali han jugado un rol como protectores de la ciudad. A pesar de las malas pr\u00e1cticas ambientales, el aumento del parque automotor y del n\u00famero de viajes internos, el aire que respiramos cale\u00f1os y cale\u00f1as contin\u00faa teniendo una calidad aceptable. [&hellip;]<\/p>\n","protected":false},"author":1,"featured_media":143243,"comment_status":"closed","ping_status":"closed","sticky":false,"template":"","format":"standard","meta":{"_acf_changed":false,"_jetpack_memberships_contains_paid_content":false,"footnotes":"","jetpack_publicize_message":"","jetpack_publicize_feature_enabled":true,"jetpack_social_post_already_shared":true,"jetpack_social_options":{"image_generator_settings":{"template":"highway","default_image_id":0,"font":"","enabled":false},"version":2}},"categories":[6],"tags":[],"class_list":["post-143242","post","type-post","status-publish","format-standard","has-post-thumbnail","hentry","category-ecologia"],"acf":[],"jetpack_publicize_connections":[],"jetpack_featured_media_url":"https:\/\/i0.wp.com\/sportseco.com\/wp-content\/uploads\/2023\/03\/thpub_700X400_175001.jpg?fit=700%2C317&ssl=1","jetpack_sharing_enabled":true,"_links":{"self":[{"href":"https:\/\/sportseco.com\/index.php?rest_route=\/wp\/v2\/posts\/143242","targetHints":{"allow":["GET"]}}],"collection":[{"href":"https:\/\/sportseco.com\/index.php?rest_route=\/wp\/v2\/posts"}],"about":[{"href":"https:\/\/sportseco.com\/index.php?rest_route=\/wp\/v2\/types\/post"}],"author":[{"embeddable":true,"href":"https:\/\/sportseco.com\/index.php?rest_route=\/wp\/v2\/users\/1"}],"replies":[{"embeddable":true,"href":"https:\/\/sportseco.com\/index.php?rest_route=%2Fwp%2Fv2%2Fcomments&post=143242"}],"version-history":[{"count":1,"href":"https:\/\/sportseco.com\/index.php?rest_route=\/wp\/v2\/posts\/143242\/revisions"}],"predecessor-version":[{"id":143244,"href":"https:\/\/sportseco.com\/index.php?rest_route=\/wp\/v2\/posts\/143242\/revisions\/143244"}],"wp:featuredmedia":[{"embeddable":true,"href":"https:\/\/sportseco.com\/index.php?rest_route=\/wp\/v2\/media\/143243"}],"wp:attachment":[{"href":"https:\/\/sportseco.com\/index.php?rest_route=%2Fwp%2Fv2%2Fmedia&parent=143242"}],"wp:term":[{"taxonomy":"category","embeddable":true,"href":"https:\/\/sportseco.com\/index.php?rest_route=%2Fwp%2Fv2%2Fcategories&post=143242"},{"taxonomy":"post_tag","embeddable":true,"href":"https:\/\/sportseco.com\/index.php?rest_route=%2Fwp%2Fv2%2Ftags&post=143242"}],"curies":[{"name":"wp","href":"https:\/\/api.w.org\/{rel}","templated":true}]}}