{"id":143261,"date":"2023-03-30T08:18:16","date_gmt":"2023-03-30T12:18:16","guid":{"rendered":"https:\/\/sportseco.com\/?p=143261"},"modified":"2023-03-30T08:18:20","modified_gmt":"2023-03-30T12:18:20","slug":"el-comite-de-huracanes-de-la-organizacion-meteorologica-mundial-retira-fiona-e-ian-de-la-lista-de-nombres-de-huracanes","status":"publish","type":"post","link":"https:\/\/sportseco.com\/?p=143261","title":{"rendered":"El Comit\u00e9 de Huracanes de la Organizaci\u00f3n Meteorol\u00f3gica Mundial retira Fiona e Ian de la lista de nombres de huracanes"},"content":{"rendered":"\n<p><strong>San Jos\u00e9 (Costa Rica), 29 de marzo de 2023 (OMM)<\/strong>\u00a0\u2014 A ra\u00edz de la muerte y la destrucci\u00f3n que los huracanes Fiona e Ian causaron en Am\u00e9rica Central, el Caribe, los Estados Unidos de Am\u00e9rica y el Canad\u00e1, el Comit\u00e9 de Huracanes de la Organizaci\u00f3n Meteorol\u00f3gica Mundial (OMM) ha suprimido esos nombres de las listas rotativas utilizadas para bautizar a los ciclones tropicales formados en el Atl\u00e1ntico.<\/p>\n\n\n\n<p>En dichas listas, Farrah se utilizar\u00e1 en lugar de Fiona, mientras que Idris sustituir\u00e1 a Ian.<\/p>\n\n\n\n<p>La OMM utiliza listas de nombres para&nbsp;<a href=\"https:\/\/public.wmo.int\/es\/denominaci%C3%B3n-de-los-ciclones-tropicales\" target=\"_blank\" rel=\"noreferrer noopener\">ayudar a comunicar los avisos de tormenta y alertar a la poblaci\u00f3n sobre riesgos potencialmente mortales<\/a>. En esta regi\u00f3n, los nombres asignados a los huracanes se vuelven a utilizar cada seis a\u00f1os, a menos que una tormenta sea tan mort\u00edfera que se deje de emplear su nombre. Desde 1953, cuando empez\u00f3 a utilizarse el actual sistema para bautizar a las tormentas, se han suprimido 96&nbsp;nombres de las listas empleadas para la cuenca atl\u00e1ntica.<\/p>\n\n\n\n<p>La convenci\u00f3n utilizada para asignar nombres a las tormentas suscita gran inter\u00e9s entre la poblaci\u00f3n. Sin embargo, cabe se\u00f1alar que es solo una peque\u00f1a parte de la labor que el Comit\u00e9 de Huracanes desempe\u00f1a para salvar vidas. Esta se centra en las prioridades operativas, en particular, la emisi\u00f3n de pron\u00f3sticos y avisos de peligros asociados a vientos, mareas de tempestad e inundaciones, as\u00ed como el suministro de evaluaciones de impacto.<\/p>\n\n\n\n<p><strong>Fiona&nbsp;<\/strong>fue un hurac\u00e1n de gran magnitud e intensidad que castig\u00f3 a comunidades de las Antillas Menores, Puerto Rico, la Rep\u00fablica Dominicana y Turcos y Caicos. Posteriormente se desplaz\u00f3 hacia el norte por el Atl\u00e1ntico occidental y en septiembre de 2022 azot\u00f3 el Canad\u00e1 como intenso cicl\u00f3n postropical, causando importantes da\u00f1os y cuantiosas v\u00edctimas mortales a su paso. La tormenta provoc\u00f3 devastadoras inundaciones de agua dulce en Puerto Rico, donde toc\u00f3 tierra como hurac\u00e1n de categor\u00eda&nbsp;1. Ocasion\u00f3 da\u00f1os valorados en m\u00e1s de 3&nbsp;000&nbsp;millones de d\u00f3lares de los Estados Unidos en el Caribe y el Canad\u00e1 y caus\u00f3 29&nbsp;v\u00edctimas mortales directas e indirectas. Fiona es el episodio meteorol\u00f3gico extremo m\u00e1s oneroso que ha afectado a la vertiente atl\u00e1ntica del Canad\u00e1.<\/p>\n\n\n\n<p><strong>Ian&nbsp;<\/strong>fue un hurac\u00e1n de categor\u00eda&nbsp;4 muy potente y extenso que golpe\u00f3 el oeste de Cuba como hurac\u00e1n de primer orden y toc\u00f3 tierra en el suroeste de Florida como hurac\u00e1n de categor\u00eda&nbsp;4. Ian provoc\u00f3 una devastadora marea de tempestad en el suroeste de Florida y ocasion\u00f3 m\u00e1s de 150&nbsp;v\u00edctimas mortales directas e indirectas y da\u00f1os valorados en m\u00e1s de 112&nbsp;000&nbsp;millones de d\u00f3lares, lo que lo convierte en el hurac\u00e1n que m\u00e1s p\u00e9rdidas ha generado en Florida y el tercero que m\u00e1s p\u00e9rdidas ha ocasionado en la historia de los Estados Unidos.<\/p>\n\n\n\n<p>El Comit\u00e9 de Huracanes est\u00e1 formado por expertos de los Servicios Meteorol\u00f3gicos e Hidrol\u00f3gicos Nacionales, y su zona de competencia es Am\u00e9rica del Norte, Am\u00e9rica Central y el Caribe (Asociaci\u00f3n Regional&nbsp;IV de la OMM). Su reuni\u00f3n anual, la primera celebrada de forma presencial desde 2019, tiene lugar en San Jos\u00e9 (Costa Rica) del 27 al 31 de marzo. Su anfitri\u00f3n es el Servicio Meteorol\u00f3gico e Hidrol\u00f3gico Nacional de Costa Rica, que celebra su 135&nbsp;aniversario.<\/p>\n\n\n\n<p><strong>Alertas Tempranas para Todos<\/strong><\/p>\n\n\n\n<figure class=\"wp-block-image\"><img data-recalc-dims=\"1\" decoding=\"async\" src=\"https:\/\/i0.wp.com\/ane4bf-datap1.s3-eu-west-1.amazonaws.com\/wmocms\/s3fs-public\/ckeditor\/files\/MicrosoftTeams-image_1.png?w=640&#038;ssl=1\" alt=\"Early Warnings for All\" title=\"Early Warnings for All\"\/><\/figure>\n\n\n\n<p>\u201cLos ciclones tropicales son fen\u00f3menos sumamente letales y una sola tormenta puede revertir a\u00f1os de desarrollo socioecon\u00f3mico. Sin embargo, la cantidad de v\u00edctimas mortales debidas a estos fen\u00f3menos ha disminuido dr\u00e1sticamente gracias a las mejoras en los pron\u00f3sticos, los avisos y las medidas de reducci\u00f3n de riesgos de desastre. Pero a\u00fan podemos hacerlo mejor\u201d, declar\u00f3 el Secretario General de la OMM, profesor Petteri Taalas.<\/p>\n\n\n\n<p>\u201cLa finalidad de la iniciativa de las Naciones Unidas denominada Alertas Tempranas para Todos es que, en los pr\u00f3ximos cinco a\u00f1os, todo el mundo tenga acceso a avisos de vientos, mareas de tempestad y precipitaciones potencialmente mortales, en especial en los peque\u00f1os Estados insulares en desarrollo, que se encuentran entre los primeros en sufrir los efectos del cambio clim\u00e1tico\u201d, afirm\u00f3.<\/p>\n\n\n\n<p>A nivel mundial, los ciclones tropicales han ocasionado, de media, 43&nbsp;v\u00edctimas mortales y 78&nbsp;millones de d\u00f3lares en p\u00e9rdidas cada d\u00eda, adem\u00e1s de entra\u00f1ar una tercera parte de las muertes y las p\u00e9rdidas econ\u00f3micas causadas por desastres relacionados con el tiempo, el clima y el agua, seg\u00fan las&nbsp;<a href=\"https:\/\/library.wmo.int\/index.php?lvl=notice_display&amp;id=21930#.ZCP6cnZByUl\" target=\"_blank\" rel=\"noreferrer noopener\">estad\u00edsticas compiladas por la OMM correspondientes al per\u00edodo de 1970 a 2019<\/a>. Sin embargo, la cantidad de v\u00edctimas mortales debidas a esos fen\u00f3menos ha disminuido dr\u00e1sticamente durante esos 50&nbsp;a\u00f1os gracias a la mejora de los pron\u00f3sticos, los avisos y las medidas de reducci\u00f3n de riesgos de desastre fruto de la coordinaci\u00f3n propiciada por el&nbsp;<a href=\"https:\/\/public.wmo.int\/en\/media\/news\/tropical-cyclone-programme-40-year-review-highlights-success\" target=\"_blank\" rel=\"noreferrer noopener\">Programa de Ciclones Tropicales de la OMM<\/a>.<\/p>\n\n\n\n<p>Como parte de las actividades para poner en marcha la iniciativa Alertas Tempranas para Todos, el Comit\u00e9 de Huracanes acoger\u00e1 una reuni\u00f3n de un grupo de expertos de alto nivel sobre alertas tempranas de huracanes para todos. Su objetivo es velar por que, en el contexto m\u00e1s amplio de la resiliencia ante los desastres, las comunidades m\u00e1s expuestas y vulnerables comprendan los avisos de hurac\u00e1n y adopten las medidas pertinentes.<\/p>\n\n\n\n<p>\u201cLa labor del Comit\u00e9 de Huracanes de la OMM es fundamental para que nuestras naciones obren de forma coordinada mucho antes de que la pr\u00f3xima tormenta constituya una amenaza. Las consecuencias de una sola tormenta pueden afectar a varios pa\u00edses. Por ello es esencial que contemos con un plan, coordinemos las medidas adoptadas y pongamos en com\u00fan los retos y las mejores pr\u00e1cticas\u201d, dijo Jamie Rhome, presidente interino del Comit\u00e9 de Huracanes y director interino del Centro Meteorol\u00f3gico Regional Especializado de la OMM en Miami\/Centro Nacional de Huracanes de los Estados Unidos.<\/p>\n\n\n\n<p>Esta reuni\u00f3n del Comit\u00e9, la primera celebrada de forma presencial desde 2019, ha permitido intensificar la colaboraci\u00f3n de cara a la pr\u00f3xima temporada.<\/p>\n\n\n\n<p>\u201cEstas tormentas suelen producir efectos devastadores en las naciones insulares del Caribe, lo que ocasiona importantes p\u00e9rdidas econ\u00f3micas y de vidas humanas. Gracias a la labor de este comit\u00e9, todos podemos comunicar de forma eficaz y coherente informaci\u00f3n relacionada con estas amenazas a las personas a las que servimos\u201d, explic\u00f3 Arlene Aaron-Morrison, flamante vicepresidenta angloparlante de Trinidad y Tabago y primera mujer que ocupa el cargo. El vicepresidente hispanohablante del comit\u00e9 sigue siendo Jos\u00e9 Rubiera, veterano miembro de este \u00f3rgano procedente de Cuba.<\/p>\n\n\n\n<p>Seg\u00fan se apunta en el&nbsp;<a href=\"https:\/\/www.ipcc.ch\/assessment-report\/ar6\/\" target=\"_blank\" rel=\"noreferrer noopener\">Sexto Informe de Evaluaci\u00f3n<\/a>&nbsp;del Grupo Intergubernamental de Expertos sobre el Cambio Clim\u00e1tico (IPCC), est\u00e1 previsto que, a causa del calentamiento del clima, aumente en todo el planeta la cantidad de ciclones tropicales de gran intensidad (categor\u00eda&nbsp;4 o&nbsp;5), se refuercen sus vientos m\u00e1ximos y se incremente su pluviosidad. Los pa\u00edses en desarrollo y las islas peque\u00f1as se encuentran entre los primeros en sufrir las consecuencias de estos fen\u00f3menos.<\/p>\n\n\n\n<p><strong>Huracanes en 2022<\/strong><\/p>\n\n\n\n<p>La temporada de huracanes en el Atl\u00e1ntico comienza oficialmente el 1 de junio y se prolonga hasta el 30&nbsp;de noviembre. En el Pac\u00edfico nororiental, la temporada comienza antes, el 15 de mayo.<\/p>\n\n\n\n<p>Durante la temporada de huracanes en el Atl\u00e1ntico de 2022 se produjo un total de&nbsp;<a href=\"https:\/\/public.wmo.int\/en\/node\/8447\/tropical-cyclone-naming%29#:~:text=Category%201%20hurricane%20is%20referring,178%2D209%20km%2Fh.\" target=\"_blank\" rel=\"noreferrer noopener\">14&nbsp;tormentas con nombre, con vientos de 63&nbsp;km\/h (39&nbsp;mph) o superiores<\/a>, de las cuales 8 se convirtieron en huracanes, con vientos de 119&nbsp;km\/h (74&nbsp;mph) o superiores. Dos de ellos, Fiona e Ian, se intensificaron hasta convertirse en huracanes de primer orden, cuyos vientos superaron los 178&nbsp;km\/h (111&nbsp;mph), seg\u00fan el balance de final de temporada de la&nbsp;<a href=\"https:\/\/www.noaa.gov\/news-release\/damaging-2022-atlantic-hurricane-season-draws-to-close\" target=\"_blank\" rel=\"noreferrer noopener\">Oficina Nacional de Administraci\u00f3n Oce\u00e1nica y Atmosf\u00e9rica (NOAA) de los Estados Unidos<\/a>.<\/p>\n\n\n\n<p>Durante una temporada de huracanes en la cuenca del Atl\u00e1ntico se producen, de media, 14&nbsp;tormentas con nombre, 7&nbsp;huracanes y 3&nbsp;huracanes de primer orden. La temporada de 2022 fue m\u00e1s tranquila que las de&nbsp;<a href=\"https:\/\/public.wmo.int\/en\/media\/news\/active-2021-atlantic-hurricane-season-officially-ends#:~:text=The%202021%20Atlantic%20hurricane%20season,and%20property%20throughout%20the%20season.\" target=\"_blank\" rel=\"noreferrer noopener\">2020 y 2021<\/a>, ambas tan activas que agotaron los nombres de las listas rotativas ordinarias empleadas para esos a\u00f1os. Pero basta con que una tormenta toque tierra para destrozar comunidades y econom\u00edas.<\/p>\n\n\n\n<p>En la cuenca del Pac\u00edfico oriental, la temporada fue activa y se asign\u00f3 nombre a 17 tormentas, cuando la media es de 15. Diez se convirtieron en huracanes, de los cuales cuatro se intensificaron hasta convertirse en huracanes de primer orden.<\/p>\n\n\n\n<p>En 2022, cuatro huracanes tocaron tierra en la costa mexicana del Pac\u00edfico. Agatha toc\u00f3 tierra en el sureste de M\u00e9xico en mayo, mientras que Kay lo hizo en la pen\u00ednsula de Baja California en septiembre. Orlene y Roslyn llegaron a tierra en el suroeste de M\u00e9xico a finales de septiembre y octubre, respectivamente.<\/p>\n\n\n\n<figure class=\"wp-block-embed is-type-rich is-provider-gestor-del-servicio wp-block-embed-gestor-del-servicio wp-embed-aspect-16-9 wp-has-aspect-ratio\"><div class=\"wp-block-embed__wrapper\">\n<iframe loading=\"lazy\" title=\"WMO\u2019s hurricane committee retires Fiona and Ian from list of names\" width=\"640\" height=\"360\" src=\"https:\/\/www.youtube.com\/embed\/Z6OkM5TVnP4?feature=oembed\" frameborder=\"0\" allow=\"accelerometer; autoplay; clipboard-write; encrypted-media; gyroscope; picture-in-picture; web-share\" referrerpolicy=\"strict-origin-when-cross-origin\" allowfullscreen><\/iframe>\n<\/div><\/figure>\n\n\n\n<p><strong>La Organizaci\u00f3n Meteorol\u00f3gica Mundial es el portavoz autorizado del sistema<br \/>de las de las Naciones Unidas sobre el tiempo, el clima y el agua.<\/strong><\/p>\n\n\n\n<p>public.wmo.int<\/p>\n","protected":false},"excerpt":{"rendered":"<p>San Jos\u00e9 (Costa Rica), 29 de marzo de 2023 (OMM)\u00a0\u2014 A ra\u00edz de la muerte y la destrucci\u00f3n que los huracanes Fiona e Ian causaron en Am\u00e9rica Central, el Caribe, los Estados Unidos de Am\u00e9rica y el Canad\u00e1, el Comit\u00e9 de Huracanes de la Organizaci\u00f3n Meteorol\u00f3gica Mundial (OMM) ha suprimido esos nombres de las listas [&hellip;]<\/p>\n","protected":false},"author":1,"featured_media":143263,"comment_status":"closed","ping_status":"closed","sticky":false,"template":"","format":"standard","meta":{"_acf_changed":false,"_jetpack_memberships_contains_paid_content":false,"footnotes":"","jetpack_publicize_message":"","jetpack_publicize_feature_enabled":true,"jetpack_social_post_already_shared":true,"jetpack_social_options":{"image_generator_settings":{"template":"highway","default_image_id":0,"font":"","enabled":false},"version":2}},"categories":[6],"tags":[],"class_list":["post-143261","post","type-post","status-publish","format-standard","has-post-thumbnail","hentry","category-ecologia"],"acf":[],"jetpack_publicize_connections":[],"jetpack_featured_media_url":"https:\/\/i0.wp.com\/sportseco.com\/wp-content\/uploads\/2023\/03\/cyclone_0.jpg?fit=610%2C343&ssl=1","jetpack_sharing_enabled":true,"_links":{"self":[{"href":"https:\/\/sportseco.com\/index.php?rest_route=\/wp\/v2\/posts\/143261","targetHints":{"allow":["GET"]}}],"collection":[{"href":"https:\/\/sportseco.com\/index.php?rest_route=\/wp\/v2\/posts"}],"about":[{"href":"https:\/\/sportseco.com\/index.php?rest_route=\/wp\/v2\/types\/post"}],"author":[{"embeddable":true,"href":"https:\/\/sportseco.com\/index.php?rest_route=\/wp\/v2\/users\/1"}],"replies":[{"embeddable":true,"href":"https:\/\/sportseco.com\/index.php?rest_route=%2Fwp%2Fv2%2Fcomments&post=143261"}],"version-history":[{"count":1,"href":"https:\/\/sportseco.com\/index.php?rest_route=\/wp\/v2\/posts\/143261\/revisions"}],"predecessor-version":[{"id":143264,"href":"https:\/\/sportseco.com\/index.php?rest_route=\/wp\/v2\/posts\/143261\/revisions\/143264"}],"wp:featuredmedia":[{"embeddable":true,"href":"https:\/\/sportseco.com\/index.php?rest_route=\/wp\/v2\/media\/143263"}],"wp:attachment":[{"href":"https:\/\/sportseco.com\/index.php?rest_route=%2Fwp%2Fv2%2Fmedia&parent=143261"}],"wp:term":[{"taxonomy":"category","embeddable":true,"href":"https:\/\/sportseco.com\/index.php?rest_route=%2Fwp%2Fv2%2Fcategories&post=143261"},{"taxonomy":"post_tag","embeddable":true,"href":"https:\/\/sportseco.com\/index.php?rest_route=%2Fwp%2Fv2%2Ftags&post=143261"}],"curies":[{"name":"wp","href":"https:\/\/api.w.org\/{rel}","templated":true}]}}