{"id":143288,"date":"2023-03-30T14:59:43","date_gmt":"2023-03-30T18:59:43","guid":{"rendered":"https:\/\/sportseco.com\/?p=143288"},"modified":"2023-03-30T14:59:48","modified_gmt":"2023-03-30T18:59:48","slug":"la-afa-se-postula-oficialmente-como-sede-del-mundial-sub-20","status":"publish","type":"post","link":"https:\/\/sportseco.com\/?p=143288","title":{"rendered":"La AFA se postula oficialmente como sede del Mundial Sub 20"},"content":{"rendered":"\n<p>Esta ma\u00f1ana, la Asociaci\u00f3n del F\u00fatbol Argentino present\u00f3 de manera oficial su candidatura para recibir la Copa Mundial de la FIFA Sub 20.<a href=\"https:\/\/www.facebook.com\/sharer\/sharer.php?u=https:\/\/www.afa.com.ar\/es\/posts\/la-afa-se-postula-oficialmente-como-sede-del-mundial-sub-20\"><\/a><\/p>\n\n\n\n<p><a href=\"https:\/\/twitter.com\/home?status=https:\/\/www.afa.com.ar\/es\/posts\/la-afa-se-postula-oficialmente-como-sede-del-mundial-sub-20\"><\/a><\/p>\n\n\n\n<p>Luego de que la FIFA decidiera retirarle\u00a0la sede del Mundial Juvenil Sub 20 a Indonesia, la Asociaci\u00f3n del F\u00fatbol Argentino present\u00f3 hoy por la ma\u00f1ana la candidatura formal para ser el reemplazante del evento juvenil m\u00e1s importante del mundo.<br \/><br \/><br \/>El Presidente Claudio Tapia viajar\u00e1 esta tarde a Paraguay para participar, ma\u00f1ana, del Congreso de Conmebol, y all\u00ed se reunir\u00e1 con el Presidente de la FIFA, Gianni Infantino, y el Presidente de la Confederaci\u00f3n Sudamericana, Alejandro Dom\u00ednguez.\u00a0<\/p>\n\n\n\n<p><\/p>\n\n\n\n<p><\/p>\n\n\n\n<p>afa.com.ar<\/p>\n\n\n\n<p><\/p>\n\n\n\n<p><a href=\"https:\/\/www.afa.com.ar\/es\/posts\/copa-del-mundo-fifa-de-futbol-playa-ya-cuenta-con-nueve-selecciones-clasificadas\"><\/a><\/p>\n","protected":false},"excerpt":{"rendered":"<p>Esta ma\u00f1ana, la Asociaci\u00f3n del F\u00fatbol Argentino present\u00f3 de manera oficial su candidatura para recibir la Copa Mundial de la FIFA Sub 20. Luego de que la FIFA decidiera retirarle\u00a0la sede del Mundial Juvenil Sub 20 a Indonesia, la Asociaci\u00f3n del F\u00fatbol Argentino present\u00f3 hoy por la ma\u00f1ana la candidatura formal para ser el reemplazante [&hellip;]<\/p>\n","protected":false},"author":1,"featured_media":143249,"comment_status":"closed","ping_status":"closed","sticky":false,"template":"","format":"standard","meta":{"_acf_changed":false,"_jetpack_memberships_contains_paid_content":false,"footnotes":"","jetpack_publicize_message":"","jetpack_publicize_feature_enabled":true,"jetpack_social_post_already_shared":true,"jetpack_social_options":{"image_generator_settings":{"template":"highway","default_image_id":0,"font":"","enabled":false},"version":2}},"categories":[5],"tags":[],"class_list":["post-143288","post","type-post","status-publish","format-standard","has-post-thumbnail","hentry","category-futbol"],"acf":[],"jetpack_publicize_connections":[],"jetpack_featured_media_url":"https:\/\/i0.wp.com\/sportseco.com\/wp-content\/uploads\/2023\/03\/webimage-74B44F39-29B2-449E-BB46772F9A677D5C.png?fit=800%2C541&ssl=1","jetpack_sharing_enabled":true,"_links":{"self":[{"href":"https:\/\/sportseco.com\/index.php?rest_route=\/wp\/v2\/posts\/143288","targetHints":{"allow":["GET"]}}],"collection":[{"href":"https:\/\/sportseco.com\/index.php?rest_route=\/wp\/v2\/posts"}],"about":[{"href":"https:\/\/sportseco.com\/index.php?rest_route=\/wp\/v2\/types\/post"}],"author":[{"embeddable":true,"href":"https:\/\/sportseco.com\/index.php?rest_route=\/wp\/v2\/users\/1"}],"replies":[{"embeddable":true,"href":"https:\/\/sportseco.com\/index.php?rest_route=%2Fwp%2Fv2%2Fcomments&post=143288"}],"version-history":[{"count":1,"href":"https:\/\/sportseco.com\/index.php?rest_route=\/wp\/v2\/posts\/143288\/revisions"}],"predecessor-version":[{"id":143289,"href":"https:\/\/sportseco.com\/index.php?rest_route=\/wp\/v2\/posts\/143288\/revisions\/143289"}],"wp:featuredmedia":[{"embeddable":true,"href":"https:\/\/sportseco.com\/index.php?rest_route=\/wp\/v2\/media\/143249"}],"wp:attachment":[{"href":"https:\/\/sportseco.com\/index.php?rest_route=%2Fwp%2Fv2%2Fmedia&parent=143288"}],"wp:term":[{"taxonomy":"category","embeddable":true,"href":"https:\/\/sportseco.com\/index.php?rest_route=%2Fwp%2Fv2%2Fcategories&post=143288"},{"taxonomy":"post_tag","embeddable":true,"href":"https:\/\/sportseco.com\/index.php?rest_route=%2Fwp%2Fv2%2Ftags&post=143288"}],"curies":[{"name":"wp","href":"https:\/\/api.w.org\/{rel}","templated":true}]}}