{"id":143306,"date":"2023-03-30T20:25:35","date_gmt":"2023-03-31T00:25:35","guid":{"rendered":"https:\/\/sportseco.com\/?p=143306"},"modified":"2023-03-30T20:25:38","modified_gmt":"2023-03-31T00:25:38","slug":"autoridades-ambientales-hacen-equipo-para-proteger-el-gran-bosque-pacifico","status":"publish","type":"post","link":"https:\/\/sportseco.com\/?p=143306","title":{"rendered":"Autoridades ambientales hacen equipo para proteger el gran Bosque Pac\u00edfico"},"content":{"rendered":"\n<p><a href=\"https:\/\/www.cali.gov.co\/dagma\/publicaciones\/175025\/autoridades-ambientales-hacen-equipo-para-proteger-el-gran-bosque-pacifico\/#\"><\/a><\/p>\n\n\n\n<p><a href=\"https:\/\/www.cali.gov.co\/dagma\/publicaciones\/175025\/autoridades-ambientales-hacen-equipo-para-proteger-el-gran-bosque-pacifico\/#\"><\/a><\/p>\n\n\n\n<figure class=\"wp-block-image\"><img data-recalc-dims=\"1\" decoding=\"async\" src=\"https:\/\/i0.wp.com\/www.cali.gov.co\/dagma\/publicaciones\/175025\/autoridades-ambientales-hacen-equipo-para-proteger-el-gran-bosque-pacifico\/info\/principal\/media\/pubInt\/thumbs\/thpub_700X400_175025.jpg?w=640&#038;ssl=1\" alt=\"Autoridades ambientales hacen equipo para proteger el gran Bosque Pac\u00edfico\"\/><\/figure>\n\n\n\n<p>Autoridades ambientales realizan operativos conjuntos para controlar el tr\u00e1fico de flora y fauna silvestre y proteger el gran Bosque del Pac\u00edfico.<\/p>\n\n\n\n<p>En lo corrido de 2023, el Departamento Administrativo de Gesti\u00f3n del Medio Ambiente-Dagma, ha aprehendido\u00a0<em>27 metros c\u00fabicos<\/em>\u00a0de\u00a0<em>productos maderables<\/em>\u00a0en sus operativos de inspecci\u00f3n, vigilancia y control (<em>IVC<\/em>) al tr\u00e1fico de flora.<br \/><br \/>Si lo comparamos con los\u00a0<em>17,2 mt<sup>3<\/sup><\/em>\u00a0aprehendidos en todo el 2021, se hace evidente el aumento en el consumo y tr\u00e1fico de especies maderables, que en el caso de Cali provienen, en su gran mayor\u00eda, del litoral Pac\u00edfico colombiano.<br \/><br \/>Con el prop\u00f3sito de controlar esta situaci\u00f3n, la Corporaci\u00f3n Aut\u00f3noma Regional del Valle del Cauca-CVC, la CRC del Cauca, EPA Buenaventura y el Dagma, implementan acciones coordinadas para proteger de la deforestaci\u00f3n a nuestro gran\u00a0<em>Bosque Pac\u00edfico<\/em>.<br \/><br \/>Entre dichas acciones se cuenta la realizada durante las \u00faltimas horas en el CAI forestal del kil\u00f3metro 7, donde adem\u00e1s de controlar el tr\u00e1fico ilegal de flora y fauna silvestre de cara a la temporada de Semana Santa, las autoridades desarrollaron actividades de sensibilizaci\u00f3n y educaci\u00f3n ambiental con los viajeros.<br \/><br \/>Francy Restrepo, directora del Dagma, revel\u00f3 que desde el organismo a su cargo se tienen programados m\u00e1s de\u00a0<em>22 operativos<\/em>\u00a0especiales de control al tr\u00e1fico de flora y fauna silvestre, que se desarrollar\u00e1n en plazas de mercado, entradas a la ciudad, terminales de transporte y centros de peregrinaci\u00f3n.<br \/><br \/>Seg\u00fan la ingeniera, en los primeros operativos, que contaron con el apoyo y acompa\u00f1amiento de la Polic\u00eda Ambiental, los funcionarios del Dagma lograron aprehender carne de especies protegidas y mangle, que establecimientos de comercio ten\u00edan listos para su comercializaci\u00f3n.<br \/><br \/><em>(<strong>Lea tambi\u00e9n:<\/strong>\u00a0<\/em><a rel=\"noreferrer noopener\" href=\"https:\/\/www.cali.gov.co\/dagma\/publicaciones\/174838\/operativos-de-control-al-trafico-de-flora-silvestre-continuan-dando-resultados\/\" target=\"_blank\"><em>Operativos de control al tr\u00e1fico de flora silvestre contin\u00faan dando resultados<\/em><\/a><em>)<\/em><br \/><br \/>Por su parte, Marco Antonio Su\u00e1rez Guti\u00e9rrez, director general de la CVC, tambi\u00e9n reafirm\u00f3 el compromiso de la autoridad ambiental regional con el cuidado y preservaci\u00f3n de los recursos naturales.<br \/><br \/>Anunci\u00f3 que adem\u00e1s de implementar controles al tr\u00e1fico de fauna y flora, la Corporaci\u00f3n Aut\u00f3noma Regional tiene listas\u00a0<em>45 mil palmas<\/em>\u00a0para repartir entre la ciudadan\u00eda, con el prop\u00f3sito de que cale\u00f1os, cale\u00f1as y vallecaucanos no afecten a nuestro\u00a0<em>\u00e1rbol nacional<\/em>.<br \/><br \/>Su\u00e1rez Guti\u00e9rrez revel\u00f3 que en 2023 esta entidad ha realizado m\u00e1s de 30 operativos de control y decomisado 14 mt<sup>3\u00a0<\/sup>de productos maderables de especies protegidas, o que no contaban con salvoconducto para su movilizaci\u00f3n.<br \/><br \/><strong>Para tener en cuenta\u2026<\/strong><br \/>&#8211; En Santiago de Cali hay 42<em>\u00a0empresas forestales<\/em>\u00a0que, por voluntad propia, se vincularon al\u00a0<em>esquema de reconocimiento<\/em>, lo cual le asegura al comprador que la madera comercializada por las mismas tiene una procedencia legal.<br \/><br \/>&#8211; De acuerdo con informaci\u00f3n consignada en los libros de operaciones de las empresas del sector, de los\u00a0<em>43.528 metros c\u00fabicos<\/em>\u00a0de madera consumidas el a\u00f1o anterior en Cali,\u00a0<em>1162\u00a0mt<sup>3<\/sup><\/em>\u00a0eran de la especie\u00a0<em>chanul<\/em>,\u00a0<em>153\u00a0mt<sup>3<\/sup><\/em>\u00a0de\u00a0<em>cedro<\/em>,\u00a0<em>1\u00a0mt<sup>3<\/sup><\/em>\u00a0de\u00a0<em>abarco<\/em>\u00a0y\u00a0<em>10\u00a0mt<sup>3<\/sup><\/em>\u00a0de\u00a0<em>comino crespo<\/em>. Todas estas especies se encuentran en peligro cr\u00edtico de extinci\u00f3n.<\/p>\n\n\n\n<p><\/p>\n\n\n\n<figure class=\"wp-block-image size-full\"><img data-recalc-dims=\"1\" loading=\"lazy\" decoding=\"async\" width=\"600\" height=\"400\" src=\"https:\/\/i0.wp.com\/sportseco.com\/wp-content\/uploads\/2023\/03\/thgaleria_700X400_271687.jpg?resize=600%2C400&#038;ssl=1\" alt=\"\" class=\"wp-image-143308\" srcset=\"https:\/\/i0.wp.com\/sportseco.com\/wp-content\/uploads\/2023\/03\/thgaleria_700X400_271687.jpg?w=600&amp;ssl=1 600w, https:\/\/i0.wp.com\/sportseco.com\/wp-content\/uploads\/2023\/03\/thgaleria_700X400_271687.jpg?resize=300%2C200&amp;ssl=1 300w\" sizes=\"auto, (max-width: 600px) 100vw, 600px\" \/><\/figure>\n\n\n\n<p><br \/><br \/><br \/><br \/><br \/>\u00a0<\/p>\n\n\n\n<p><video controls=\"\" width=\"90%\"><\/video><br \/>Francy Restrepo &#8211; Directora del Dagma<\/p>\n\n\n\n<ul class=\"wp-block-list\">\n<li><a href=\"https:\/\/www.cali.gov.co\/dagma\/publicaciones\/175025\/autoridades-ambientales-hacen-equipo-para-proteger-el-gran-bosque-pacifico\/#\"><\/a><a href=\"https:\/\/www.cali.gov.co\/dagma\/publicaciones\/175025\/autoridades-ambientales-hacen-equipo-para-proteger-el-gran-bosque-pacifico\/#\"><\/a><\/li>\n\n\n\n<li><a href=\"https:\/\/www.cali.gov.co\/dagma\/publicaciones\/175025\/autoridades-ambientales-hacen-equipo-para-proteger-el-gran-bosque-pacifico\/#\"><\/a><a href=\"https:\/\/www.cali.gov.co\/dagma\/publicaciones\/175025\/autoridades-ambientales-hacen-equipo-para-proteger-el-gran-bosque-pacifico\/#\"><\/a><\/li>\n\n\n\n<li><a href=\"https:\/\/www.cali.gov.co\/dagma\/publicaciones\/175025\/autoridades-ambientales-hacen-equipo-para-proteger-el-gran-bosque-pacifico\/#\"><\/a><a href=\"https:\/\/www.cali.gov.co\/dagma\/publicaciones\/175025\/autoridades-ambientales-hacen-equipo-para-proteger-el-gran-bosque-pacifico\/#\"><\/a><\/li>\n\n\n\n<li><a href=\"https:\/\/www.cali.gov.co\/dagma\/publicaciones\/175025\/autoridades-ambientales-hacen-equipo-para-proteger-el-gran-bosque-pacifico\/#\"><\/a><a href=\"https:\/\/www.cali.gov.co\/dagma\/publicaciones\/175025\/autoridades-ambientales-hacen-equipo-para-proteger-el-gran-bosque-pacifico\/#\"><\/a><\/li>\n\n\n\n<li><a href=\"https:\/\/www.cali.gov.co\/dagma\/publicaciones\/175025\/autoridades-ambientales-hacen-equipo-para-proteger-el-gran-bosque-pacifico\/#\"><\/a><a href=\"https:\/\/www.cali.gov.co\/dagma\/publicaciones\/175025\/autoridades-ambientales-hacen-equipo-para-proteger-el-gran-bosque-pacifico\/#\"><\/a><\/li>\n\n\n\n<li><a href=\"https:\/\/www.cali.gov.co\/dagma\/publicaciones\/175025\/autoridades-ambientales-hacen-equipo-para-proteger-el-gran-bosque-pacifico\/#\"><\/a><a href=\"https:\/\/www.cali.gov.co\/dagma\/publicaciones\/175025\/autoridades-ambientales-hacen-equipo-para-proteger-el-gran-bosque-pacifico\/#\"><\/a><\/li>\n\n\n\n<li><a href=\"https:\/\/www.cali.gov.co\/dagma\/publicaciones\/175025\/autoridades-ambientales-hacen-equipo-para-proteger-el-gran-bosque-pacifico\/#\"><\/a><a href=\"https:\/\/www.cali.gov.co\/dagma\/publicaciones\/175025\/autoridades-ambientales-hacen-equipo-para-proteger-el-gran-bosque-pacifico\/#\"><\/a><\/li>\n\n\n\n<li>cali.gov.co<a href=\"https:\/\/www.cali.gov.co\/dagma\/publicaciones\/175025\/autoridades-ambientales-hacen-equipo-para-proteger-el-gran-bosque-pacifico\/#\"><\/a><a href=\"https:\/\/www.cali.gov.co\/dagma\/publicaciones\/175025\/autoridades-ambientales-hacen-equipo-para-proteger-el-gran-bosque-pacifico\/#\"><\/a><\/li>\n<\/ul>\n\n\n\n<p><strong>Le puede interesar\u2026<\/strong><br \/>&#8211;&nbsp;<a href=\"https:\/\/www.cali.gov.co\/dagma\/publicaciones\/168821\/por-buenas-practicas-ambientales-25-empresas-forestales-calenas-lograron-certificacion\/\" target=\"_blank\" rel=\"noreferrer noopener\">Por buenas pr\u00e1cticas ambientales, 25 empresas forestales cale\u00f1as lograron certificaci\u00f3n<\/a><\/p>\n","protected":false},"excerpt":{"rendered":"<p>Autoridades ambientales realizan operativos conjuntos para controlar el tr\u00e1fico de flora y fauna silvestre y proteger el gran Bosque del Pac\u00edfico. En lo corrido de 2023, el Departamento Administrativo de Gesti\u00f3n del Medio Ambiente-Dagma, ha aprehendido\u00a027 metros c\u00fabicos\u00a0de\u00a0productos maderables\u00a0en sus operativos de inspecci\u00f3n, vigilancia y control (IVC) al tr\u00e1fico de flora. Si lo comparamos con [&hellip;]<\/p>\n","protected":false},"author":1,"featured_media":143307,"comment_status":"closed","ping_status":"closed","sticky":false,"template":"","format":"standard","meta":{"_acf_changed":false,"_jetpack_memberships_contains_paid_content":false,"footnotes":"","jetpack_publicize_message":"","jetpack_publicize_feature_enabled":true,"jetpack_social_post_already_shared":true,"jetpack_social_options":{"image_generator_settings":{"template":"highway","default_image_id":0,"font":"","enabled":false},"version":2}},"categories":[6],"tags":[],"class_list":["post-143306","post","type-post","status-publish","format-standard","has-post-thumbnail","hentry","category-ecologia"],"acf":[],"jetpack_publicize_connections":[],"jetpack_featured_media_url":"https:\/\/i0.wp.com\/sportseco.com\/wp-content\/uploads\/2023\/03\/thpub_700X400_175025.jpg?fit=700%2C317&ssl=1","jetpack_sharing_enabled":true,"_links":{"self":[{"href":"https:\/\/sportseco.com\/index.php?rest_route=\/wp\/v2\/posts\/143306","targetHints":{"allow":["GET"]}}],"collection":[{"href":"https:\/\/sportseco.com\/index.php?rest_route=\/wp\/v2\/posts"}],"about":[{"href":"https:\/\/sportseco.com\/index.php?rest_route=\/wp\/v2\/types\/post"}],"author":[{"embeddable":true,"href":"https:\/\/sportseco.com\/index.php?rest_route=\/wp\/v2\/users\/1"}],"replies":[{"embeddable":true,"href":"https:\/\/sportseco.com\/index.php?rest_route=%2Fwp%2Fv2%2Fcomments&post=143306"}],"version-history":[{"count":1,"href":"https:\/\/sportseco.com\/index.php?rest_route=\/wp\/v2\/posts\/143306\/revisions"}],"predecessor-version":[{"id":143309,"href":"https:\/\/sportseco.com\/index.php?rest_route=\/wp\/v2\/posts\/143306\/revisions\/143309"}],"wp:featuredmedia":[{"embeddable":true,"href":"https:\/\/sportseco.com\/index.php?rest_route=\/wp\/v2\/media\/143307"}],"wp:attachment":[{"href":"https:\/\/sportseco.com\/index.php?rest_route=%2Fwp%2Fv2%2Fmedia&parent=143306"}],"wp:term":[{"taxonomy":"category","embeddable":true,"href":"https:\/\/sportseco.com\/index.php?rest_route=%2Fwp%2Fv2%2Fcategories&post=143306"},{"taxonomy":"post_tag","embeddable":true,"href":"https:\/\/sportseco.com\/index.php?rest_route=%2Fwp%2Fv2%2Ftags&post=143306"}],"curies":[{"name":"wp","href":"https:\/\/api.w.org\/{rel}","templated":true}]}}