{"id":143351,"date":"2023-03-31T17:01:00","date_gmt":"2023-03-31T21:01:00","guid":{"rendered":"https:\/\/sportseco.com\/?p=143351"},"modified":"2023-03-31T17:01:04","modified_gmt":"2023-03-31T21:01:04","slug":"el-ecocidio-mas-cerca-de-ser-delito-internacional-en-cpi-tras-la-decision-del-parlamento-europeo","status":"publish","type":"post","link":"https:\/\/sportseco.com\/?p=143351","title":{"rendered":"El ecocidio, m\u00e1s cerca de ser delito internacional en CPI tras la decisi\u00f3n del Parlamento Europeo"},"content":{"rendered":"\n<p id=\"primero\"><strong>Lourdes Uquillas<\/strong><\/p>\n\n\n\n<p><strong>Madrid.- Europa lidera el movimiento global de pa\u00edses que demandan la inclusi\u00f3n de los delitos ambientales como ecocidio tras la aprobaci\u00f3n en el Parlamento Europeo de penalizar con diez a\u00f1os los que causen muerte, un tema que se espera que sea incluido por la Corte Penal Internacional (CPI) como el quinto delito internacional.<\/strong><\/p>\n\n\n\n<h2 class=\"wp-block-heading\">Demandas en Suiza y Francia y consulta a la CJI<\/h2>\n\n\n\n<p>A ello se suman las demandas contra la \u201cinacci\u00f3n clim\u00e1tica gubernamental\u201d interpuesta por ciudadanos de Suiza y Francia y la decisi\u00f3n adoptada por unanimidad en la Asamblea General de Naciones Unidas de realizar una consulta a la Corte de Justicia Internacional (CJI) de La Haya para analizar el grado de cumplimiento de los compromisos internacionales de todos los pa\u00edses miembros.<\/p>\n\n\n\n<figure class=\"wp-block-image\" id=\"attachment_162420\"><img data-recalc-dims=\"1\" height=\"427\" width=\"640\" decoding=\"async\" src=\"https:\/\/i0.wp.com\/efeverde.com\/wp-content\/uploads\/2023\/03\/287d0e07df49062c1480dc69faf156bf241780ecw-1024x683.jpg?resize=640%2C427&#038;ssl=1\" alt=\"\" class=\"wp-image-162420\"\/><figcaption class=\"wp-element-caption\">La directora de Stop Ecocidio Espa\u00f1a, Maite Mompo. EFE\/ Rodrigo Jim\u00e9nez\/ARCHIVO<\/figcaption><\/figure>\n\n\n\n<blockquote class=\"wp-block-quote is-layout-flow wp-block-quote-is-layout-flow\">\n<p>Este paso se produce \u201ccuando se negocia la Directiva europea de Delitos Ambientales\u201d, ha explicado a EFE Maite Momp\u00f3, la directora de la campa\u00f1a en Espa\u00f1a de Stop Ecocidio, movimiento internacional que lidera la inclusi\u00f3n del ecocidio como delito en Europa, con el \u201ctrabajo de muchos parlamentarios y sobre todo el de la eurodiputada francesa Marie Toussaint\u201d.<\/p>\n<\/blockquote>\n\n\n\n<p>Seg\u00fan la Fundaci\u00f3n Stop Ecocidio, fue el primer ministro sueco, Olof Palme, quien en 1972 anot\u00f3 el ecocidio como un problema global durante la Cumbre de la Tierra en Estocolmo al tocar el tema de la Guerra de Vietnam y se habl\u00f3 del mismo durante la redacci\u00f3n del Estatuto de Roma en los a\u00f1os 90, pero qued\u00f3 eliminado por la posici\u00f3n de Estados Unidos, Reino Unido, Francia y Pa\u00edses Bajos.<\/p>\n\n\n\n<p>No obstante, la Fundaci\u00f3n Stop Ecocidio reuni\u00f3 hace dos a\u00f1os al Panel Internacional de Expertos Independientes que defini\u00f3 el ecocidio como \u201cacto il\u00edcito o arbitrario perpetrado a sabiendas de que existe una probabilidad sustancial de que cause da\u00f1os graves que sean extensos o duraderos al medio ambiente\u201d.<\/p>\n\n\n\n<p>Momp\u00f3 ha subrayado \u201cla importancia de la decisi\u00f3n\u201d, porque antes de la aprobaci\u00f3n en el PE, el tema ha pasado \u201cpor cinco comisiones parlamentarias consultivas, y todas corroboraron la inclusi\u00f3n del ecocidio en la directiva de tratamiento de cr\u00edmenes a los delitos ambientales\u201d, en un proceso que ha ido \u201cpaso a paso desde 2022\u201d y que ahora debe pasar por el Consejo y la Comisi\u00f3n europeos.<\/p>\n\n\n\n<p>Adem\u00e1s, seg\u00fan Momp\u00f3, \u201cotro aspecto hist\u00f3rico es que la Asamblea del Consejo de Europa tambi\u00e9n aprob\u00f3 una resoluci\u00f3n en la que se manifestaba a favor de que se codificara el ecocidio en el Derecho nacional e internacional\u201d.<\/p>\n\n\n\n<h2 class=\"wp-block-heading\">A la espera de la decisi\u00f3n del Tr\u00edlogo<\/h2>\n\n\n\n<p>Ha resaltado que, una vez aprobada la inclusi\u00f3n por el Tr\u00edlogo europeo, es decir el Parlamento, el Consejo y la Comisi\u00f3n europeos, \u201cdeber\u00e1 traspasarse a las legislaciones nacionales y a los c\u00f3digos penales de los pa\u00edses de la Uni\u00f3n Europea, \u201cabre un camino\u201d hacia la inclusi\u00f3n como quinto delito internacional por la CPI, y \u201cmuestra as\u00ed su solidaridad\u201d con los pa\u00edses con menos posibilidades de regular estos cr\u00edmenes.<\/p>\n\n\n\n<p>Sobre la posibilidad de que estos delitos se castiguen solo en suelo europeo o se extiendan a pa\u00edses con legislaciones m\u00e1s laxas, donde algunas empresas desarrollan proyectos, Momp\u00f3 ha se\u00f1alado que \u201cdepender\u00e1 de c\u00f3mo se legisle, porque ahora mismo se est\u00e1 revisando el texto de la directiva de Delitos Ambientales, por lo que hay que esperar a ver c\u00f3mo se tipifica\u201d.<\/p>\n\n\n\n<p>Asimismo, la directora de Stop Ecocidio ha alabado la decisi\u00f3n adoptada este mi\u00e9rcoles por unanimidad en la Asamblea General de Naciones Unidas.<\/p>\n\n\n\n<h2 class=\"wp-block-heading\">Abre camino a la inclusi\u00f3n del ecocidio en la CPI<\/h2>\n\n\n\n<p>Por su parte, la diputada de M\u00e1s Pa\u00eds Verdes Equo, In\u00e9s Saban\u00e9s Nadal, ha se\u00f1alado que el estudio en el Tr\u00edlogo, \u201cen principio \u201cpodr\u00eda empezar ya con la actual Presidencia sueca de la UE, pero se podr\u00eda prolongar con la Presidencia espa\u00f1ola, aunque es un tema a\u00fan por confirmar\u201d.<\/p>\n\n\n\n<figure class=\"wp-block-image\" id=\"attachment_162422\"><img data-recalc-dims=\"1\" height=\"428\" width=\"640\" decoding=\"async\" src=\"https:\/\/i0.wp.com\/efeverde.com\/wp-content\/uploads\/2023\/03\/8a0d1644f9f5377ca684be9403ad781d3146620fw-1024x684.jpg?resize=640%2C428&#038;ssl=1\" alt=\"\" class=\"wp-image-162422\"\/><figcaption class=\"wp-element-caption\">La diputada de M\u00e1s Pa\u00eds Verde Equo In\u00e9s Saban\u00e9s Nadal. EFE\/ Kiko Huesca\/ARCHIVO<\/figcaption><\/figure>\n\n\n\n<p>Saban\u00e9s ha dicho que es una \u201cdecisi\u00f3n hist\u00f3rica\u201d, con una \u201cvaloraci\u00f3n extremadamente positiva\u201d, en una resoluci\u00f3n en la que \u201cel Partido Verde Europeo lleva trabajando mucho tiempo\u201d y va a marcar un \u201cantes y un despu\u00e9s en cuanto a la impunidad con la que los delitos ambientales se han ido produciendo\u201d.<\/p>\n\n\n\n<p>El hecho de que \u201cuna acci\u00f3n reiterada, sistem\u00e1tica, intencionada y que puede causar un da\u00f1o permanente al medio ambiente se pueda considerar un delito en t\u00e9rminos penales, va a ser absolutamente disuasorio para actuaciones como el Mar Menor, Do\u00f1ana y otros muchos ejemplos en Espa\u00f1a\u201d, que ponen de \u201cforma reiterada en riesgo espacios de un enorme valor\u201d.<\/p>\n\n\n\n<p>La diputada ha incidido en la importancia de que el Gobierno de Espa\u00f1a y el resto de gobiernos europeos apoyen la decisi\u00f3n del PE para incluirlo en la Directiva de delitos ambientales y ha advertido de que desde su partido van a insistir para que Espa\u00f1a apruebe la propuesta.<\/p>\n\n\n\n<p>Adem\u00e1s, esta decisi\u00f3n del PE tiene que \u201cafectar positivamente a la otra l\u00ednea de actuaci\u00f3n que es la de la CPI\u201d, ha aseverado. EFEverde<\/p>\n","protected":false},"excerpt":{"rendered":"<p>Lourdes Uquillas Madrid.- Europa lidera el movimiento global de pa\u00edses que demandan la inclusi\u00f3n de los delitos ambientales como ecocidio tras la aprobaci\u00f3n en el Parlamento Europeo de penalizar con diez a\u00f1os los que causen muerte, un tema que se espera que sea incluido por la Corte Penal Internacional (CPI) como el quinto delito internacional. [&hellip;]<\/p>\n","protected":false},"author":1,"featured_media":143352,"comment_status":"closed","ping_status":"closed","sticky":false,"template":"","format":"standard","meta":{"_acf_changed":false,"_jetpack_memberships_contains_paid_content":false,"footnotes":"","jetpack_publicize_message":"","jetpack_publicize_feature_enabled":true,"jetpack_social_post_already_shared":true,"jetpack_social_options":{"image_generator_settings":{"template":"highway","default_image_id":0,"font":"","enabled":false},"version":2}},"categories":[6],"tags":[],"class_list":["post-143351","post","type-post","status-publish","format-standard","has-post-thumbnail","hentry","category-ecologia"],"acf":[],"jetpack_publicize_connections":[],"jetpack_featured_media_url":"https:\/\/i0.wp.com\/sportseco.com\/wp-content\/uploads\/2023\/03\/d80a886656c532985fa0cc8e12d6f4331246eeef-scaled-1-2048x1152-1.webp?fit=1920%2C1080&ssl=1","jetpack_sharing_enabled":true,"_links":{"self":[{"href":"https:\/\/sportseco.com\/index.php?rest_route=\/wp\/v2\/posts\/143351","targetHints":{"allow":["GET"]}}],"collection":[{"href":"https:\/\/sportseco.com\/index.php?rest_route=\/wp\/v2\/posts"}],"about":[{"href":"https:\/\/sportseco.com\/index.php?rest_route=\/wp\/v2\/types\/post"}],"author":[{"embeddable":true,"href":"https:\/\/sportseco.com\/index.php?rest_route=\/wp\/v2\/users\/1"}],"replies":[{"embeddable":true,"href":"https:\/\/sportseco.com\/index.php?rest_route=%2Fwp%2Fv2%2Fcomments&post=143351"}],"version-history":[{"count":1,"href":"https:\/\/sportseco.com\/index.php?rest_route=\/wp\/v2\/posts\/143351\/revisions"}],"predecessor-version":[{"id":143353,"href":"https:\/\/sportseco.com\/index.php?rest_route=\/wp\/v2\/posts\/143351\/revisions\/143353"}],"wp:featuredmedia":[{"embeddable":true,"href":"https:\/\/sportseco.com\/index.php?rest_route=\/wp\/v2\/media\/143352"}],"wp:attachment":[{"href":"https:\/\/sportseco.com\/index.php?rest_route=%2Fwp%2Fv2%2Fmedia&parent=143351"}],"wp:term":[{"taxonomy":"category","embeddable":true,"href":"https:\/\/sportseco.com\/index.php?rest_route=%2Fwp%2Fv2%2Fcategories&post=143351"},{"taxonomy":"post_tag","embeddable":true,"href":"https:\/\/sportseco.com\/index.php?rest_route=%2Fwp%2Fv2%2Ftags&post=143351"}],"curies":[{"name":"wp","href":"https:\/\/api.w.org\/{rel}","templated":true}]}}