{"id":143396,"date":"2023-04-01T16:51:05","date_gmt":"2023-04-01T20:51:05","guid":{"rendered":"https:\/\/sportseco.com\/?p=143396"},"modified":"2023-04-01T16:51:10","modified_gmt":"2023-04-01T20:51:10","slug":"en-el-estreno-de-tuchel-el-bayern-reconquista-el-liderato-de-la-tabla","status":"publish","type":"post","link":"https:\/\/sportseco.com\/?p=143396","title":{"rendered":"En el estreno de Tuchel: el Bayern reconquista el liderato de la tabla"},"content":{"rendered":"\n<ul class=\"wp-block-list\">\n<li><strong>El Bayern brilla en el partido en la cumbre<\/strong><\/li>\n\n\n\n<li><strong>Doblete de M\u00fcller<\/strong><\/li>\n\n\n\n<li><strong>Acci\u00f3n contra el racismo<\/strong><\/li>\n<\/ul>\n\n\n\n<p>\u00a1El FC Bayern vuelve a ser el n\u00famero 1! El campe\u00f3n r\u00e9cord alem\u00e1n se impuso al Borussia Dortmund por 4-2 (3-0) en el partido por el primer puesto de la Bundesliga y recuper\u00f3 as\u00ed el liderato de la clasificaci\u00f3n. En el primer partido del nuevo entrenador Thomas Tuchel, el portero del BVB Gregor Kobel marc\u00f3 un gol en propia puerta (minuto 13) y Thomas M\u00fcller (18&#8217;\/23&#8242;) fue el responsable de los goles ya en la primera parte. Tras el intercambio de campos, Kingsley Coman (50&#8242;) decidi\u00f3 finalmente el partido del s\u00e1bado por la tarde en el Allianz Arena para el FCB. Emre Can marc\u00f3 de penalti (71&#8242;) y Donyell Malen (90&#8242;) para maquillar el resultado. Tras 26 jornadas, el Bayern suma&nbsp; 55 puntos y&nbsp;aventaja en dos al Dortmund.<\/p>\n\n\n\n<figure class=\"wp-block-image\"><img data-recalc-dims=\"1\" decoding=\"async\" src=\"https:\/\/i0.wp.com\/img.fcbayern.com\/image\/upload\/t_cms-16x9\/f_auto\/w_1600%2Cc_fill\/q_auto\/v1680371530\/cms\/public\/images\/fcbayern-com\/homepage\/Saison-22-23\/Galerien\/Spiele\/FCB-BVB\/18-fcb-bvb-010423-ima.jpg?w=640&#038;ssl=1\" alt=\"18-fcb-bvb-010423-ima\" title=\"De vuelta a la cima: Thomas Tuchel celebr\u00f3 su primer triunfo en su debut en casa.\"\/><figcaption class=\"wp-element-caption\">De vuelta a la cima: Thomas Tuchel celebr\u00f3 su primer triunfo en su debut en casa.<\/figcaption><\/figure>\n\n\n\n<h2 class=\"wp-block-heading\">Unidos contra el racismo<\/h2>\n\n\n\n<p>El FC Bayern y el Borussia Dortmund enviaron una se\u00f1al conjunta antes del partido en la cumbre de la Bundesliga:<\/p>\n\n\n\n<p><a href=\"https:\/\/fcbayern.com\/es\/noticias\/2023\/04\/fc-bayern-y-bvb-senales-conjuntas-contra-el-racismo\"><\/a><\/p>\n\n\n\n<p><a href=\"https:\/\/fcbayern.com\/es\/noticias\/2023\/04\/fc-bayern-y-bvb-senales-conjuntas-contra-el-racismo\"><\/a><\/p>\n\n\n\n<p><a href=\"https:\/\/fcbayern.com\/es\/noticias\/2023\/04\/fc-bayern-y-bvb-senales-conjuntas-contra-el-racismo\"><\/a><\/p>\n\n\n\n<figure class=\"wp-block-image\"><a href=\"https:\/\/fcbayern.com\/es\/noticias\/2023\/04\/fc-bayern-y-bvb-senales-conjuntas-contra-el-racismo\"><img data-recalc-dims=\"1\" decoding=\"async\" src=\"https:\/\/i0.wp.com\/img.fcbayern.com\/image\/upload\/t_cms-16x9\/f_auto\/w_800%2Cc_fill\/q_auto\/v1680366873\/cms\/public\/images\/fcbayern-com\/homepage\/Saison-22-23\/Galerien\/Spiele\/FCB-BVB\/01-fcb-bvb-010423-mel.jpg?w=640&#038;ssl=1\" alt=\"Roja contra el Racismo FC Bayern Borussia Dortmund\" title=\"\"\/><\/a><\/figure>\n\n\n\n<p><a href=\"https:\/\/fcbayern.com\/es\/noticias\/2023\/04\/fc-bayern-y-bvb-senales-conjuntas-contra-el-racismo\"><\/a><\/p>\n\n\n\n<p><a href=\"https:\/\/fcbayern.com\/es\/noticias\/2023\/04\/fc-bayern-y-bvb-senales-conjuntas-contra-el-racismo\">ANTES DEL PARTIDAZO<\/a><\/p>\n\n\n\n<p><a href=\"https:\/\/fcbayern.com\/es\/noticias\/2023\/04\/fc-bayern-y-bvb-senales-conjuntas-contra-el-racismo\">13:30 GMT-4<\/a><\/p>\n\n\n\n<h3 class=\"wp-block-heading\"><a href=\"https:\/\/fcbayern.com\/es\/noticias\/2023\/04\/fc-bayern-y-bvb-senales-conjuntas-contra-el-racismo\">FC Bayern y BVB, con se\u00f1ales conjuntas contra el racismo<\/a><\/h3>\n\n\n\n<p><em>Hemos resumido en pocas palabras las jugadas m\u00e1s importantes del partido:<\/em><\/p>\n\n\n\n<h2 class=\"wp-block-heading\">Minuto 13: \u00a1Se abre el marcador! El inocuo pase de Upamecano acaba en la red<\/h2>\n\n\n\n<figure class=\"wp-block-image\"><img data-recalc-dims=\"1\" decoding=\"async\" src=\"https:\/\/i0.wp.com\/img.fcbayern.com\/image\/upload\/t_cms-16x9\/f_auto\/w_1600%2Cc_fill\/q_auto\/v1680370021\/cms\/public\/images\/fcbayern-com\/homepage\/Saison-22-23\/Galerien\/Spiele\/FCB-BVB\/04-fcb-bvb-010423-ima.jpg?w=640&#038;ssl=1\" alt=\"04-fcb-bvb-010423-ima\" title=\"\"\/><\/figure>\n\n\n\n<p>\u00a11-0 para el FC Bayern! Qu\u00e9 jugada: Despu\u00e9s de que el BVB hubiera marcado la pauta al principio, Dayot Upamecano jug\u00f3 un pase en profundidad hacia la trayectoria de Leroy San\u00e9. El guardameta del Dortmund, Gregor Kobel sali\u00f3 e intent\u00f3 despejar el bal\u00f3n, pero no acert\u00f3 a despejar correctamente y el bal\u00f3n entr\u00f3 en la red.<\/p>\n\n\n\n<h2 class=\"wp-block-heading\">Minuto 18: Segundo disparo, segundo gol \u2013 \u00a1M\u00fcller!<\/h2>\n\n\n\n<figure class=\"wp-block-image\"><img data-recalc-dims=\"1\" decoding=\"async\" src=\"https:\/\/i0.wp.com\/img.fcbayern.com\/image\/upload\/t_cms-16x9\/f_auto\/w_1600%2Cc_fill\/q_auto\/v1680370260\/cms\/public\/images\/fcbayern-com\/homepage\/Saison-22-23\/Galerien\/Spiele\/FCB-BVB\/07-fcb-bvb-010423-ima.jpg?w=640&#038;ssl=1\" alt=\"07-fcb-bvb-010423-ima\" title=\"\"\/><\/figure>\n\n\n\n<p>Goooooooool para los campeones r\u00e9cord: \u00a1fue genial! Tras un saque de esquina, el formidable Matthijs de Ligt se elev\u00f3 en el aire y cabece\u00f3 el bal\u00f3n al segundo palo. Una vez m\u00e1s, M\u00fcller estaba en el lugar adecuado y empuj\u00f3 el bal\u00f3n sobre la l\u00ednea.<\/p>\n\n\n\n<h2 class=\"wp-block-heading\">Minuto 23: Un furioso Bayern aumenta a 3-0 \u2013 de nuevo M\u00fcller<\/h2>\n\n\n\n<figure class=\"wp-block-image\"><img data-recalc-dims=\"1\" decoding=\"async\" src=\"https:\/\/i0.wp.com\/img.fcbayern.com\/image\/upload\/t_cms-16x9\/f_auto\/w_1600%2Cc_fill\/q_auto\/v1680370001\/cms\/public\/images\/fcbayern-com\/homepage\/Saison-22-23\/Galerien\/Spiele\/FCB-BVB\/10-fcb-bvb-010423-mel.jpg?w=640&#038;ssl=1\" alt=\"10-fcb-bvb-010423-mel\" title=\"\"\/><\/figure>\n\n\n\n<p>\u00a1Una locura! \u00a13-0, TRES A CERO despu\u00e9s de 23 minutos! Despu\u00e9s del tercer gol, nadie en el estadio pudo mantenerse en sus asientos. Tras un disparo lejano de San\u00e9, Kobel s\u00f3lo pudo despejar el bal\u00f3n, M\u00fcller se lo agradeci\u00f3 y le bati\u00f3 con la zurda.<\/p>\n\n\n\n<h2 class=\"wp-block-heading\">Minuto 50: El buen pie de San\u00e9, Coman por cuarta vez<\/h2>\n\n\n\n<figure class=\"wp-block-image\"><img data-recalc-dims=\"1\" decoding=\"async\" src=\"https:\/\/i0.wp.com\/img.fcbayern.com\/image\/upload\/t_cms-16x9\/f_auto\/w_1600%2Cc_fill\/q_auto\/v1680371435\/cms\/public\/images\/fcbayern-com\/homepage\/Saison-22-23\/Galerien\/Spiele\/FCB-BVB\/19-fcb-bvb-010423-ima.jpg?w=640&#038;ssl=1\" alt=\"19-fcb-bvb-010423-ima\" title=\"\"\/><\/figure>\n\n\n\n<p>\u00a1Y otro gol para el equipo de Tuchel! Los muniqueses siguieron dominando las acciones a placer y, adem\u00e1s de su clase futbol\u00edstica, impresionaron especialmente por su esp\u00edritu de lucha y su eficacia. San\u00e9 dispuso de mucho espacio en la banda derecha y puso un centro fant\u00e1stico para Coman, que puso art\u00edsticamente el 4-0 en el marcador con la zurda.<\/p>\n\n\n\n<h2 class=\"wp-block-heading\">Minuto 73: Can recorta de penalti<\/h2>\n\n\n\n<figure class=\"wp-block-image\"><img data-recalc-dims=\"1\" decoding=\"async\" src=\"https:\/\/i0.wp.com\/img.fcbayern.com\/image\/upload\/t_cms-16x9\/f_auto\/w_1600%2Cc_fill\/q_auto\/v1680372418\/cms\/public\/images\/fcbayern-com\/homepage\/Saison-22-23\/Galerien\/Spiele\/FCB-BVB\/24-fcb-bvb-010423-get.jpg?w=640&#038;ssl=1\" alt=\"24-fcb-bvb-010423-get\" title=\"\"\/><\/figure>\n\n\n\n<p>Despu\u00e9s de que el equipo muniqu\u00e9s desperdiciara numerosas buenas oportunidades de marcar el 5-0, el BVB dispuso de un penalti en el otro lado despu\u00e9s de que Serge Gnabry derribara a Jude Bellingham. Can convirti\u00f3 a media altura para hacer el 4-1.<\/p>\n\n\n\n<h2 class=\"wp-block-heading\">Minuto 83: Musiala casi pone el punto final<\/h2>\n\n\n\n<figure class=\"wp-block-image\"><img data-recalc-dims=\"1\" decoding=\"async\" src=\"https:\/\/i0.wp.com\/img.fcbayern.com\/image\/upload\/t_cms-16x9\/f_auto\/w_1600%2Cc_fill\/q_auto\/v1680372893\/cms\/public\/images\/fcbayern-com\/homepage\/Saison-22-23\/Galerien\/Spiele\/FCB-BVB\/26-fcb-bvb-010423-mel.jpg?w=640&#038;ssl=1\" alt=\"26-fcb-bvb-010423-mel\" title=\"\"\/><\/figure>\n\n\n\n<p>El suplente Jamal Musialas realiz\u00f3 una gran jugada: el torbellino dej\u00f3 plantado a su adversario, pero el defensa del BVB Mats Hummels pudo detenerlo en el \u00faltimo momento.<\/p>\n\n\n\n<h2 class=\"wp-block-heading\">Minuto 90: Malen pone el 4-2<\/h2>\n\n\n\n<p>Malen, extremo del BVB, atraves\u00f3 la defensa del FCB y marc\u00f3 por el palo largo el 4-2 definitivo. Al final, sin embargo, el FC Bayern obtuvo una merecida victoria en casa. Se recuper\u00f3 con \u00e9xito el liderato de la liga.<\/p>\n\n\n\n<p><em>Aqu\u00ed encontrar\u00e1 las mejores im\u00e1genes del partido:<\/em><\/p>\n\n\n\n<ul class=\"wp-block-list\">\n<li><a href=\"https:\/\/fcbayern.com\/es\/matches\/profis\/bundesliga\/2022-2023\/fc-bayern-muenchen-borussia-dortmund-01-04-2023\/gallery\"><\/a><\/li>\n\n\n\n<li><a href=\"https:\/\/fcbayern.com\/es\/matches\/profis\/bundesliga\/2022-2023\/fc-bayern-muenchen-borussia-dortmund-01-04-2023\/gallery\"><\/a><\/li>\n\n\n\n<li><a href=\"https:\/\/fcbayern.com\/es\/matches\/profis\/bundesliga\/2022-2023\/fc-bayern-muenchen-borussia-dortmund-01-04-2023\/gallery\"><\/a><\/li>\n\n\n\n<li><a href=\"https:\/\/fcbayern.com\/es\/matches\/profis\/bundesliga\/2022-2023\/fc-bayern-muenchen-borussia-dortmund-01-04-2023\/gallery\">+24<\/a><\/li>\n<\/ul>\n\n\n\n<h3 class=\"wp-block-heading\">FC Bayern &#8211; Borussia Dortmund 4-2 (3-0)<\/h3>\n\n\n\n<p>FC Bayern<\/p>\n\n\n\n<p>Sommer \u2013 Pavard, Upamecano, de Ligt, Davies (79&#8242; Jo\u00e3o Cancelo) \u2013 Kimmich, Goretzka (86&#8242; Gravenberch) \u2013 San\u00e9, M\u00fcller (69&#8242; Gnabry), Coman (79&#8242; Musiala) \u2013 Choupo-Moting (69&#8242; Man\u00e9).<\/p>\n\n\n\n<p>Cambios<\/p>\n\n\n\n<p>Ulreich &#8211; Blind, Mazraoui, Stani\u0161i\u0107.<\/p>\n\n\n\n<p>Borussia Dortmund<\/p>\n\n\n\n<p>Kobel &#8211; Wolf, S\u00fcle, Schlotterbeck (44&#8242; Hummels), Ryerson (46&#8242; \u00d6zcan) &#8211; Bellingham, Can, Guerreiro &#8211; Brandt (46&#8242; Malen), Reus (61&#8242; Dahoud) &#8211; Haller (61&#8242; Moukoko).<\/p>\n\n\n\n<p>Cambios<\/p>\n\n\n\n<p>Meyer &#8211; Adeyemi, Bynoe-Gittens, Modeste.<\/p>\n\n\n\n<p>\u00c1rbitro<\/p>\n\n\n\n<p>Marco Fritz (Korb)<\/p>\n\n\n\n<p>Asistencia<\/p>\n\n\n\n<p>75.000 (lleno)<\/p>\n\n\n\n<p>Goles<\/p>\n\n\n\n<p>1-0 Kobel (13&#8217;\/propia meta), 2-0 M\u00fcller (18&#8242;), 3-0 M\u00fcller (23&#8242;), 4-0 Coman (50&#8242;), 4-1 Can (71&#8217;\/penalti), 4-2 Malen (90&#8242;)<\/p>\n\n\n\n<p>Tarjetas amarillas<\/p>\n\n\n\n<p>Upamecano \/ Can<\/p>\n\n\n\n<p><\/p>\n\n\n\n<p>fcbayern.com<\/p>\n","protected":false},"excerpt":{"rendered":"<p>\u00a1El FC Bayern vuelve a ser el n\u00famero 1! El campe\u00f3n r\u00e9cord alem\u00e1n se impuso al Borussia Dortmund por 4-2 (3-0) en el partido por el primer puesto de la Bundesliga y recuper\u00f3 as\u00ed el liderato de la clasificaci\u00f3n. En el primer partido del nuevo entrenador Thomas Tuchel, el portero del BVB Gregor Kobel marc\u00f3 [&hellip;]<\/p>\n","protected":false},"author":1,"featured_media":143397,"comment_status":"closed","ping_status":"closed","sticky":false,"template":"","format":"standard","meta":{"_acf_changed":false,"_jetpack_memberships_contains_paid_content":false,"footnotes":"","jetpack_publicize_message":"","jetpack_publicize_feature_enabled":true,"jetpack_social_post_already_shared":true,"jetpack_social_options":{"image_generator_settings":{"template":"highway","default_image_id":0,"font":"","enabled":false},"version":2}},"categories":[5],"tags":[],"class_list":["post-143396","post","type-post","status-publish","format-standard","has-post-thumbnail","hentry","category-futbol"],"acf":[],"jetpack_publicize_connections":[],"jetpack_featured_media_url":"https:\/\/i0.wp.com\/sportseco.com\/wp-content\/uploads\/2023\/04\/Screenshot-2023-04-01-at-4.49.47-PM.png?fit=1604%2C898&ssl=1","jetpack_sharing_enabled":true,"_links":{"self":[{"href":"https:\/\/sportseco.com\/index.php?rest_route=\/wp\/v2\/posts\/143396","targetHints":{"allow":["GET"]}}],"collection":[{"href":"https:\/\/sportseco.com\/index.php?rest_route=\/wp\/v2\/posts"}],"about":[{"href":"https:\/\/sportseco.com\/index.php?rest_route=\/wp\/v2\/types\/post"}],"author":[{"embeddable":true,"href":"https:\/\/sportseco.com\/index.php?rest_route=\/wp\/v2\/users\/1"}],"replies":[{"embeddable":true,"href":"https:\/\/sportseco.com\/index.php?rest_route=%2Fwp%2Fv2%2Fcomments&post=143396"}],"version-history":[{"count":1,"href":"https:\/\/sportseco.com\/index.php?rest_route=\/wp\/v2\/posts\/143396\/revisions"}],"predecessor-version":[{"id":143398,"href":"https:\/\/sportseco.com\/index.php?rest_route=\/wp\/v2\/posts\/143396\/revisions\/143398"}],"wp:featuredmedia":[{"embeddable":true,"href":"https:\/\/sportseco.com\/index.php?rest_route=\/wp\/v2\/media\/143397"}],"wp:attachment":[{"href":"https:\/\/sportseco.com\/index.php?rest_route=%2Fwp%2Fv2%2Fmedia&parent=143396"}],"wp:term":[{"taxonomy":"category","embeddable":true,"href":"https:\/\/sportseco.com\/index.php?rest_route=%2Fwp%2Fv2%2Fcategories&post=143396"},{"taxonomy":"post_tag","embeddable":true,"href":"https:\/\/sportseco.com\/index.php?rest_route=%2Fwp%2Fv2%2Ftags&post=143396"}],"curies":[{"name":"wp","href":"https:\/\/api.w.org\/{rel}","templated":true}]}}