{"id":144537,"date":"2023-04-23T13:57:37","date_gmt":"2023-04-23T17:57:37","guid":{"rendered":"https:\/\/sportseco.com\/?p=144537"},"modified":"2023-04-23T13:57:41","modified_gmt":"2023-04-23T17:57:41","slug":"evenepoel-llega-en-colores-a-lieja-delicada-lesion-de-pogacar","status":"publish","type":"post","link":"https:\/\/sportseco.com\/?p=144537","title":{"rendered":"Evenepoel llega en colores a Lieja. delicada lesion de Pogacar"},"content":{"rendered":"\n<p>2 de 2. Tras su victoria en su primera aparici\u00f3n en La Doyenne el a\u00f1o pasado, el actual campe\u00f3n mundial Remco Evenepoel gan\u00f3 su segunda Lieja-Basto\u00f1a-Lieja consecutiva. Despu\u00e9s de un primer ataque en la C\u00f4te de la Redoute, el ciclista belga sac\u00f3 a su \u00faltimo rival Tom Pidcock (Ineos Grenadiers) de su rueda con 30 kil\u00f3metros para el final y se dirigi\u00f3 en solitario hasta el Quai des Ardennes. Es la cuarta vez en la historia de la carrera que un campe\u00f3n mundial sella victorias consecutivas, la segunda con el maillot arco\u00edris, despu\u00e9s de Ferdi K\u00fcbler (1952), Eddy Merckx (1972) y Moreno Argentin (1987). Adem\u00e1s de eso, este fue el primer triunfo de Evenepoel con el maillot arco\u00edris antes mencionado. Pidcock fue segundo en la l\u00ednea de meta, con Santiago Buitrago de Bahrain Victorious en tercer lugar para reclamar el primer podio de Colombia en La Doyenne. En una nota triste, el tan esperado duelo entre Evenepoel y Tadej Pogacar del UAE Team Emirates no tuvo lugar ya que el ciclista esloveno se estrell\u00f3 en el kil\u00f3metro 84,5 de la carrera y sufri\u00f3 fracturas en el escafoides izquierdo y los huesos semilunares.<\/p>\n\n\n\n<p>Pogacar se estrella antes de llegar a Bastogne<\/p>\n\n\n\n<p>Con la escapada construyendo una brecha tan grande como 4&#8217;55 \u00abpor el kil\u00f3metro 46 y un notable viento en contra, el grupo aparentemente estaba listo para un viaje tranquilo a Bastogne antes de emprender el camino monta\u00f1oso de regreso al Quai des Ardennes de Lieja. Desafortunadamente, Tadej Pogacar (UAE Team Emirates) se cay\u00f3 de la carrera junto con Mikkel Honore (EF Education-EasyPost) en el kil\u00f3metro 84,5, dejando a La Doyenne sin uno de sus dos principales favoritos. El piloto esloveno ha sufrido una lesi\u00f3n en la mu\u00f1eca como consecuencia de la citada ca\u00edda.<\/p>\n\n\n\n<p>Escapada bajo control<\/p>\n\n\n\n<p>Bora-Hansgrohe y EF Education-EasyPost cooperaron con Soudal-Quick Step para controlar la escapada, que ten\u00eda una ventaja de 3\u201900\u201d con 100 kil\u00f3metros para el final. A medida que las subidas comenzaron a acumularse, el grupo de cabeza se redujo a solo cinco ciclistas: Osborne, Van den Berg, Zimmermann, Velasco y Ourselin. Detr\u00e1s, Jan Tratnik de Jumbo-Visma se alej\u00f3 del grupo en la base de la C\u00f4te de Wanne (km 173,1), con Valentin Madouas de Groupama-FDJ y Magnus Sheffield de Ineos Grenadiers tratando de seguirlo, pero fallando. El corredor esloveno volvi\u00f3 a la fuga a 65 kil\u00f3metros del final, cuando el pelot\u00f3n hab\u00eda rebajado la ventaja de la cabeza de carrera a 1\u201915\u201d y empez\u00f3 a llover sobre la caravana de carrera.<\/p>\n\n\n\n<p>Evenepoel despega<\/p>\n\n\n\n<p>A pesar de varios ataques de Bauke Mollema (Trek-Segafredo) o Pavel Sivakov (Ineos Grenadiers), Soudal-Quick Step mantuvo el control de la carrera, reduciendo el pelot\u00f3n a 40 corredores por la base de la C\u00f4te de la Redoute (km 224,2). Fue en esta subida que los dos \u00faltimos ciclistas que quedaban en la parte delantera, Tratnik y Velasco, se recuperaron. A solo 300 metros de la cima, Evenepoel despeg\u00f3 de la rueda de su compa\u00f1ero de equipo Ilan van Wilder. Su aceleraci\u00f3n solo fue igualada por Tom Pidcock (Ineos Grenadiers). Con 30 kil\u00f3metros para el final, en la C\u00f4te de Cornemont, Evenepoel simplemente sac\u00f3 a Pidcock de su rueda, allanando el camino para una primera victoria con el maillot arco\u00edris.<\/p>\n\n\n\n<p>Pidcock, Buitrago y Healy fueron los mejores del resto<\/p>\n\n\n\n<p>El actual campe\u00f3n del mundo construy\u00f3 r\u00e1pidamente una ventaja notable, marcando una brecha de 1&#8217;10 \u00aben la cima de la C\u00f4te des Forges (km 234,8). A partir de ah\u00ed, fue una carrera por el podio entre sus rivales. Ben Healy (EF Education-EasyPost) y Santiago Buitrago (Bahrain Victorious) lograron alejarse de un grupo de 20 personas durante la subida a la C\u00f4te de la Roche-aux-Faucons (km 243,8), mientras que Pidcock se uni\u00f3 a ellos poco despu\u00e9s. despu\u00e9s. Evenepoel lleg\u00f3 a la meta con tiempo para saborear y celebrar su segunda victoria consecutiva en Lieja-Basto\u00f1a-Lieja. Mientras tanto, Pidcock y Buitrago sacaron lo mejor de Healy para ganar sus lugares en el podio, completando un top3 con tres ciclistas de 23 a\u00f1os.<\/p>\n\n\n\n<p><\/p>\n\n\n\n<p>liege-bastogne-liege.be<\/p>\n","protected":false},"excerpt":{"rendered":"<p>2 de 2. Tras su victoria en su primera aparici\u00f3n en La Doyenne el a\u00f1o pasado, el actual campe\u00f3n mundial Remco Evenepoel gan\u00f3 su segunda Lieja-Basto\u00f1a-Lieja consecutiva. Despu\u00e9s de un primer ataque en la C\u00f4te de la Redoute, el ciclista belga sac\u00f3 a su \u00faltimo rival Tom Pidcock (Ineos Grenadiers) de su rueda con 30 [&hellip;]<\/p>\n","protected":false},"author":1,"featured_media":144538,"comment_status":"closed","ping_status":"closed","sticky":false,"template":"","format":"standard","meta":{"_acf_changed":false,"_jetpack_memberships_contains_paid_content":false,"footnotes":"","jetpack_publicize_message":"","jetpack_publicize_feature_enabled":true,"jetpack_social_post_already_shared":true,"jetpack_social_options":{"image_generator_settings":{"template":"highway","default_image_id":0,"font":"","enabled":false},"version":2}},"categories":[14],"tags":[],"class_list":["post-144537","post","type-post","status-publish","format-standard","has-post-thumbnail","hentry","category-ciclismo"],"acf":[],"jetpack_publicize_connections":[],"jetpack_featured_media_url":"https:\/\/i0.wp.com\/sportseco.com\/wp-content\/uploads\/2023\/04\/914e8.jpeg?fit=1000%2C666&ssl=1","jetpack_sharing_enabled":true,"_links":{"self":[{"href":"https:\/\/sportseco.com\/index.php?rest_route=\/wp\/v2\/posts\/144537","targetHints":{"allow":["GET"]}}],"collection":[{"href":"https:\/\/sportseco.com\/index.php?rest_route=\/wp\/v2\/posts"}],"about":[{"href":"https:\/\/sportseco.com\/index.php?rest_route=\/wp\/v2\/types\/post"}],"author":[{"embeddable":true,"href":"https:\/\/sportseco.com\/index.php?rest_route=\/wp\/v2\/users\/1"}],"replies":[{"embeddable":true,"href":"https:\/\/sportseco.com\/index.php?rest_route=%2Fwp%2Fv2%2Fcomments&post=144537"}],"version-history":[{"count":1,"href":"https:\/\/sportseco.com\/index.php?rest_route=\/wp\/v2\/posts\/144537\/revisions"}],"predecessor-version":[{"id":144539,"href":"https:\/\/sportseco.com\/index.php?rest_route=\/wp\/v2\/posts\/144537\/revisions\/144539"}],"wp:featuredmedia":[{"embeddable":true,"href":"https:\/\/sportseco.com\/index.php?rest_route=\/wp\/v2\/media\/144538"}],"wp:attachment":[{"href":"https:\/\/sportseco.com\/index.php?rest_route=%2Fwp%2Fv2%2Fmedia&parent=144537"}],"wp:term":[{"taxonomy":"category","embeddable":true,"href":"https:\/\/sportseco.com\/index.php?rest_route=%2Fwp%2Fv2%2Fcategories&post=144537"},{"taxonomy":"post_tag","embeddable":true,"href":"https:\/\/sportseco.com\/index.php?rest_route=%2Fwp%2Fv2%2Ftags&post=144537"}],"curies":[{"name":"wp","href":"https:\/\/api.w.org\/{rel}","templated":true}]}}