{"id":144590,"date":"2023-04-24T19:25:44","date_gmt":"2023-04-24T23:25:44","guid":{"rendered":"https:\/\/sportseco.com\/?p=144590"},"modified":"2023-04-24T19:25:49","modified_gmt":"2023-04-24T23:25:49","slug":"tadej-pogacar-dice-que-tiene-suerte-de-solo-romperse-la-muneca-en-el-accidente-de-lieja-bastona-lieja","status":"publish","type":"post","link":"https:\/\/sportseco.com\/?p=144590","title":{"rendered":"Tadej Pogacar dice que tiene \u00absuerte\u00bb de solo romperse la mu\u00f1eca en el accidente de Lieja-Basto\u00f1a-Lieja"},"content":{"rendered":"\n<p>Pogacar, de 24 a\u00f1os, fue operado el domingo por la noche y ahora se est\u00e1 recuperando.<\/p>\n\n\n\n<p>\u00abTengo suerte de que solo sea una mu\u00f1eca rota, considerando el loco accidente que ocurri\u00f3\u00bb, public\u00f3 el esloveno en las redes sociales.<\/p>\n\n\n\n<p>\u00abRealmente le deseo la mejor recuperaci\u00f3n a Dane Mikkel Honore, quien cay\u00f3 mucho m\u00e1s duro que yo.<\/p>\n\n\n\n<p>\u00abFelicitaciones a Remco Evenepoel por la victoria, nuestra batalla esperar\u00e1 hasta la pr\u00f3xima\u00bb.<\/p>\n\n\n\n<p>El UAE Team Emirates dijo que la recuperaci\u00f3n de Pogacar tardar\u00e1 unas seis semanas, lo que dificultar\u00e1 su preparaci\u00f3n para el Tour de Francia, que comienza el 1 de julio.<\/p>\n\n\n\n<p>Liege-Bastogne-Liege iba a ser la carrera final en el programa de Pogacar antes de partir para el entrenamiento en altura.<\/p>\n\n\n\n<p>El director m\u00e9dico del equipo, el Dr. Adrian Rotunno, dijo que Pogacar hab\u00eda sufrido una \u00abfractura de escafoides que requiri\u00f3 un peque\u00f1o tornillo para realinear los fragmentos \u00f3seos. El procedimiento fue exitoso y comenzar\u00e1 su per\u00edodo de recuperaci\u00f3n en casa\u00bb.<\/p>\n\n\n\n<p>\u00abDebido a la naturaleza de la lesi\u00f3n, son aproximadamente seis semanas de recuperaci\u00f3n. Aunque comenzar\u00e1 con rehabilitaci\u00f3n inmediata y algo de entrenamiento en un entrenador de interior en los pr\u00f3ximos d\u00edas\u00bb, agreg\u00f3 Rotunno.<\/p>\n\n\n\n<p>Honore, que choc\u00f3 con Pogacar, tambi\u00e9n tuvo que retirarse de la carrera despu\u00e9s de 85 kil\u00f3metros y fue trasladado al hospital.<\/p>\n\n\n\n<p>Pogacar ten\u00eda como objetivo convertirse en el tercer hombre en completar un hat-trick de victorias cl\u00e1sicas de Ardennes, despu\u00e9s de Davide Rebellin en 2004 y Philippe Gilbert en 2011.<\/p>\n\n\n\n<p><\/p>\n\n\n\n<p>traducido de www.bbc.com<\/p>\n","protected":false},"excerpt":{"rendered":"<p>Pogacar, de 24 a\u00f1os, fue operado el domingo por la noche y ahora se est\u00e1 recuperando. \u00abTengo suerte de que solo sea una mu\u00f1eca rota, considerando el loco accidente que ocurri\u00f3\u00bb, public\u00f3 el esloveno en las redes sociales. \u00abRealmente le deseo la mejor recuperaci\u00f3n a Dane Mikkel Honore, quien cay\u00f3 mucho m\u00e1s duro que yo. [&hellip;]<\/p>\n","protected":false},"author":1,"featured_media":144591,"comment_status":"closed","ping_status":"closed","sticky":false,"template":"","format":"standard","meta":{"_acf_changed":false,"_jetpack_memberships_contains_paid_content":false,"footnotes":"","jetpack_publicize_message":"","jetpack_publicize_feature_enabled":true,"jetpack_social_post_already_shared":true,"jetpack_social_options":{"image_generator_settings":{"template":"highway","default_image_id":0,"font":"","enabled":false},"version":2}},"categories":[14],"tags":[],"class_list":["post-144590","post","type-post","status-publish","format-standard","has-post-thumbnail","hentry","category-ciclismo"],"acf":[],"jetpack_publicize_connections":[],"jetpack_featured_media_url":"https:\/\/i0.wp.com\/sportseco.com\/wp-content\/uploads\/2023\/04\/129486934_gettyimages-1251985014.jpg?fit=976%2C549&ssl=1","jetpack_sharing_enabled":true,"_links":{"self":[{"href":"https:\/\/sportseco.com\/index.php?rest_route=\/wp\/v2\/posts\/144590","targetHints":{"allow":["GET"]}}],"collection":[{"href":"https:\/\/sportseco.com\/index.php?rest_route=\/wp\/v2\/posts"}],"about":[{"href":"https:\/\/sportseco.com\/index.php?rest_route=\/wp\/v2\/types\/post"}],"author":[{"embeddable":true,"href":"https:\/\/sportseco.com\/index.php?rest_route=\/wp\/v2\/users\/1"}],"replies":[{"embeddable":true,"href":"https:\/\/sportseco.com\/index.php?rest_route=%2Fwp%2Fv2%2Fcomments&post=144590"}],"version-history":[{"count":1,"href":"https:\/\/sportseco.com\/index.php?rest_route=\/wp\/v2\/posts\/144590\/revisions"}],"predecessor-version":[{"id":144592,"href":"https:\/\/sportseco.com\/index.php?rest_route=\/wp\/v2\/posts\/144590\/revisions\/144592"}],"wp:featuredmedia":[{"embeddable":true,"href":"https:\/\/sportseco.com\/index.php?rest_route=\/wp\/v2\/media\/144591"}],"wp:attachment":[{"href":"https:\/\/sportseco.com\/index.php?rest_route=%2Fwp%2Fv2%2Fmedia&parent=144590"}],"wp:term":[{"taxonomy":"category","embeddable":true,"href":"https:\/\/sportseco.com\/index.php?rest_route=%2Fwp%2Fv2%2Fcategories&post=144590"},{"taxonomy":"post_tag","embeddable":true,"href":"https:\/\/sportseco.com\/index.php?rest_route=%2Fwp%2Fv2%2Ftags&post=144590"}],"curies":[{"name":"wp","href":"https:\/\/api.w.org\/{rel}","templated":true}]}}