{"id":144903,"date":"2023-04-30T12:04:57","date_gmt":"2023-04-30T16:04:57","guid":{"rendered":"https:\/\/sportseco.com\/?p=144903"},"modified":"2023-04-30T12:05:02","modified_gmt":"2023-04-30T16:05:02","slug":"excelente-triunfo-en-casa-un-gran-bayern-recupera-el-liderato-de-la-bundesliga","status":"publish","type":"post","link":"https:\/\/sportseco.com\/?p=144903","title":{"rendered":"\u00a1Excelente triunfo en casa! Un gran Bayern recupera el liderato de la Bundesliga"},"content":{"rendered":"\n<ul class=\"wp-block-list\">\n<li><strong>Victoria en casa<\/strong><\/li>\n\n\n\n<li><strong>Liderato recuperado&nbsp;<\/strong><\/li>\n\n\n\n<li><strong>Goles de Gnabry y Coman&nbsp;&nbsp;<\/strong><\/li>\n<\/ul>\n\n\n\n<p>\u00a1El FC Bayern se planta en mayo como l\u00edder de la Bundesliga! El domingo por la tarde, el equipo dirigido por Thomas Tuchel logr\u00f3 una merecida victoria en casa por 2-0 (0-0) en el Allianz Arena contra el colista Hertha BSC y recuper\u00f3 as\u00ed el primer puesto de la Bundesliga en detrimento del Borussia Dortmund. A cuatro jornadas del final de la temporada, el vigente campe\u00f3n cuenta con un punto m\u00e1s en la tabla y una diferencia de goles muy superior a la de los negriamarillos. Tras una primera parte sin goles, Serge Gnabry (minuto 69) adelant\u00f3 a los muniqueses en la segunda mitad (1-0), antes de que Kingsley Coman (80) anotara el 2-0 definitivo.<\/p>\n\n\n\n<figure class=\"wp-block-image\"><img data-recalc-dims=\"1\" decoding=\"async\" src=\"https:\/\/i0.wp.com\/img.fcbayern.com\/image\/upload\/t_cms-16x9\/f_auto\/w_1600%2Cc_fill\/q_auto\/v1682867966\/cms\/public\/images\/fcbayern-com\/homepage\/Saison-22-23\/Galerien\/Spiele\/FCB-Hertha\/20-fcbayern-herthabsc-230430-mel.jpg?w=640&#038;ssl=1\" alt=\"20-fcbayern-herthabsc-230430-mel\" title=\"\"\/><\/figure>\n\n\n\n<p><em>Hemos resumido las jugadas m\u00e1s importantes del partido:<\/em><\/p>\n\n\n\n<h2 class=\"wp-block-heading\">Minuto 1: La primera ocasi\u00f3n de gol es de Jo\u00e3o Cancelo<\/h2>\n\n\n\n<figure class=\"wp-block-image\"><img data-recalc-dims=\"1\" decoding=\"async\" src=\"https:\/\/i0.wp.com\/img.fcbayern.com\/image\/upload\/t_cms-16x9\/f_auto\/w_1600%2Cc_fill\/q_auto\/v1682862758\/cms\/public\/images\/fcbayern-com\/homepage\/Saison-22-23\/Galerien\/Spiele\/FCB-Hertha\/02-fcbayern-herthabsc-230430-mel.jpg?w=640&#038;ssl=1\" alt=\"02-fcbayern-herthabsc-230430-mel\" title=\"\"\/><\/figure>\n\n\n\n<p>El Bayern empez\u00f3 bien el partido y meti\u00f3 a los visitantes en su propia \u00e1rea. En menos de 60 segundos, los b\u00e1varos dispararon a puerta por primera vez. Jo\u00e3o Cancelo busc\u00f3 porter\u00eda con poco \u00e1ngulo, pero el portero del Hertha, Oliver Christensen, estuvo atento y detuvo el lanzamiento del portugu\u00e9s.<\/p>\n\n\n\n<h2 class=\"wp-block-heading\">Minuto 27: Oportunidad para Coman<\/h2>\n\n\n\n<figure class=\"wp-block-image\"><img data-recalc-dims=\"1\" decoding=\"async\" src=\"https:\/\/i0.wp.com\/img.fcbayern.com\/image\/upload\/t_cms-16x9\/f_auto\/w_1600%2Cc_fill\/q_auto\/v1682863951\/cms\/public\/images\/fcbayern-com\/homepage\/Saison-22-23\/Galerien\/Spiele\/FCB-Hertha\/09-fcbayern-herthabsc-230430-mel.jpg?w=640&#038;ssl=1\" alt=\"09-fcbayern-herthabsc-230430-mel\" title=\"\"\/><\/figure>\n\n\n\n<p>Tras una falta a favor del Hertha, Serge Gnabry lanz\u00f3 un contraataque asistiendo a Kingsley Coman, pero el franc\u00e9s titube\u00f3 en un duelo con Maximilian Mittelst\u00e4dt y desaprovech\u00f3 la oportunidad de poner por delante al equipo de Tuchel.<\/p>\n\n\n\n<h2 class=\"wp-block-heading\">Minuto 35\/40: Gnabry y Coman, cerca de abrir el marcador<\/h2>\n\n\n\n<figure class=\"wp-block-image\"><img data-recalc-dims=\"1\" decoding=\"async\" src=\"https:\/\/i0.wp.com\/img.fcbayern.com\/image\/upload\/t_cms-16x9\/f_auto\/w_1600%2Cc_fill\/q_auto\/v1682865764\/cms\/public\/images\/fcbayern-com\/homepage\/Saison-22-23\/Galerien\/Spiele\/FCB-Hertha\/11-fcbayern-herthabsc-230430-mel.jpg?w=640&#038;ssl=1\" alt=\"11-fcbayern-herthabsc-230430-mel\" title=\"\"\/><\/figure>\n\n\n\n<p>\u00a1Falt\u00f3 poco! En el minuto 35, Coman se intern\u00f3 por la derecha y remat\u00f3 entre las piernas del central Filip Uremovi\u0107. Cinco minutos m\u00e1s tarde, Gnabry remat\u00f3 de volea un centro desde la izquierda en el \u00e1rea, pero de nuevo el guardameta del Hertha realiz\u00f3 una gran parada para evitar que se llegara al descanso con ventaja.<\/p>\n\n\n\n<h2 class=\"wp-block-heading\">Minuto 69: Gnabry adelanta al Bayern<\/h2>\n\n\n\n<figure class=\"wp-block-image\"><img data-recalc-dims=\"1\" decoding=\"async\" src=\"https:\/\/i0.wp.com\/img.fcbayern.com\/image\/upload\/t_cms-16x9\/f_auto\/w_1600%2Cc_fill\/q_auto\/v1682867986\/cms\/public\/images\/fcbayern-com\/homepage\/Saison-22-23\/Galerien\/Spiele\/FCB-Hertha\/18-fcbayern-herthabsc-230430-mel.jpg?w=640&#038;ssl=1\" alt=\"18-fcbayern-herthabsc-230430-mel\" title=\"\"\/><\/figure>\n\n\n\n<p>\u00a1Gooooooool del FC Bayern! Tras la pausa, la situaci\u00f3n no cambi\u00f3 demasiado. Hubo que esperar hasta el minuto 69 para que Gnabry marcara de cabeza, tras un gran pase de Joshua Kimmich a la espalda de la defensa, el 1-0. D\u00e9cimo gol de la temporada para el internacional alem\u00e1n.<\/p>\n\n\n\n<h2 class=\"wp-block-heading\">Minuto 80: Coman aumenta el marcador<\/h2>\n\n\n\n<figure class=\"wp-block-image\"><img data-recalc-dims=\"1\" decoding=\"async\" src=\"https:\/\/i0.wp.com\/img.fcbayern.com\/image\/upload\/t_cms-16x9\/f_auto\/w_1600%2Cc_fill\/q_auto\/v1682868008\/cms\/public\/images\/fcbayern-com\/homepage\/Saison-22-23\/Galerien\/Spiele\/FCB-Hertha\/21-fcbayern-herthabsc-230430-mel.jpg?w=640&#038;ssl=1\" alt=\"21-fcbayern-herthabsc-230430-mel\" title=\"\"\/><\/figure>\n\n\n\n<p>\u00a1Siiiiiiiiiiii! De nuevo fue Kimmich quien habilit\u00f3 a Coman con un gran bal\u00f3n por detr\u00e1s de la l\u00ednea defensiva y el franc\u00e9s no se lo pens\u00f3, control\u00f3 el bal\u00f3n y lo envi\u00f3 con frialdad al fondo de la red para transformar el 2-0 definitivo.<\/p>\n\n\n\n<p><em>Aqu\u00ed puedes ver las mejores im\u00e1genes del partido:<\/em><\/p>\n\n\n\n<ul class=\"wp-block-list\">\n<li><a href=\"https:\/\/fcbayern.com\/es\/matches\/profis\/bundesliga\/2022-2023\/fc-bayern-muenchen-hertha-bsc-29-04-2023\/gallery\"><\/a><\/li>\n\n\n\n<li><a href=\"https:\/\/fcbayern.com\/es\/matches\/profis\/bundesliga\/2022-2023\/fc-bayern-muenchen-hertha-bsc-29-04-2023\/gallery\"><\/a><\/li>\n\n\n\n<li><a href=\"https:\/\/fcbayern.com\/es\/matches\/profis\/bundesliga\/2022-2023\/fc-bayern-muenchen-hertha-bsc-29-04-2023\/gallery\"><\/a><\/li>\n\n\n\n<li><a href=\"https:\/\/fcbayern.com\/es\/matches\/profis\/bundesliga\/2022-2023\/fc-bayern-muenchen-hertha-bsc-29-04-2023\/gallery\">+20<\/a><\/li>\n<\/ul>\n\n\n\n<h3 class=\"wp-block-heading\">FC Bayern &#8211; Hertha BSC 2-0 (0-0)<\/h3>\n\n\n\n<p>FC Bayern<\/p>\n\n\n\n<p>Sommer \u2013 Mazraoui (74&#8242;), Pavard, de Ligt, Jo\u00e3o Cancelo \u2013 Kimmich, Goretzka (46&#8242; San\u00e9) \u2013 Coman (81&#8242; Tel), Musiala (61&#8242; Gravenberch), Gnabry \u2013 Man\u00e9 (61&#8242; M\u00fcller).<\/p>\n\n\n\n<p>Cambios<\/p>\n\n\n\n<p>Ulreich \u2013 Sarr, Blind<\/p>\n\n\n\n<p>Hertha BSC<\/p>\n\n\n\n<p>Christensen \u2013 Kenny, Uremovi\u0107, Rogel, Plattenhardt \u2013 Luk\u00e9bakio (83&#8242; Scherhant), Tousart, Bo\u00ebtius (83&#8242; Stange), Mittelst\u00e4dt (65&#8242; Maza) \u2013 Niederlechner (55&#8242; Kanga), Ngankam (55&#8242; Ejuke).<\/p>\n\n\n\n<p>Cambios<\/p>\n\n\n\n<p>Kwasigroch \u2013 Pekar\u00edk, Ci\u011ferci, Klemens<\/p>\n\n\n\n<p>\u00c1rbitro<\/p>\n\n\n\n<p>Patrick Ittrich (Hamburgo)<\/p>\n\n\n\n<p>Asistencia<\/p>\n\n\n\n<p>75.000 (lleno)<\/p>\n\n\n\n<p>Goles<\/p>\n\n\n\n<p>1-0 Gnabry (69&#8242;), 2-0 Coman (80&#8242;)<\/p>\n\n\n\n<p>Tarjetas amarillas<\/p>\n\n\n\n<p>Goretzka, Jo\u00e3o Cancelo \/ &#8211;<\/p>\n\n\n\n<p><\/p>\n\n\n\n<p>fcbayern.com<\/p>\n","protected":false},"excerpt":{"rendered":"<p>\u00a1El FC Bayern se planta en mayo como l\u00edder de la Bundesliga! El domingo por la tarde, el equipo dirigido por Thomas Tuchel logr\u00f3 una merecida victoria en casa por 2-0 (0-0) en el Allianz Arena contra el colista Hertha BSC y recuper\u00f3 as\u00ed el primer puesto de la Bundesliga en detrimento del Borussia Dortmund. [&hellip;]<\/p>\n","protected":false},"author":1,"featured_media":144904,"comment_status":"closed","ping_status":"closed","sticky":false,"template":"","format":"standard","meta":{"_acf_changed":false,"_jetpack_memberships_contains_paid_content":false,"footnotes":"","jetpack_publicize_message":"","jetpack_publicize_feature_enabled":true,"jetpack_social_post_already_shared":true,"jetpack_social_options":{"image_generator_settings":{"template":"highway","default_image_id":0,"font":"","enabled":false},"version":2}},"categories":[5],"tags":[],"class_list":["post-144903","post","type-post","status-publish","format-standard","has-post-thumbnail","hentry","category-futbol"],"acf":[],"jetpack_publicize_connections":[],"jetpack_featured_media_url":"https:\/\/i0.wp.com\/sportseco.com\/wp-content\/uploads\/2023\/04\/Screenshot-2023-04-30-at-12.02.08-PM.png?fit=1624%2C910&ssl=1","jetpack_sharing_enabled":true,"_links":{"self":[{"href":"https:\/\/sportseco.com\/index.php?rest_route=\/wp\/v2\/posts\/144903","targetHints":{"allow":["GET"]}}],"collection":[{"href":"https:\/\/sportseco.com\/index.php?rest_route=\/wp\/v2\/posts"}],"about":[{"href":"https:\/\/sportseco.com\/index.php?rest_route=\/wp\/v2\/types\/post"}],"author":[{"embeddable":true,"href":"https:\/\/sportseco.com\/index.php?rest_route=\/wp\/v2\/users\/1"}],"replies":[{"embeddable":true,"href":"https:\/\/sportseco.com\/index.php?rest_route=%2Fwp%2Fv2%2Fcomments&post=144903"}],"version-history":[{"count":1,"href":"https:\/\/sportseco.com\/index.php?rest_route=\/wp\/v2\/posts\/144903\/revisions"}],"predecessor-version":[{"id":144905,"href":"https:\/\/sportseco.com\/index.php?rest_route=\/wp\/v2\/posts\/144903\/revisions\/144905"}],"wp:featuredmedia":[{"embeddable":true,"href":"https:\/\/sportseco.com\/index.php?rest_route=\/wp\/v2\/media\/144904"}],"wp:attachment":[{"href":"https:\/\/sportseco.com\/index.php?rest_route=%2Fwp%2Fv2%2Fmedia&parent=144903"}],"wp:term":[{"taxonomy":"category","embeddable":true,"href":"https:\/\/sportseco.com\/index.php?rest_route=%2Fwp%2Fv2%2Fcategories&post=144903"},{"taxonomy":"post_tag","embeddable":true,"href":"https:\/\/sportseco.com\/index.php?rest_route=%2Fwp%2Fv2%2Ftags&post=144903"}],"curies":[{"name":"wp","href":"https:\/\/api.w.org\/{rel}","templated":true}]}}