{"id":144912,"date":"2023-04-30T12:36:49","date_gmt":"2023-04-30T16:36:49","guid":{"rendered":"https:\/\/sportseco.com\/?p=144912"},"modified":"2023-04-30T12:36:52","modified_gmt":"2023-04-30T16:36:52","slug":"gaviria-gana-ultima-etapa-del-tour-de-romandia","status":"publish","type":"post","link":"https:\/\/sportseco.com\/?p=144912","title":{"rendered":"Gaviria gana \u00faltima etapa del Tour de Romand\u00eda"},"content":{"rendered":"\n<h2 class=\"wp-block-heading\">El colombiano eleva a Movistar Team a los nueve triunfos este a\u00f1o con una arrancada prodigiosa en Ginebra. Matteo Jorgenson, 2\u00ba en la general tras otra gran semana.<\/h2>\n\n\n\n<p><img data-recalc-dims=\"1\" height=\"427\" width=\"640\" decoding=\"async\" src=\"https:\/\/i0.wp.com\/movistarteam.com\/wp-content\/uploads\/2023\/04\/033-Fernando-1380x920.jpeg?resize=640%2C427&#038;ssl=1\" alt=\"\"\/><\/p>\n\n\n\n<p>Gaviria celebra su triunfo en Ginebra. (c) Getty Sport \/ Movistar Team<\/p>\n\n\n\n<p>El mejor espaldarazo posible al esfuerzo que viene haciendo Movistar Team para brillar en las mejores carreras y los \u00e1nimos necesarios para acudir a la primera \u2018Grande\u2019 de 2023.<strong>&nbsp;Fernando Gaviria<\/strong>&nbsp;ha dado este domingo una alegr\u00eda a los&nbsp;<em>azules<\/em>&nbsp;con un triunfo de campanillas en la&nbsp;<strong>\u00faltima etapa del Tour de Romand\u00eda<\/strong>, celebrada sobre 170 km entre Vufflens-la-Ville y la ciudad de&nbsp;<strong>Ginebra<\/strong>.<\/p>\n\n\n\n<figure class=\"wp-block-image\"><img data-recalc-dims=\"1\" height=\"427\" width=\"640\" decoding=\"async\" src=\"https:\/\/i0.wp.com\/movistarteam.com\/wp-content\/uploads\/2023\/04\/02-1-1380x920.jpeg?resize=640%2C427&#038;ssl=1\" alt=\"\"\/><figcaption class=\"wp-element-caption\">Gaviria celebra en el podio. (c) Getty Sport \/ Movistar Team<\/figcaption><\/figure>\n\n\n\n<p>Descolgado del pelot\u00f3n principal en las ascensiones de 2\u00aa y 3\u00aa categor\u00eda previas a meta, la paciencia del bloque&nbsp;<em>azul<\/em>&nbsp;para conducirle de vuelta al grupo y el gran trabajo de los M\u00fchlberger u Oliveira en la aproximaci\u00f3n a la llegada fue debidamente correspondida por el ceje\u00f1o. Supo buscar su posici\u00f3n antes del codo a derechas a 300 metros de la llegada y, justo all\u00ed, desplegar toda su potencia con un sprint imparable. Es su&nbsp;<strong>51\u00ba triunfo en profesionales, el noveno de la estructura Abarca Sports en 2023 y el octavo de los chicos&nbsp;<em>telef\u00f3nicos<\/em><\/strong>&nbsp;este curso.<\/p>\n\n\n\n<p><strong>Matteo Jorgenson confirm\u00f3 este domingo su segunda posici\u00f3n en la general<\/strong>, por detr\u00e1s de Adam Yates (UAD). Es el mejor resultado&nbsp;<em>worldtour<\/em>&nbsp;en una rutilante progresi\u00f3n para el norteamericano, autor de una excelente CRI el viernes (2\u00ba) y una estupenda ascensi\u00f3n a Thyon 2000, etapa&nbsp;<em>reina<\/em>, el s\u00e1bado (5\u00ba).<\/p>\n\n\n\n<figure class=\"wp-block-image\"><img data-recalc-dims=\"1\" height=\"427\" width=\"640\" decoding=\"async\" src=\"https:\/\/i0.wp.com\/movistarteam.com\/wp-content\/uploads\/2023\/04\/03-1379x920.jpeg?resize=640%2C427&#038;ssl=1\" alt=\"\"\/><figcaption class=\"wp-element-caption\">Jorgenson, en el podio final como 2\u00ba clasificado, saluda al ganador Adam Yates (UAD). (c) Getty Sport \/ Movistar Team<\/figcaption><\/figure>\n\n\n\n<p><strong>DECLARACIONES \/ Fernando Gaviria:<\/strong><\/p>\n\n\n\n<p><em>\u201cHa sido un d\u00eda realmente duro. En las subidas se ha ido muy r\u00e1pido y he perdido algo de ritmo, pero he hecho todo lo que he podido para aguantar cerca, los chicos me han apoyado para volver a entrar y he hecho el m\u00e1ximo para devolverles el favor y entregar esta victoria al equipo. Me he centrado en evitar peligros hasta el \u00faltimo kil\u00f3metro, buscar mi espacio y mi distancia y lanzar justo antes de la \u00faltima curva. Las piernas han respondido y he podido lograr esta gran victoria. Es un \u00e9xito muy importante. He entrenado muy duro para llegar en las mejores condiciones al Giro de Italia y ahora s\u00e9 que estoy listo para dar el m\u00e1ximo all\u00ed y buscar \u00e9xitos\u201d.<\/em><\/p>\n\n\n\n<p><\/p>\n\n\n\n<p>movistarteam.com<\/p>\n","protected":false},"excerpt":{"rendered":"<p>El colombiano eleva a Movistar Team a los nueve triunfos este a\u00f1o con una arrancada prodigiosa en Ginebra. Matteo Jorgenson, 2\u00ba en la general tras otra gran semana. Gaviria celebra su triunfo en Ginebra. (c) Getty Sport \/ Movistar Team El mejor espaldarazo posible al esfuerzo que viene haciendo Movistar Team para brillar en las [&hellip;]<\/p>\n","protected":false},"author":1,"featured_media":144913,"comment_status":"closed","ping_status":"closed","sticky":false,"template":"","format":"standard","meta":{"_acf_changed":false,"_jetpack_memberships_contains_paid_content":false,"footnotes":"","jetpack_publicize_message":"","jetpack_publicize_feature_enabled":true,"jetpack_social_post_already_shared":true,"jetpack_social_options":{"image_generator_settings":{"template":"highway","default_image_id":0,"font":"","enabled":false},"version":2}},"categories":[14],"tags":[],"class_list":["post-144912","post","type-post","status-publish","format-standard","has-post-thumbnail","hentry","category-ciclismo"],"acf":[],"jetpack_publicize_connections":[],"jetpack_featured_media_url":"https:\/\/i0.wp.com\/sportseco.com\/wp-content\/uploads\/2023\/04\/033-Fernando-1380x920-1.jpeg?fit=1380%2C920&ssl=1","jetpack_sharing_enabled":true,"_links":{"self":[{"href":"https:\/\/sportseco.com\/index.php?rest_route=\/wp\/v2\/posts\/144912","targetHints":{"allow":["GET"]}}],"collection":[{"href":"https:\/\/sportseco.com\/index.php?rest_route=\/wp\/v2\/posts"}],"about":[{"href":"https:\/\/sportseco.com\/index.php?rest_route=\/wp\/v2\/types\/post"}],"author":[{"embeddable":true,"href":"https:\/\/sportseco.com\/index.php?rest_route=\/wp\/v2\/users\/1"}],"replies":[{"embeddable":true,"href":"https:\/\/sportseco.com\/index.php?rest_route=%2Fwp%2Fv2%2Fcomments&post=144912"}],"version-history":[{"count":1,"href":"https:\/\/sportseco.com\/index.php?rest_route=\/wp\/v2\/posts\/144912\/revisions"}],"predecessor-version":[{"id":144914,"href":"https:\/\/sportseco.com\/index.php?rest_route=\/wp\/v2\/posts\/144912\/revisions\/144914"}],"wp:featuredmedia":[{"embeddable":true,"href":"https:\/\/sportseco.com\/index.php?rest_route=\/wp\/v2\/media\/144913"}],"wp:attachment":[{"href":"https:\/\/sportseco.com\/index.php?rest_route=%2Fwp%2Fv2%2Fmedia&parent=144912"}],"wp:term":[{"taxonomy":"category","embeddable":true,"href":"https:\/\/sportseco.com\/index.php?rest_route=%2Fwp%2Fv2%2Fcategories&post=144912"},{"taxonomy":"post_tag","embeddable":true,"href":"https:\/\/sportseco.com\/index.php?rest_route=%2Fwp%2Fv2%2Ftags&post=144912"}],"curies":[{"name":"wp","href":"https:\/\/api.w.org\/{rel}","templated":true}]}}