{"id":144983,"date":"2023-05-01T20:23:22","date_gmt":"2023-05-02T00:23:22","guid":{"rendered":"https:\/\/sportseco.com\/?p=144983"},"modified":"2023-05-01T20:23:26","modified_gmt":"2023-05-02T00:23:26","slug":"giro-ditalia-2023-un-reparto-estelar","status":"publish","type":"post","link":"https:\/\/sportseco.com\/?p=144983","title":{"rendered":"Giro d\u2019Italia 2023: un reparto estelar"},"content":{"rendered":"\n<h3 class=\"wp-block-heading\">Se han anunciado los protagonistas de la 106\u00aa edici\u00f3n del Giro de Italia, que saldr\u00e1 el 6 de mayo de la Costa dei Trabocchi. Por primera vez desde 2007, los dos Campeones del Mundo estar\u00e1n en la salida.<\/h3>\n\n\n\n<p>A poco m\u00e1s de una semana para el comienzo del 106\u00ba Giro de Italia, que saldr\u00e1 el s\u00e1bado 6 de mayo de la Costa dei Trabocchi, se han anunciado los&nbsp;<strong><a href=\"https:\/\/www.giroditalia.it\/wp-content\/uploads\/2023\/04\/z5mLn2X9YV7LO6PmRMyo_270423-111108.pdf\" target=\"_blank\" rel=\"noreferrer noopener\">participantes<\/a><\/strong>&nbsp;que luchar\u00e1n en las 21 etapas de la Corsa Rosa hasta la meta final en Roma el domingo 28 de mayo.<\/p>\n\n\n\n<p>Haga clic&nbsp;<strong><a href=\"https:\/\/www.giroditalia.it\/wp-content\/uploads\/2023\/04\/p6bhBqjBoizSEiHHGNdX_270423-111102.pdf\">aqu\u00ed<\/a><\/strong>&nbsp;para consultar el Garibaldi de la 106\u00aa edici\u00f3n.<\/p>\n\n\n\n<figure class=\"wp-block-image\"><img decoding=\"async\" src=\"https:\/\/revi.rcs.it\/lg.php?bannerid=40503&amp;campaignid=7703&amp;zoneid=1095&amp;loc=https%3A%2F%2Fwww.giroditalia.it%2Fes%2Fnews%2Fgiro-de-italia-2023-un-cast-stellare%2F&amp;cb=6e727f3a04\" alt=\"\"\/><\/figure>\n\n\n\n<h3 class=\"wp-block-heading\">El asalto a la Maglia Rosa<\/h3>\n\n\n\n<p>Entre los grandes favoritos a la&nbsp;<strong>Maglia Rosa<\/strong>&nbsp;se encuentran el Campe\u00f3n del Mundo Remco Evenepoel, ganador este a\u00f1o del UAE Tour y de la Lieja-Bastogne-Lieja, y Primoz Roglic, Maglia Azzurra de la \u00faltima Tirreno-Adri\u00e1tico con ya siete victorias en su haber al inicio de la temporada. Son muchos los hombres que querr\u00e1n escribir su nombre en el Trofeo Senza Fine. El \u00fanico en hacerlo, entre los inscritos, es Tao Geoghegan Hart (2020), reciente ganador del Tour de Los Alpes. El brit\u00e1nico ser\u00e1 una de las puntas de lanza del Ineos Grenadiers, que alinear\u00e1 en la salida a Geraint Thomas, ganador del Tour de Francia 2018. Otros aspirantes a la maglia rosa son: Jo\u00e3o Almeida (15 d\u00edas en la maglia rosa en 2020), Damiano Caruso (2\u00ba en 2021), Thibaut Pinot (4\u00ba en 2017), Alexsandr Vlasov (4\u00ba en 2021) y Rigoberto Uran (2\u00ba en 2013 y 2014).<\/p>\n\n\n\n<figure class=\"wp-block-image\"><img decoding=\"async\" src=\"https:\/\/revi.rcs.it\/lg.php?bannerid=18749&amp;campaignid=695&amp;zoneid=1099&amp;loc=https%3A%2F%2Fwww.giroditalia.it%2Fes%2Fnews%2Fgiro-de-italia-2023-un-cast-stellare%2F&amp;cb=89673e75d2\" alt=\"\"\/><\/figure>\n\n\n\n<h3 class=\"wp-block-heading\">El desaf\u00edo para la Maglia Ciclamino<\/h3>\n\n\n\n<p>Interesante parterre tambi\u00e9n entre los velocistas, que tienen la&nbsp;<strong>Maglia Ciclamino<\/strong>&nbsp;(ciclamen) como gran objetivo. Uno de los favoritos es sin duda Mark Cavendish, el corredor en activo con m\u00e1s victorias en el Giro (16) y ganador de la clasificaci\u00f3n por puntos en 2013. En sus seis participaciones en la Corsa Rosa siempre ha ganado al menos una etapa. Entre sus rivales directos estar\u00e1n el debutante Mads Pedersen, campe\u00f3n del mundo en 2019, Pascal Ackermann, Maglia Ciclamino en 2019, Fernando Gaviria, Maglia Ciclamino en 2017, y Michael Matthews, que tambi\u00e9n ha vestido la maglia rosa en el pasado. Entre los velocistas tambi\u00e9n presentes se encuentran Giacomo Nizzolo, Magnus Cort Nielsen y Kaden Groves.<\/p>\n\n\n\n<h3 class=\"wp-block-heading\">Maglia Azzurra, objetivo para escaladores<\/h3>\n\n\n\n<p>Presente entre los inscritos (pero a\u00fan en duda) est\u00e1 Giulio Ciccone, ganador de esta clasificaci\u00f3n en 2019 y especialmente motivado por la Gran Salida en su regi\u00f3n de los Abruzos. Entre los aspirantes se encuentran el titular Koen Bouwman, ganador de dos etapas en 2022, Lennart K\u00e4mna, vencedor en el Etna en 2022, y los reci\u00e9n llegados Jay Vine y Warren Barguil.<\/p>\n\n\n\n<h3 class=\"wp-block-heading\">J\u00f3venes en busca de la Maglia Bianca<\/h3>\n\n\n\n<p>La&nbsp;<strong>clasificaci\u00f3n especial para los nacidos despu\u00e9s del 1 de enero de 1998<\/strong>&nbsp;ve a Remco Evenepoel como principal favorito. Contender\u00e1n por la Maglia Bianca otros corredores como el ya mencionado Joao Almeida, ya en el podio de esta clasificaci\u00f3n en 2020, y Santiago Buitrago, que se anot\u00f3 una etapa en 2022. Atentos tambi\u00e9n a Thymen Arensman y a los debutantes Ben Healy y Andreas Leknessund.<\/p>\n\n\n\n<h3 class=\"wp-block-heading\">Cazadores de etapas<\/h3>\n\n\n\n<p>Parterre estelar de contrarrelojistas en la salida con el Campe\u00f3n del Mundo Tobias Foss, que tendr\u00e1 que vigilar, entre otros, las ansias de revancha de rivales de la talla de Filippo Ganna, Stefan K\u00fcng, Matteo Sobrero y Edoardo Affini. Entre los corredores que buscan \u00e9xitos parciales, con opciones como outsiders en la clasificaci\u00f3n general, estar\u00e1n en la salida Hugh Carthy, Jack Haig, Pavel Sivakov, Lorenzo Fortunato, Bauke Mollema, Einer Rubio y el sempiterno Domenico Pozzovivo. Tambi\u00e9n hay un gran campo de finisseurs con protagonistas como Fausto Masnada, Victor Lafay, Simone Consonni, Lorenzo Rota, Diego Ulissi, Vincenzo Albanese, Davide Formolo, Taco Van der Hoorn, Alessandro De Marchi, Andrea Vendrame, Stefano Oldani, Luis Le\u00f3n S\u00e1nchez y Filippo Zana.<\/p>\n\n\n\n<p><\/p>\n\n\n\n<p>giroditalia.it<\/p>\n","protected":false},"excerpt":{"rendered":"<p>Se han anunciado los protagonistas de la 106\u00aa edici\u00f3n del Giro de Italia, que saldr\u00e1 el 6 de mayo de la Costa dei Trabocchi. Por primera vez desde 2007, los dos Campeones del Mundo estar\u00e1n en la salida. A poco m\u00e1s de una semana para el comienzo del 106\u00ba Giro de Italia, que saldr\u00e1 el [&hellip;]<\/p>\n","protected":false},"author":1,"featured_media":144984,"comment_status":"closed","ping_status":"closed","sticky":false,"template":"","format":"standard","meta":{"_acf_changed":false,"_jetpack_memberships_contains_paid_content":false,"footnotes":"","jetpack_publicize_message":"","jetpack_publicize_feature_enabled":true,"jetpack_social_post_already_shared":true,"jetpack_social_options":{"image_generator_settings":{"template":"highway","default_image_id":0,"font":"","enabled":false},"version":2}},"categories":[14],"tags":[],"class_list":["post-144983","post","type-post","status-publish","format-standard","has-post-thumbnail","hentry","category-ciclismo"],"acf":[],"jetpack_publicize_connections":[],"jetpack_featured_media_url":"https:\/\/i0.wp.com\/sportseco.com\/wp-content\/uploads\/2023\/05\/J9y8kANnuRQfKBOqUyl2_270423-111720.png?fit=1280%2C640&ssl=1","jetpack_sharing_enabled":true,"_links":{"self":[{"href":"https:\/\/sportseco.com\/index.php?rest_route=\/wp\/v2\/posts\/144983","targetHints":{"allow":["GET"]}}],"collection":[{"href":"https:\/\/sportseco.com\/index.php?rest_route=\/wp\/v2\/posts"}],"about":[{"href":"https:\/\/sportseco.com\/index.php?rest_route=\/wp\/v2\/types\/post"}],"author":[{"embeddable":true,"href":"https:\/\/sportseco.com\/index.php?rest_route=\/wp\/v2\/users\/1"}],"replies":[{"embeddable":true,"href":"https:\/\/sportseco.com\/index.php?rest_route=%2Fwp%2Fv2%2Fcomments&post=144983"}],"version-history":[{"count":1,"href":"https:\/\/sportseco.com\/index.php?rest_route=\/wp\/v2\/posts\/144983\/revisions"}],"predecessor-version":[{"id":144985,"href":"https:\/\/sportseco.com\/index.php?rest_route=\/wp\/v2\/posts\/144983\/revisions\/144985"}],"wp:featuredmedia":[{"embeddable":true,"href":"https:\/\/sportseco.com\/index.php?rest_route=\/wp\/v2\/media\/144984"}],"wp:attachment":[{"href":"https:\/\/sportseco.com\/index.php?rest_route=%2Fwp%2Fv2%2Fmedia&parent=144983"}],"wp:term":[{"taxonomy":"category","embeddable":true,"href":"https:\/\/sportseco.com\/index.php?rest_route=%2Fwp%2Fv2%2Fcategories&post=144983"},{"taxonomy":"post_tag","embeddable":true,"href":"https:\/\/sportseco.com\/index.php?rest_route=%2Fwp%2Fv2%2Ftags&post=144983"}],"curies":[{"name":"wp","href":"https:\/\/api.w.org\/{rel}","templated":true}]}}