{"id":144990,"date":"2023-05-02T08:54:27","date_gmt":"2023-05-02T12:54:27","guid":{"rendered":"https:\/\/sportseco.com\/?p=144990"},"modified":"2023-05-02T08:54:32","modified_gmt":"2023-05-02T12:54:32","slug":"dia-del-maestro-en-eeuu-2-de-mayo","status":"publish","type":"post","link":"https:\/\/sportseco.com\/?p=144990","title":{"rendered":"D\u00eda del Maestro en EEUU, 2 de Mayo"},"content":{"rendered":"\n<p><strong>El primer martes del mes de mayo se celebra el D\u00eda del Maestro en los Estados Unidos<\/strong>, para homenajear a aquellas personas que ejercen la noble profesi\u00f3n de ense\u00f1ar, reconociendo su labor y contribuciones en la formaci\u00f3n de ciudadanos.<\/p>\n\n\n\n<p>Este d\u00eda nacional forma parte de la celebraci\u00f3n de la&nbsp;<strong><em>Semana del Reconocimiento al Maestro o Teacher Appreciation Week<\/em><\/strong>, que se conmemora anualmente en ese pa\u00eds.<\/p>\n\n\n\n<h2 class=\"wp-block-heading\" id=\"resTit_1\">Origen de esta celebraci\u00f3n<\/h2>\n\n\n\n<p>El\u00a0<strong>D\u00eda del Maestro en Estados Unidos\u00a0<\/strong>se origin\u00f3 en el a\u00f1o 1944 cuando\u00a0<em>Mattye Whyte Woodridge<\/em>, una maestra de Arkansas, inst\u00f3 a los pol\u00edticos y l\u00edderes de la educaci\u00f3n norteamericanos a dedicar un d\u00eda para homenajear a los maestros.<\/p>\n\n\n\n<p>Esta educadora envi\u00f3 una carta a Eleanor Roosevelt (esposa del ex presidente Franklin Delano Roosevelt), para que intercediera por su petici\u00f3n. Posteriormente, en el a\u00f1o 1955 el Congreso de los Estados Unidos proclam\u00f3 el&nbsp;<strong>D\u00eda Nacional del Maestro<\/strong>.<\/p>\n\n\n\n<p>En 1980 el Congreso declar\u00f3 el d\u00eda 7 de marzo, como fecha de celebraci\u00f3n de esta efem\u00e9ride nacional. En 1985 la Asociaci\u00f3n Nacional para la Educaci\u00f3n de Estados Unidos estableci\u00f3 la primera semana del mes de mayo como&nbsp;<em><strong>\u00abSemana de la Apreciaci\u00f3n del Maestro\u00bb<\/strong><\/em>.<\/p>\n\n\n\n<h2 class=\"wp-block-heading\" id=\"resTit_2\">El D\u00eda del Maestro en otros pa\u00edses<\/h2>\n\n\n\n<p>A continuaci\u00f3n mostramos las fechas de celebraci\u00f3n del&nbsp;<strong>D\u00eda del Maestro<\/strong>&nbsp;en otros pa\u00edses:<\/p>\n\n\n\n<ul class=\"wp-block-list\">\n<li><strong>Argentina:<\/strong>&nbsp;11 de septiembre<\/li>\n\n\n\n<li><strong>Bolivia:<\/strong>&nbsp;6 de junio<\/li>\n\n\n\n<li><strong>Colombia:<\/strong>&nbsp;15 de mayo<\/li>\n\n\n\n<li><strong>Cuba:&nbsp;<\/strong>22 de diciembre<\/li>\n\n\n\n<li><a href=\"https:\/\/www.diainternacionalde.com\/paises\/espa%C3%B1a\/dia-maestro-espana\" target=\"_blank\" rel=\"noreferrer noopener\"><strong>Espa\u00f1a:<\/strong>&nbsp;27 de noviembre<\/a><\/li>\n\n\n\n<li><strong>M\u00e9xico:&nbsp;<\/strong>15 de mayo<\/li>\n\n\n\n<li><strong>Paraguay:&nbsp;<\/strong>30 de abril<\/li>\n\n\n\n<li><strong>Turqu\u00eda:<\/strong>&nbsp;24 de noviembre<\/li>\n\n\n\n<li><strong>Venezuela:&nbsp;<\/strong>15 de enero<\/li>\n<\/ul>\n\n\n\n<p>Puedes consultar m\u00e1s informaci\u00f3n sobre este tema en los siguientes art\u00edculos:<\/p>\n\n\n\n<ul class=\"wp-block-list\">\n<li><strong><a href=\"https:\/\/www.diainternacionalde.com\/ficha\/dia-mundial-de-los-docentes\" target=\"_blank\" rel=\"noreferrer noopener\">D\u00eda Mundial de los Docentes<\/a>.<\/strong><\/li>\n\n\n\n<li><strong><a href=\"https:\/\/www.diainternacionalde.com\/ficha\/dia-internacional-educacion\" target=\"_blank\" rel=\"noreferrer noopener\">D\u00eda Internacional de la Educaci\u00f3n<\/a>.<\/strong><\/li>\n\n\n\n<li><strong><a href=\"https:\/\/www.diainternacionalde.com\/ficha\/dia-internacional-proteger-educacion-ataques\" target=\"_blank\" rel=\"noreferrer noopener\">D\u00eda Internacional para Proteger la Educaci\u00f3n de los Ataques<\/a>.<\/strong><\/li>\n\n\n\n<li><strong><a href=\"https:\/\/www.diainternacionalde.com\/ficha\/semana-accion-mundial-educacion\" target=\"_blank\" rel=\"noreferrer noopener\">Semana de Acci\u00f3n Mundial por la Educaci\u00f3n<\/a>.<\/strong><\/li>\n<\/ul>\n\n\n\n<h2 class=\"wp-block-heading\" id=\"resTit_3\">\u00bfC\u00f3mo se celebra este d\u00eda nacional?<\/h2>\n\n\n\n<p>En la celebraci\u00f3n de esta efem\u00e9ride se hace un reconocimiento a los maestros y profesores, durante la&nbsp;<em><strong>\u00abSemana de la Apreciaci\u00f3n del Maestro\u00bb<\/strong><\/em>.<\/p>\n\n\n\n<p>Asimismo, se conceden descuentos a los educadores en algunos establecimientos comerciales (tiendas y restaurantes).<\/p>\n\n\n\n<p>Comparte informaci\u00f3n \u00fatil e interesante sobre el\u00a0<strong>D\u00eda del Maestro (EEUU)\u00a0<\/strong>en las redes sociales. Utiliza el hashtag\u00a0<strong><em>#D\u00edaDelMaestroEstadosUnidos<\/em><\/strong><\/p>\n\n\n\n<p><\/p>\n\n\n\n<p>diainternacionalde.com<\/p>\n","protected":false},"excerpt":{"rendered":"<p>El primer martes del mes de mayo se celebra el D\u00eda del Maestro en los Estados Unidos, para homenajear a aquellas personas que ejercen la noble profesi\u00f3n de ense\u00f1ar, reconociendo su labor y contribuciones en la formaci\u00f3n de ciudadanos. Este d\u00eda nacional forma parte de la celebraci\u00f3n de la&nbsp;Semana del Reconocimiento al Maestro o Teacher [&hellip;]<\/p>\n","protected":false},"author":1,"featured_media":144991,"comment_status":"closed","ping_status":"closed","sticky":false,"template":"","format":"standard","meta":{"_acf_changed":false,"_jetpack_memberships_contains_paid_content":false,"footnotes":"","jetpack_publicize_message":"","jetpack_publicize_feature_enabled":true,"jetpack_social_post_already_shared":true,"jetpack_social_options":{"image_generator_settings":{"template":"highway","default_image_id":0,"font":"","enabled":false},"version":2}},"categories":[6],"tags":[],"class_list":["post-144990","post","type-post","status-publish","format-standard","has-post-thumbnail","hentry","category-ecologia"],"acf":[],"jetpack_publicize_connections":[],"jetpack_featured_media_url":"https:\/\/i0.wp.com\/sportseco.com\/wp-content\/uploads\/2023\/05\/05-03_dia-maestro-eeuu.jpg?fit=305%2C203&ssl=1","jetpack_sharing_enabled":true,"_links":{"self":[{"href":"https:\/\/sportseco.com\/index.php?rest_route=\/wp\/v2\/posts\/144990","targetHints":{"allow":["GET"]}}],"collection":[{"href":"https:\/\/sportseco.com\/index.php?rest_route=\/wp\/v2\/posts"}],"about":[{"href":"https:\/\/sportseco.com\/index.php?rest_route=\/wp\/v2\/types\/post"}],"author":[{"embeddable":true,"href":"https:\/\/sportseco.com\/index.php?rest_route=\/wp\/v2\/users\/1"}],"replies":[{"embeddable":true,"href":"https:\/\/sportseco.com\/index.php?rest_route=%2Fwp%2Fv2%2Fcomments&post=144990"}],"version-history":[{"count":1,"href":"https:\/\/sportseco.com\/index.php?rest_route=\/wp\/v2\/posts\/144990\/revisions"}],"predecessor-version":[{"id":144992,"href":"https:\/\/sportseco.com\/index.php?rest_route=\/wp\/v2\/posts\/144990\/revisions\/144992"}],"wp:featuredmedia":[{"embeddable":true,"href":"https:\/\/sportseco.com\/index.php?rest_route=\/wp\/v2\/media\/144991"}],"wp:attachment":[{"href":"https:\/\/sportseco.com\/index.php?rest_route=%2Fwp%2Fv2%2Fmedia&parent=144990"}],"wp:term":[{"taxonomy":"category","embeddable":true,"href":"https:\/\/sportseco.com\/index.php?rest_route=%2Fwp%2Fv2%2Fcategories&post=144990"},{"taxonomy":"post_tag","embeddable":true,"href":"https:\/\/sportseco.com\/index.php?rest_route=%2Fwp%2Fv2%2Ftags&post=144990"}],"curies":[{"name":"wp","href":"https:\/\/api.w.org\/{rel}","templated":true}]}}