{"id":145014,"date":"2023-05-02T15:00:12","date_gmt":"2023-05-02T19:00:12","guid":{"rendered":"https:\/\/sportseco.com\/?p=145014"},"modified":"2023-05-02T15:00:17","modified_gmt":"2023-05-02T19:00:17","slug":"convocatoria-preliminar-de-la-seleccion-colombia-sub-20-para-la-copa-mundial-de-la-fifa","status":"publish","type":"post","link":"https:\/\/sportseco.com\/?p=145014","title":{"rendered":"CONVOCATORIA PRELIMINAR DE LA SELECCI\u00d3N COLOMBIA SUB 20 PARA LA COPA MUNDIAL DE LA FIFA"},"content":{"rendered":"\n<p>El director t\u00e9cnico de la Selecci\u00f3n Colombia Masculina Sub-20, H\u00e9ctor C\u00e1rdenas, dio a conocer la lista preliminar de 25 jugadores que se concentrar\u00e1 en la ciudad de Cali para su preparaci\u00f3n del 5 al 10 de mayo y posteriormente viajar\u00e1 a Buenos Aires \u2013 Argentina el 10 de mayo de 2023, y continuar\u00e1n su preparaci\u00f3n entre el 10 y el 19 de mayo en territorio argentino. Posteriormente, el grupo seleccionado seguir\u00e1 a las \u00f3rdenes del director t\u00e9cnico durante el per\u00edodo oficial de competencia de la Copa Mundial Sub 20 de la FIFA Argentina 2023, que se llevar\u00e1 a cabo del 20 de mayo al 11 de junio de 2023.<\/p>\n\n\n\n<p>La convocatoria definitiva del \u201cequipo nacional\u201d con los 21 futbolistas escogidos, se dar\u00e1 a conocer la pr\u00f3xima semana, antes del traslado al pa\u00eds sede de la cita orbital.<\/p>\n\n\n\n<p>A continuaci\u00f3n, los jugadores y el cuerpo t\u00e9cnico que conforman esta selecci\u00f3n nacional:<\/p>\n\n\n\n<p>Jugadores<\/p>\n\n\n\n<p>1. ALEXEI ROJAS FEDORUSHCHENKO \u2013 Arsenal Football Club (ING)<br \/>2. ALEXIS CASTILLO MANYOMA \u2013 Cortulu\u00e1 F\u00fatbol Club<br \/>3. ANDR\u00c9S SALAZAR OSORIO \u2013 Atl\u00e9tico Nacional<br \/>4. DANIEL ANDR\u00c9S LUNA GARC\u00cdA \u2013 RCD Mallorca (ESP)<br \/>5. DANIEL ESTEBAN PEDROZO MART\u00cdNEZ \u2013 Real Cartagena F.C.<br \/>6. DEVAN AUSTIN TANTON PEDRAZA \u2013 Fulham (ING)<br \/>7. \u00c9DIER OCAMPO VIDAL \u2013 Atl\u00e9tico Nacional<br \/>8. FERNANDO ANTONIO \u00c1LVAREZ \u2013 Club De F\u00fatbol Pachuca (MEX)<br \/>9. GUSTAVO ADOLFO PUERTA MOLANO \u2013 1. FC N\u00faremberg (ALE)<br \/>10. ISAAC ZULETA REND\u00d3N \u2013 Getafe C.F. S.A.D.<br \/>11. JHOJAN CAMILO TORRES GUAZA \u2013 Deportivo Independiente Santa Fe<br \/>12. JHON J\u00c1DER DUR\u00c1N PALACIO \u2013 Aston Villa Football Club (ING)<br \/>13. JHON JAIDER V\u00c9LEZ CAREY \u2013 Junior FC<br \/>14. JORGE LEGU\u00cdN CABEZAS HURTADO \u2013 Independiente Medell\u00edn<br \/>15. JOS\u00c9 MATEO MEJ\u00cdA PIEDRAHITA \u2013 Manchester United FC (ING)<br \/>16. JUAN ANDR\u00c9S CASTILLA LOZANO \u2013 Houston Dynamo FC (USA)<br \/>17. JUAN DIEGO CASTILLO REYES \u2013 Fortaleza CEIF<br \/>18. JULI\u00c1N ANDR\u00c9S PALACIOS ISAZA \u2013 Envigado F.C.<br \/>19. KEVIN ANDR\u00c9S MANTILLA CAMARGO \u2013 Independiente Santa Fe<br \/>20. LUIS MIGUEL ANGULO SEVILLANO \u2013 Alianza Petrolera<br \/>21. LUIS MIGUEL MARQUINES PRECIADO \u2013 Atl\u00e9tico Nacional<br \/>22. MIGUEL \u00c1NGEL MONSALVE GONZ\u00c1LEZ \u2013 Deportivo Independiente Medell\u00edn<br \/>23. \u00d3SCAR MANUEL CORT\u00c9S CORT\u00c9S \u2013 Millonarios FC<br \/>24. TOM\u00c1S \u00c1NGEL GUTI\u00c9RREZ \u2013 Atl\u00e9tico Nacional<br \/>25. YASSER ESNEIDER ASPRILLA MART\u00cdNEZ \u2013 Watford Football Club (ING)<\/p>\n\n\n\n<p>Cuerpo T\u00e9cnico<\/p>\n\n\n\n<p>\u2022 H\u00c9CTOR FABIO C\u00c1RDENAS BERR\u00cdO \u2013 Director T\u00e9cnico<br \/>\u2022 FREDY HURTADO ABAD\u00cdA \u2013 Asistente T\u00e9cnico<br \/>\u2022 JUAN CARLOS RAM\u00cdREZ AYALA \u2013 Asistente T\u00e9cnico<br \/>\u2022 MAURICIO ORTIZ GARC\u00cdA \u2013 Preparador F\u00edsico<br \/>\u2022 BREINER CASTILLO CAICEDO \u2013 Entrenador de Arqueros<br \/>\u2022 HAROLDO YEPES BAR\u00d3N \u2013 M\u00e9dico<br \/>\u2022 JAFETH OREJUELA \u2013 Kinesi\u00f3logo<br \/>\u2022 DIEGO PE\u00d1ALOZA VILLAMIZAR \u2013 Fisioterapeuta<br \/>\u2022 HEYNAR YADIR ZORRILLA \u2013 Fisioterapeuta<br \/>\u2022 JORGE ANDR\u00c9S ROZO \u2013 Video Analista<br \/>\u2022 RAFAEL ZABARA\u00cdN \u2013 Psic\u00f3logo<br \/>\u2022 MANUEL DOLORES D\u00cdAZ \u2013 Utilero<\/p>\n\n\n\n<figure class=\"wp-block-image\"><img data-recalc-dims=\"1\" height=\"169\" width=\"300\" decoding=\"async\" src=\"https:\/\/i0.wp.com\/fcf.com.co\/wp-content\/uploads\/2023\/05\/LISTADO-FOTOS-WEB-1-300x169.png?resize=300%2C169&#038;ssl=1\" alt=\"\" class=\"wp-image-60795\"\/><\/figure>\n\n\n\n<p>fcf.com.co<\/p>\n","protected":false},"excerpt":{"rendered":"<p>El director t\u00e9cnico de la Selecci\u00f3n Colombia Masculina Sub-20, H\u00e9ctor C\u00e1rdenas, dio a conocer la lista preliminar de 25 jugadores que se concentrar\u00e1 en la ciudad de Cali para su preparaci\u00f3n del 5 al 10 de mayo y posteriormente viajar\u00e1 a Buenos Aires \u2013 Argentina el 10 de mayo de 2023, y continuar\u00e1n su preparaci\u00f3n [&hellip;]<\/p>\n","protected":false},"author":1,"featured_media":145015,"comment_status":"closed","ping_status":"closed","sticky":false,"template":"","format":"standard","meta":{"_acf_changed":false,"_jetpack_memberships_contains_paid_content":false,"footnotes":"","jetpack_publicize_message":"","jetpack_publicize_feature_enabled":true,"jetpack_social_post_already_shared":true,"jetpack_social_options":{"image_generator_settings":{"template":"highway","default_image_id":0,"font":"","enabled":false},"version":2}},"categories":[5],"tags":[],"class_list":["post-145014","post","type-post","status-publish","format-standard","has-post-thumbnail","hentry","category-futbol"],"acf":[],"jetpack_publicize_connections":[],"jetpack_featured_media_url":"https:\/\/i0.wp.com\/sportseco.com\/wp-content\/uploads\/2023\/05\/LISTADO-FOTOS-WEB-1.png?fit=1280%2C720&ssl=1","jetpack_sharing_enabled":true,"_links":{"self":[{"href":"https:\/\/sportseco.com\/index.php?rest_route=\/wp\/v2\/posts\/145014","targetHints":{"allow":["GET"]}}],"collection":[{"href":"https:\/\/sportseco.com\/index.php?rest_route=\/wp\/v2\/posts"}],"about":[{"href":"https:\/\/sportseco.com\/index.php?rest_route=\/wp\/v2\/types\/post"}],"author":[{"embeddable":true,"href":"https:\/\/sportseco.com\/index.php?rest_route=\/wp\/v2\/users\/1"}],"replies":[{"embeddable":true,"href":"https:\/\/sportseco.com\/index.php?rest_route=%2Fwp%2Fv2%2Fcomments&post=145014"}],"version-history":[{"count":1,"href":"https:\/\/sportseco.com\/index.php?rest_route=\/wp\/v2\/posts\/145014\/revisions"}],"predecessor-version":[{"id":145016,"href":"https:\/\/sportseco.com\/index.php?rest_route=\/wp\/v2\/posts\/145014\/revisions\/145016"}],"wp:featuredmedia":[{"embeddable":true,"href":"https:\/\/sportseco.com\/index.php?rest_route=\/wp\/v2\/media\/145015"}],"wp:attachment":[{"href":"https:\/\/sportseco.com\/index.php?rest_route=%2Fwp%2Fv2%2Fmedia&parent=145014"}],"wp:term":[{"taxonomy":"category","embeddable":true,"href":"https:\/\/sportseco.com\/index.php?rest_route=%2Fwp%2Fv2%2Fcategories&post=145014"},{"taxonomy":"post_tag","embeddable":true,"href":"https:\/\/sportseco.com\/index.php?rest_route=%2Fwp%2Fv2%2Ftags&post=145014"}],"curies":[{"name":"wp","href":"https:\/\/api.w.org\/{rel}","templated":true}]}}