{"id":145083,"date":"2023-05-03T16:41:50","date_gmt":"2023-05-03T20:41:50","guid":{"rendered":"https:\/\/sportseco.com\/?p=145083"},"modified":"2023-05-03T16:41:53","modified_gmt":"2023-05-03T20:41:53","slug":"el-giro-de-remco-evenepoel-para-convertirse-en-leyenda","status":"publish","type":"post","link":"https:\/\/sportseco.com\/?p=145083","title":{"rendered":"El Giro de Remco Evenepoel, para convertirse en leyenda"},"content":{"rendered":"\n<figure class=\"wp-block-image\"><img data-recalc-dims=\"1\" decoding=\"async\" src=\"https:\/\/i0.wp.com\/static2.giroditalia.it\/wp-content\/uploads\/2023\/05\/gKRpufSqFTNpwiGgrAOD_030523-025905.jpg?w=640&#038;ssl=1\" alt=\"\"\/><\/figure>\n\n\n\n<p>Un prodigio.&nbsp;<strong>Remco Evenepoel<\/strong>&nbsp;dif\u00edcilmente puede resumirse con otro t\u00e9rmino que \u00e9se. Solo tiene 23 a\u00f1os pero entre los profesionales ya ha ganado 41 veces, y no cualquier carrera, sino el Campeonato del Mundo de Wollongong del a\u00f1o pasado, dos Lieja-Bastogne-Lieja, una Vuelta a Espa\u00f1a y dos Cl\u00e1sicas de San Sebasti\u00e1n.&nbsp;<\/p>\n\n\n\n<p>Y pensar que hasta 2017 no hab\u00eda montado pr\u00e1cticamente nunca en bici a pesar de que su padre Patrick era profesional desde hac\u00eda tres a\u00f1os. Remco fue un futbolista de talento, primero en el PSV Eindhoven y luego en el Anderlecht, y en la selecci\u00f3n juvenil belga. Luego, una lesi\u00f3n le oblig\u00f3 a dedicarse al ciclismo para rehabilitarse, y all\u00ed descubri\u00f3 que ten\u00eda un talento a\u00fan mayor, de esos que nacen cada pocas d\u00e9cadas.<\/p>\n\n\n\n<p>En 2018, un a\u00f1o despu\u00e9s de descubrir la bicicleta, aniquil\u00f3 a toda la categor\u00eda j\u00fanior, ganando los Campeonatos de Europa y del Mundo tanto en ruta como en contrarreloj, y batiendo a sus rivales por m\u00e1rgenes abismales. Eso fue suficiente para que Quick-Step y Patrick Lefevere decidieran llevarlo a los profesionales directamente desde los juniors. Su debut entre los grandes se produjo a los 19 a\u00f1os, y ya en su primer a\u00f1o empez\u00f3 a enriquecer su palmar\u00e9s con prestigiosos \u00e9xitos, hasta convertirse en el campe\u00f3n indiscutible que es hoy.&nbsp;<\/p>\n\n\n\n<p>Entre medias, sin embargo, no faltaron las dificultades, como la brutal ca\u00edda en Il Lombardia y la consiguiente fractura de pelvis, o su primera Gran Vuelta, el&nbsp;<strong>Giro de Italia 2021<\/strong>, que empez\u00f3 con grandes expectativas y termin\u00f3, en cambio, con una triste retirada. Se habl\u00f3 mucho de \u00e9l en aquella edici\u00f3n de la carrera, ya que muchos consideraban que era demasiado pronto para que debutara en una carrera de tres semanas, m\u00e1s a\u00fan teniendo en cuenta que empezar\u00eda esa temporada directamente en Italia tras recuperarse de una lesi\u00f3n, mientras que otros dec\u00edan que, desde luego, un talento as\u00ed no se pod\u00eda recortar.<\/p>\n\n\n\n<p>La joya belga empez\u00f3 bien a pesar de ser la primera carrera del a\u00f1o, y durante la primera parte del Giro se erigi\u00f3 como el rival m\u00e1s digno de cr\u00e9dito para el desaforado Egan Bernal. Luego vino el declive, se meti\u00f3 en problemas en la etapa de las carreteras blancas de Montalcino y luego en el Zoncolan, antes de desplomarse finalmente en la lluviosa etapa de Cortina d\u2019Ampezzo y&nbsp;<strong>retirarse antes de la etapa 18<\/strong>. Un accidente en el camino hacia la leyenda.&nbsp;<\/p>\n\n\n\n<p>Despu\u00e9s de ese Giro, s\u00f3lo corri\u00f3 otra Gran Vuelta, la Vuelta a Espa\u00f1a del a\u00f1o pasado, y la gan\u00f3. Ni que decir tiene que saldr\u00e1 de la Costa dei Trabocchi con el objetivo de ganar la maglia rosa, lo que elevar\u00eda a\u00fan m\u00e1s su estatus de fen\u00f3meno, con todav\u00eda tantos a\u00f1os de carrera por delante. Este a\u00f1o ya ha ganado el UAE Tour, termin\u00f3 2\u00ba en la Volta a Catalunya (ganada por Primo\u017e Rogli\u010d, a quien tambi\u00e9n encontrar\u00e1 en el Giro) con dos victorias de etapa, y dio otro espect\u00e1culo en la Lieja-Bastogne-Lieja. Pararle ser\u00e1 muy dif\u00edcil.<\/p>\n\n\n\n<p><\/p>\n\n\n\n<p>giroditalia.it<\/p>\n","protected":false},"excerpt":{"rendered":"<p>Un prodigio.&nbsp;Remco Evenepoel&nbsp;dif\u00edcilmente puede resumirse con otro t\u00e9rmino que \u00e9se. Solo tiene 23 a\u00f1os pero entre los profesionales ya ha ganado 41 veces, y no cualquier carrera, sino el Campeonato del Mundo de Wollongong del a\u00f1o pasado, dos Lieja-Bastogne-Lieja, una Vuelta a Espa\u00f1a y dos Cl\u00e1sicas de San Sebasti\u00e1n.&nbsp; Y pensar que hasta 2017 no [&hellip;]<\/p>\n","protected":false},"author":1,"featured_media":145084,"comment_status":"closed","ping_status":"closed","sticky":false,"template":"","format":"standard","meta":{"_acf_changed":false,"_jetpack_memberships_contains_paid_content":false,"footnotes":"","jetpack_publicize_message":"","jetpack_publicize_feature_enabled":true,"jetpack_social_post_already_shared":true,"jetpack_social_options":{"image_generator_settings":{"template":"highway","default_image_id":0,"font":"","enabled":false},"version":2}},"categories":[14],"tags":[],"class_list":["post-145083","post","type-post","status-publish","format-standard","has-post-thumbnail","hentry","category-ciclismo"],"acf":[],"jetpack_publicize_connections":[],"jetpack_featured_media_url":"https:\/\/i0.wp.com\/sportseco.com\/wp-content\/uploads\/2023\/05\/gKRpufSqFTNpwiGgrAOD_030523-025905.jpg?fit=1280%2C640&ssl=1","jetpack_sharing_enabled":true,"_links":{"self":[{"href":"https:\/\/sportseco.com\/index.php?rest_route=\/wp\/v2\/posts\/145083","targetHints":{"allow":["GET"]}}],"collection":[{"href":"https:\/\/sportseco.com\/index.php?rest_route=\/wp\/v2\/posts"}],"about":[{"href":"https:\/\/sportseco.com\/index.php?rest_route=\/wp\/v2\/types\/post"}],"author":[{"embeddable":true,"href":"https:\/\/sportseco.com\/index.php?rest_route=\/wp\/v2\/users\/1"}],"replies":[{"embeddable":true,"href":"https:\/\/sportseco.com\/index.php?rest_route=%2Fwp%2Fv2%2Fcomments&post=145083"}],"version-history":[{"count":1,"href":"https:\/\/sportseco.com\/index.php?rest_route=\/wp\/v2\/posts\/145083\/revisions"}],"predecessor-version":[{"id":145085,"href":"https:\/\/sportseco.com\/index.php?rest_route=\/wp\/v2\/posts\/145083\/revisions\/145085"}],"wp:featuredmedia":[{"embeddable":true,"href":"https:\/\/sportseco.com\/index.php?rest_route=\/wp\/v2\/media\/145084"}],"wp:attachment":[{"href":"https:\/\/sportseco.com\/index.php?rest_route=%2Fwp%2Fv2%2Fmedia&parent=145083"}],"wp:term":[{"taxonomy":"category","embeddable":true,"href":"https:\/\/sportseco.com\/index.php?rest_route=%2Fwp%2Fv2%2Fcategories&post=145083"},{"taxonomy":"post_tag","embeddable":true,"href":"https:\/\/sportseco.com\/index.php?rest_route=%2Fwp%2Fv2%2Ftags&post=145083"}],"curies":[{"name":"wp","href":"https:\/\/api.w.org\/{rel}","templated":true}]}}