{"id":145098,"date":"2023-05-03T18:26:55","date_gmt":"2023-05-03T22:26:55","guid":{"rendered":"https:\/\/sportseco.com\/?p=145098"},"modified":"2023-05-03T18:26:59","modified_gmt":"2023-05-03T22:26:59","slug":"ineos-confirman-su-alineacion-para-el-giro-de-italia","status":"publish","type":"post","link":"https:\/\/sportseco.com\/?p=145098","title":{"rendered":"INEOS CONFIRMAN SU ALINEACI\u00d3N PARA EL GIRO DE ITALIA."},"content":{"rendered":"\n<p>La 106\u00aa edici\u00f3n de la ic\u00f3nica carrera comienza el 6 de mayo desde Fossacesia Marina en la regi\u00f3n de Abruzzo, con una contrarreloj de 19,6 km, y finaliza el 28 de mayo en Roma.<\/p>\n\n\n\n<p>Hay tres contrarreloj en el evento que abarca los Alpes occidentales y la Cima Coppi (punto m\u00e1s alto) de la carrera, Colle del Gran San Bernardo a 2469 m, con una \u00faltima semana brutal de carreras en los Dolomitas que seguramente proporcionar\u00e1 un enfrentamiento fascinante antes de el final en Roma.<\/p>\n\n\n\n<p>Los granaderos seleccionados para el 106\u00ba Giro de Italia son:<\/p>\n\n\n\n<p>Thymen Arensman<br \/>laurens de plus<br \/>Filippo Ganna<br \/>Tao Geoghegan Hart<br \/>Salvatore Puccio<br \/>pavel sivakov<br \/>ben r\u00e1pido<br \/>geraint thomas<br \/>Esto es lo que algunos miembros del equipo dijeron sobre la alineaci\u00f3n en el Giro d&#8217;Italia:<\/p>\n\n\n\n<p>geraint thomas<br \/>Tengo muchas ganas de quedar atrapado en el Giro. Las \u00faltimas dos veces que he estado all\u00ed ni siquiera he terminado, \u00a1as\u00ed que espero poder llegar a Roma al menos!<\/p>\n\n\n\n<p>Obviamente, este a\u00f1o ha sido un poco intermitente, pero estoy en el camino correcto y estoy en forma justo a tiempo, con todos los muchachos yendo muy bien tambi\u00e9n. Tuvimos un muy buen campamento en Sierra Nevada y luego el Tour de los Alpes obviamente fue muy bien, as\u00ed que la moral est\u00e1 alta. Todos tienen confianza y estamos ansiosos por competir ahora.<\/p>\n\n\n\n<p>Para m\u00ed, solo quiero disfrutarlo. Como junior, la idea de ir al Giro con un grupo de muchachos tratando de dar lo mejor de nosotros\u2026 Me hubiera emocionado mucho, as\u00ed que estoy deseando ir all\u00ed, empaparme y quedarme estancado. en.<\/p>\n\n\n\n<p>Ser\u00e1 bueno tener a Swifty en el equipo tambi\u00e9n: hemos estado compitiendo juntos desde que ten\u00edamos 10 u 11 a\u00f1os en ciclov\u00edas alrededor de los parques. Ojal\u00e1 tengamos la oportunidad de disfrutarlo, porque es una carrera dura y el final obviamente es muy duro. Creo que la \u00faltima semana lo decidir\u00e1, as\u00ed que estoy ansioso por llegar all\u00ed, entrar en la carrera y darlo todo con los muchachos.<\/p>\n\n\n\n<p>Tao Geoghegan Hart<br \/>Correr en Italia es algo que me encanta. Los Tifosi, los paisajes y la historia del Giro siempre hacen que sea una experiencia incre\u00edble.<\/p>\n\n\n\n<p>Cada Gran Vuelta es su propio viaje y para el Giro 2023 nos estamos alineando con un gran equipo, definitivamente esperando agregar otro cap\u00edtulo especial a esta carrera.<\/p>\n\n\n\n<p>He estado en buena forma y realmente he disfrutado de las carreras con mis compa\u00f1eros de equipo. Pilotar bien en Tirreno-Adri\u00e1tico y el Tour de los Alpes ha sido genial, pero tambi\u00e9n satisfactorio para recompensar el arduo trabajo y la dedicaci\u00f3n de mis compa\u00f1eros de equipo y nuestro incre\u00edble personal.<\/p>\n\n\n\n<p>\u00a1Este grupo ha pasado mucho tiempo juntos, por lo que entraremos en la carrera con gran moral y confianza para aprovechar al m\u00e1ximo las tres grandes semanas que tenemos por delante!<\/p>\n\n\n\n<p>Filippo Ganna<br \/>Estoy muy feliz de estar de vuelta y comenzar en el Giro. Cada vez que corro, doy mi m\u00e1ximo absoluto, as\u00ed que estoy ansioso por ver qu\u00e9 puedo lograr para el equipo. Estoy muy orgulloso de lo que he logrado en esta carrera en el pasado, y me siento muy positivo.<\/p>\n\n\n\n<p>Nuestro equipo es fuerte y no puedo esperar para salir y mostrar lo mejor de nosotros. La contrarreloj inaugural me ofrece de nuevo la oportunidad de empezar de forma muy positiva para todos nosotros. Los preparativos han ido bien y estoy deseando llegar a Fossacesia Marina el pr\u00f3ximo s\u00e1bado.<\/p>\n\n\n\n<p>Obviamente, me encanta correr en Italia frente a mis fan\u00e1ticos locales, y s\u00e9 el impacto que tiene el incre\u00edble apoyo para m\u00ed y el equipo, as\u00ed que esperamos usar esa energ\u00eda para dar lo mejor de nosotros.<\/p>\n\n\n\n<p>Rod Ellingworth &#8211; Subdirector del equipo<br \/>Nuestra primera alineaci\u00f3n de Grand Tour de 2023 es un grupo de ciclistas emocionante y muestra una intenci\u00f3n real de c\u00f3mo queremos enfrentar el Giro.<\/p>\n\n\n\n<p>Nos encanta competir en Italia, y el recorrido de este a\u00f1o presenta algunas etapas extremadamente duras y la posibilidad de algunas condiciones igualmente duras. Los aficionados italianos van a disfrutar de un verdadero placer, y estamos ansiosos por poner nuestro sello en lo que promete ser una carrera realmente entretenida pero desafiante.<\/p>\n\n\n\n<p>Como equipo, nos basaremos en la experiencia de Geraint y Tao en la re\u00f1ida clasificaci\u00f3n general. El pedigr\u00ed y la popularidad local de Filippo hablan por s\u00ed mismos, por lo que esperamos que todos los ojos est\u00e9n puestos en \u00e9l en la contrarreloj de apertura, con el premio de la maglia rosa en juego.<br \/>Nuestro equipo del Giro de Italia:<\/p>\n\n\n\n<p>Geraint Thomas &#8211; 36, Gran Breta\u00f1a<br \/>El ganador del Tour de Francia corri\u00f3 el Giro por primera vez en 2008 y luego nuevamente en 2012. M\u00e1s recientemente, no termin\u00f3 ni en 2017 ni en 2020 y buscar\u00e1 el evento de este a\u00f1o para remediarlo. El gal\u00e9s complet\u00f3 tres carreras en 2023 hasta el momento (Down Under, Alps y Catalunya) y confiar\u00e1 en su experiencia en lo que promete ser un Giro de Italia muy emocionante.<\/p>\n\n\n\n<p><\/p>\n\n\n\n<p>ineosgrenadiers.com<\/p>\n","protected":false},"excerpt":{"rendered":"<p>La 106\u00aa edici\u00f3n de la ic\u00f3nica carrera comienza el 6 de mayo desde Fossacesia Marina en la regi\u00f3n de Abruzzo, con una contrarreloj de 19,6 km, y finaliza el 28 de mayo en Roma. Hay tres contrarreloj en el evento que abarca los Alpes occidentales y la Cima Coppi (punto m\u00e1s alto) de la carrera, [&hellip;]<\/p>\n","protected":false},"author":1,"featured_media":145099,"comment_status":"closed","ping_status":"closed","sticky":false,"template":"","format":"standard","meta":{"_acf_changed":false,"_jetpack_memberships_contains_paid_content":false,"footnotes":"","jetpack_publicize_message":"","jetpack_publicize_feature_enabled":true,"jetpack_social_post_already_shared":true,"jetpack_social_options":{"image_generator_settings":{"template":"highway","default_image_id":0,"font":"","enabled":false},"version":2}},"categories":[14],"tags":[],"class_list":["post-145098","post","type-post","status-publish","format-standard","has-post-thumbnail","hentry","category-ciclismo"],"acf":[],"jetpack_publicize_connections":[],"jetpack_featured_media_url":"https:\/\/i0.wp.com\/sportseco.com\/wp-content\/uploads\/2023\/05\/1600x700_website_header_NO_TEXT_zcdycq-scaled.webp?fit=2560%2C960&ssl=1","jetpack_sharing_enabled":true,"_links":{"self":[{"href":"https:\/\/sportseco.com\/index.php?rest_route=\/wp\/v2\/posts\/145098","targetHints":{"allow":["GET"]}}],"collection":[{"href":"https:\/\/sportseco.com\/index.php?rest_route=\/wp\/v2\/posts"}],"about":[{"href":"https:\/\/sportseco.com\/index.php?rest_route=\/wp\/v2\/types\/post"}],"author":[{"embeddable":true,"href":"https:\/\/sportseco.com\/index.php?rest_route=\/wp\/v2\/users\/1"}],"replies":[{"embeddable":true,"href":"https:\/\/sportseco.com\/index.php?rest_route=%2Fwp%2Fv2%2Fcomments&post=145098"}],"version-history":[{"count":1,"href":"https:\/\/sportseco.com\/index.php?rest_route=\/wp\/v2\/posts\/145098\/revisions"}],"predecessor-version":[{"id":145100,"href":"https:\/\/sportseco.com\/index.php?rest_route=\/wp\/v2\/posts\/145098\/revisions\/145100"}],"wp:featuredmedia":[{"embeddable":true,"href":"https:\/\/sportseco.com\/index.php?rest_route=\/wp\/v2\/media\/145099"}],"wp:attachment":[{"href":"https:\/\/sportseco.com\/index.php?rest_route=%2Fwp%2Fv2%2Fmedia&parent=145098"}],"wp:term":[{"taxonomy":"category","embeddable":true,"href":"https:\/\/sportseco.com\/index.php?rest_route=%2Fwp%2Fv2%2Fcategories&post=145098"},{"taxonomy":"post_tag","embeddable":true,"href":"https:\/\/sportseco.com\/index.php?rest_route=%2Fwp%2Fv2%2Ftags&post=145098"}],"curies":[{"name":"wp","href":"https:\/\/api.w.org\/{rel}","templated":true}]}}