{"id":145123,"date":"2023-05-04T09:47:24","date_gmt":"2023-05-04T13:47:24","guid":{"rendered":"https:\/\/sportseco.com\/?p=145123"},"modified":"2023-05-04T09:47:28","modified_gmt":"2023-05-04T13:47:28","slug":"geraint-thomas-por-una-cuenta-pendiente-en-el-giro","status":"publish","type":"post","link":"https:\/\/sportseco.com\/?p=145123","title":{"rendered":"Geraint Thomas, por una cuenta pendiente en el Giro"},"content":{"rendered":"\n<figure class=\"wp-block-image\"><img data-recalc-dims=\"1\" decoding=\"async\" src=\"https:\/\/i0.wp.com\/static2.giroditalia.it\/wp-content\/uploads\/2023\/05\/pPb7fQAMhAVo9YYJSZK8_030523-034255.jpg?w=640&#038;ssl=1\" alt=\"\"\/><\/figure>\n\n\n\n<p><strong>Geraint Thomas<\/strong>&nbsp;es el abanderado de esa generaci\u00f3n mayor que sigue sin querer abdicar y dejar que la nueva generaci\u00f3n se divierta haciendo lo que le da la gana. Es duro, muy duro, pero si a los 36 a\u00f1os acaba en el podio del Tour de Francia s\u00f3lo por detr\u00e1s de monstruos sagrados como Jonas Vingegaard y Tadej Poga\u010dar significa que el momento de la retirada puede esperar.<\/p>\n\n\n\n<p>Puede que no sea el de 2018, el que es competitivo todo el a\u00f1o y capaz de dominar el Tour de Francia, pero gracias a su experiencia, el corredor del Ineos Grenadiers sabe c\u00f3mo prepararse para una carrera y sabe c\u00f3mo alcanzar el pico de forma en el momento adecuado. Su temporada 2022 est\u00e1 a la vista, y su idea para este a\u00f1o es intentar emularla con el Giro de Italia en mente. En el Tour Down Under y la Volta a Catalunya los corri\u00f3 principalmente para poner kil\u00f3metros en sus piernas, mientras que en el Tour de los Alpes, una carrera que hist\u00f3ricamente ha sido de salida para la Corsa Rosa, empez\u00f3 a exigirse, al tiempo que se pon\u00eda a disposici\u00f3n del posterior ganador Tao Geoghegan Hart, empezando a mostrar una condici\u00f3n m\u00e1s que decente.&nbsp;<\/p>\n\n\n\n<p>Tenerlo en su mejor momento en la salida de la Costa dei Trabocchi significar\u00eda tener un serio candidato a la Maglia Rosa.&nbsp;<strong>Tambi\u00e9n le debe mucho al Giro<\/strong>, porque en una carrera tan extraordinaria como la suya, no haber conseguido nunca terminar una Carrera Rosa como protagonista es algo a remediar.<\/p>\n\n\n\n<p>Thomas forma parte de esa extraordinaria generaci\u00f3n de corredores de pistard brit\u00e1nicos que fueron capaces de monopolizar los vel\u00f3dromos de todo el mundo durante varios a\u00f1os, y no es casualidad que sea bicampe\u00f3n ol\u00edmpico y tricampe\u00f3n mundial de persecuci\u00f3n por equipos. Sin embargo, al igual que su modelo a seguir, Bradley Wiggins, Geraint inici\u00f3 un lento pero inexorable cambio hacia un corredor por etapas, que le llev\u00f3 a alcanzar la cima a los 30 a\u00f1os y a un triple podio en el Tour de Francia en las cinco \u00faltimas ediciones.<\/p>\n\n\n\n<p>En el Giro, sin embargo, nunca le fue como hubiera esperado. Particip\u00f3 cuatro veces, pero en 2008 era un joven a\u00fan por destetar de las carreras en carretera, y en 2012 era poco m\u00e1s que un muy buen contrarrelojista, tanto que estuvo cerca de la Maglia Rosa en la contrarreloj inaugural de Herning, terminando 2\u00ba por detr\u00e1s de Taylor Phinney. En 2017, sin embargo, tras un excelente inicio de Giro que parec\u00eda consolidarle como uno de los aspirantes m\u00e1s cre\u00edbles a la Maglia Rosa, el gal\u00e9s acab\u00f3 estrell\u00e1ndose en la etapa de Blockhaus debido a un maxi choque provocado por una moto de la Polic\u00eda Estatal, y los dolores de hombro y rodilla resultantes le obligaron a levantar la bandera blanca antes de la etapa 13. Luego, en 2020, su aventura dur\u00f3 s\u00f3lo tres etapas, ya que&nbsp;<strong>se cay\u00f3 sobre una botella de agua en la secci\u00f3n de transferencia&nbsp;<\/strong>de la etapa del Etna, sufriendo una fractura de pelvis. \u201cTodav\u00eda estaba mejor que en el Tour 2018\u201d, dijo entonces, \u201cpero gracias de todos modos Italia, volver\u00e9 pronto\u201d. Regres\u00f3 en este 2023, quiz\u00e1 un poco m\u00e1s tarde de lo que cabr\u00eda esperar, pero para atar un cabo suelto nunca es tarde.&nbsp;<\/p>\n\n\n\n<p>Quien no tiene ning\u00fan asunto pendiente con la Corsa Rosa y, de hecho, le debe casi todo, es su compa\u00f1ero\u00a0<strong>Tao Geoghegan Hart<\/strong>, que este a\u00f1o parece haber vuelto para mostrar la mejor versi\u00f3n de s\u00ed mismo, es decir, aquella con la que gan\u00f3 el Giro en 2020, sustituyendo al lesionado Thomas. Sea uno u otro, la pareja brit\u00e1nica tiene los ojos puestos en el Trofeo Senza Fine.<\/p>\n\n\n\n<p><\/p>\n\n\n\n<p>giroditalia.it<\/p>\n","protected":false},"excerpt":{"rendered":"<p>Geraint Thomas&nbsp;es el abanderado de esa generaci\u00f3n mayor que sigue sin querer abdicar y dejar que la nueva generaci\u00f3n se divierta haciendo lo que le da la gana. Es duro, muy duro, pero si a los 36 a\u00f1os acaba en el podio del Tour de Francia s\u00f3lo por detr\u00e1s de monstruos sagrados como Jonas Vingegaard [&hellip;]<\/p>\n","protected":false},"author":1,"featured_media":145124,"comment_status":"closed","ping_status":"closed","sticky":false,"template":"","format":"standard","meta":{"_acf_changed":false,"_jetpack_memberships_contains_paid_content":false,"footnotes":"","jetpack_publicize_message":"","jetpack_publicize_feature_enabled":true,"jetpack_social_post_already_shared":true,"jetpack_social_options":{"image_generator_settings":{"template":"highway","default_image_id":0,"font":"","enabled":false},"version":2}},"categories":[14],"tags":[],"class_list":["post-145123","post","type-post","status-publish","format-standard","has-post-thumbnail","hentry","category-ciclismo"],"acf":[],"jetpack_publicize_connections":[],"jetpack_featured_media_url":"https:\/\/i0.wp.com\/sportseco.com\/wp-content\/uploads\/2023\/05\/pPb7fQAMhAVo9YYJSZK8_030523-034255.jpg?fit=1280%2C640&ssl=1","jetpack_sharing_enabled":true,"_links":{"self":[{"href":"https:\/\/sportseco.com\/index.php?rest_route=\/wp\/v2\/posts\/145123","targetHints":{"allow":["GET"]}}],"collection":[{"href":"https:\/\/sportseco.com\/index.php?rest_route=\/wp\/v2\/posts"}],"about":[{"href":"https:\/\/sportseco.com\/index.php?rest_route=\/wp\/v2\/types\/post"}],"author":[{"embeddable":true,"href":"https:\/\/sportseco.com\/index.php?rest_route=\/wp\/v2\/users\/1"}],"replies":[{"embeddable":true,"href":"https:\/\/sportseco.com\/index.php?rest_route=%2Fwp%2Fv2%2Fcomments&post=145123"}],"version-history":[{"count":1,"href":"https:\/\/sportseco.com\/index.php?rest_route=\/wp\/v2\/posts\/145123\/revisions"}],"predecessor-version":[{"id":145125,"href":"https:\/\/sportseco.com\/index.php?rest_route=\/wp\/v2\/posts\/145123\/revisions\/145125"}],"wp:featuredmedia":[{"embeddable":true,"href":"https:\/\/sportseco.com\/index.php?rest_route=\/wp\/v2\/media\/145124"}],"wp:attachment":[{"href":"https:\/\/sportseco.com\/index.php?rest_route=%2Fwp%2Fv2%2Fmedia&parent=145123"}],"wp:term":[{"taxonomy":"category","embeddable":true,"href":"https:\/\/sportseco.com\/index.php?rest_route=%2Fwp%2Fv2%2Fcategories&post=145123"},{"taxonomy":"post_tag","embeddable":true,"href":"https:\/\/sportseco.com\/index.php?rest_route=%2Fwp%2Fv2%2Ftags&post=145123"}],"curies":[{"name":"wp","href":"https:\/\/api.w.org\/{rel}","templated":true}]}}