{"id":145229,"date":"2023-05-06T12:28:36","date_gmt":"2023-05-06T16:28:36","guid":{"rendered":"https:\/\/sportseco.com\/?p=145229"},"modified":"2023-05-06T12:28:40","modified_gmt":"2023-05-06T16:28:40","slug":"hay-que-prepararse-para-un-episodio-de-el-nino","status":"publish","type":"post","link":"https:\/\/sportseco.com\/?p=145229","title":{"rendered":"Hay que prepararse para un episodio de El\u00a0Ni\u00f1o"},"content":{"rendered":"\n<p><em>La mayor variaci\u00f3n que experimenta el sistema clim\u00e1tico de la Tierra en escalas de tiempo desde estacionales hasta anuales est\u00e1 asociada a las condiciones caracter\u00edsticas de los fen\u00f3menos de El Ni\u00f1o y La Ni\u00f1a, que pueden afectar al tiempo y al clima en todo el planeta.<\/em>&nbsp;<em>Estas condiciones se alternan en un ciclo irregular denominado El&nbsp;Ni\u00f1o\u2011Oscilaci\u00f3n del Sur (ENOS).<\/em><\/p>\n\n\n\n<p>\u00b7&nbsp;&nbsp;&nbsp;&nbsp;&nbsp;&nbsp;&nbsp;&nbsp;&nbsp;&nbsp;&nbsp;<em>La probabilidad de que se instaure un episodio de El&nbsp;Ni\u00f1o entre los meses de mayo y julio es de cerca del 60&nbsp;%, y ese porcentaje aumenta hasta el 70-80&nbsp;% para el per\u00edodo de julio a septiembre.<\/em><\/p>\n\n\n\n<p>\u00b7&nbsp;&nbsp;&nbsp;&nbsp;&nbsp;&nbsp;&nbsp;&nbsp;&nbsp;&nbsp;&nbsp;<em>El fen\u00f3meno de El&nbsp;Ni\u00f1o suele estar asociado a un aumento de la temperatura mundial.<\/em><\/p>\n\n\n\n<p>\u00b7&nbsp;&nbsp;&nbsp;&nbsp;&nbsp;&nbsp;&nbsp;&nbsp;&nbsp;&nbsp;&nbsp;<em>El reciente y prolongado episodio de La&nbsp;Ni\u00f1a, que ha durado tres a\u00f1os consecutivos, ha terminado.<\/em>&nbsp;<em>Se trata del primer episodio triple de La&nbsp;Ni\u00f1a del siglo&nbsp;XXI.<\/em><\/p>\n\n\n\n<p>\u00b7&nbsp;&nbsp;&nbsp;&nbsp;&nbsp;&nbsp;&nbsp;&nbsp;&nbsp;&nbsp;&nbsp;<em>En estos momentos, las condiciones imperantes en el Pac\u00edfico tropical son neutras en cuanto al ENOS.<\/em><\/p>\n\n\n\n<p><strong>Ginebra, Mayo de 2023 (OMM)<\/strong>\u00a0\u2014 Seg\u00fan una nueva edici\u00f3n del bolet\u00edn\u00a0<em>El\u00a0Ni\u00f1o\/La Ni\u00f1a Hoy<\/em>\u00a0de la Organizaci\u00f3n Meteorol\u00f3gica Mundial (OMM), la probabilidad de que se instaure un episodio de El\u00a0Ni\u00f1o a finales de este a\u00f1o va al alza. En muchas regiones del mundo, los efectos de este fen\u00f3meno en las condiciones meteorol\u00f3gicas y clim\u00e1ticas ser\u00e1n los contrarios a los del prolongado episodio de La\u00a0Ni\u00f1a, y es probable que se produzca un aumento de las temperaturas mundiales.<\/p>\n\n\n\n<p>Despu\u00e9s de tres a\u00f1os, el episodio de La Ni\u00f1a \u2014inusualmente persistente\u2014 ha llegado a su fin, y las actuales condiciones del Pac\u00edfico tropical son neutras en cuanto al ENOS, esto es, no se est\u00e1 produciendo un episodio de El&nbsp;Ni\u00f1o ni de La&nbsp;Ni\u00f1a.<\/p>\n\n\n\n<p>Seg\u00fan el bolet\u00edn, que se basa en las aportaciones de los Centros Mundiales de Producci\u00f3n de Predicciones a Largo Plazo de la OMM y en la evaluaci\u00f3n de los expertos, hay una probabilidad del 60&nbsp;% de que las condiciones neutras en cuanto al ENOS evolucionen y se instaure un episodio de El&nbsp;Ni\u00f1o durante los meses de mayo a julio de 2023, y ese porcentaje aumenta hasta el 70&nbsp;% para el per\u00edodo de junio a agosto y hasta el 80&nbsp;% para el per\u00edodo de julio a septiembre.<\/p>\n\n\n\n<p>Por el momento, nada permite pronosticar la intensidad o la duraci\u00f3n del episodio de El&nbsp;Ni\u00f1o.<\/p>\n\n\n\n<p>\u201cAcabamos de vivir los ocho a\u00f1os m\u00e1s c\u00e1lidos de los que se tiene constancia, a pesar de que durante los tres \u00faltimos a\u00f1os el episodio de La&nbsp;Ni\u00f1a ha ejercido un efecto de enfriamiento que ha ralentizado transitoriamente el incremento de la temperatura mundial. Lo m\u00e1s probable es que la instauraci\u00f3n de un episodio de El&nbsp;Ni\u00f1o provoque un nuevo repunte del calentamiento global y aumente las probabilidades de batir r\u00e9cords de temperatura\u201d, declar\u00f3 el Secretario General de la OMM, profesor Petteri Taalas.<\/p>\n\n\n\n<p>Seg\u00fan los informes de la OMM sobre el estado del clima mundial, 2016 es el a\u00f1o m\u00e1s c\u00e1lido jam\u00e1s registrado debido a la combinaci\u00f3n de dos factores: un episodio de El&nbsp;Ni\u00f1o muy intenso y el calentamiento inducido por la actividad humana a ra\u00edz de los gases de efecto invernadero. El efecto en las temperaturas mundiales suele manifestarse al a\u00f1o siguiente de la instauraci\u00f3n de este fen\u00f3meno, por lo que probablemente sus consecuencias ser\u00e1n m\u00e1s notorias en 2024.<\/p>\n\n\n\n<p>\u201cEl mundo debe prepararse para la formaci\u00f3n de un episodio de El&nbsp;Ni\u00f1o, que suele asociarse a un aumento del calor, las sequ\u00edas o las precipitaciones en distintas partes del mundo. Podr\u00eda aliviar la sequ\u00eda que sufre el Cuerno de \u00c1frica, as\u00ed como otros efectos causados por La&nbsp;Ni\u00f1a, pero tambi\u00e9n podr\u00eda desencadenar m\u00e1s fen\u00f3menos meteorol\u00f3gicos y clim\u00e1ticos extremos. Esto pone de relieve que, para proteger a la poblaci\u00f3n, la iniciativa de las Naciones Unidas denominada Alertas Tempranas para Todos es imprescindible\u201d, afirm\u00f3 el profesor Taalas.<\/p>\n\n\n\n<p>No hay dos episodios de El\u00a0Ni\u00f1o iguales y sus efectos dependen, en parte, de la \u00e9poca del a\u00f1o. Por ello, la OMM y los Servicios Meteorol\u00f3gicos e Hidrol\u00f3gicos Nacionales (SMHN) seguir\u00e1n de cerca la evoluci\u00f3n de la situaci\u00f3n.<\/p>\n\n\n\n<p><\/p>\n\n\n\n<p>public.wmo.int<\/p>\n","protected":false},"excerpt":{"rendered":"<p>La mayor variaci\u00f3n que experimenta el sistema clim\u00e1tico de la Tierra en escalas de tiempo desde estacionales hasta anuales est\u00e1 asociada a las condiciones caracter\u00edsticas de los fen\u00f3menos de El Ni\u00f1o y La Ni\u00f1a, que pueden afectar al tiempo y al clima en todo el planeta.&nbsp;Estas condiciones se alternan en un ciclo irregular denominado El&nbsp;Ni\u00f1o\u2011Oscilaci\u00f3n [&hellip;]<\/p>\n","protected":false},"author":1,"featured_media":145230,"comment_status":"closed","ping_status":"closed","sticky":false,"template":"","format":"standard","meta":{"_acf_changed":false,"_jetpack_memberships_contains_paid_content":false,"footnotes":"","jetpack_publicize_message":"","jetpack_publicize_feature_enabled":true,"jetpack_social_post_already_shared":true,"jetpack_social_options":{"image_generator_settings":{"template":"highway","default_image_id":0,"font":"","enabled":false},"version":2}},"categories":[36],"tags":[],"class_list":["post-145229","post","type-post","status-publish","format-standard","has-post-thumbnail","hentry","category-extremos"],"acf":[],"jetpack_publicize_connections":[],"jetpack_featured_media_url":"https:\/\/i0.wp.com\/sportseco.com\/wp-content\/uploads\/2023\/05\/51389889776_6346f33e6c_o.jpeg?fit=720%2C443&ssl=1","jetpack_sharing_enabled":true,"_links":{"self":[{"href":"https:\/\/sportseco.com\/index.php?rest_route=\/wp\/v2\/posts\/145229","targetHints":{"allow":["GET"]}}],"collection":[{"href":"https:\/\/sportseco.com\/index.php?rest_route=\/wp\/v2\/posts"}],"about":[{"href":"https:\/\/sportseco.com\/index.php?rest_route=\/wp\/v2\/types\/post"}],"author":[{"embeddable":true,"href":"https:\/\/sportseco.com\/index.php?rest_route=\/wp\/v2\/users\/1"}],"replies":[{"embeddable":true,"href":"https:\/\/sportseco.com\/index.php?rest_route=%2Fwp%2Fv2%2Fcomments&post=145229"}],"version-history":[{"count":1,"href":"https:\/\/sportseco.com\/index.php?rest_route=\/wp\/v2\/posts\/145229\/revisions"}],"predecessor-version":[{"id":145231,"href":"https:\/\/sportseco.com\/index.php?rest_route=\/wp\/v2\/posts\/145229\/revisions\/145231"}],"wp:featuredmedia":[{"embeddable":true,"href":"https:\/\/sportseco.com\/index.php?rest_route=\/wp\/v2\/media\/145230"}],"wp:attachment":[{"href":"https:\/\/sportseco.com\/index.php?rest_route=%2Fwp%2Fv2%2Fmedia&parent=145229"}],"wp:term":[{"taxonomy":"category","embeddable":true,"href":"https:\/\/sportseco.com\/index.php?rest_route=%2Fwp%2Fv2%2Fcategories&post=145229"},{"taxonomy":"post_tag","embeddable":true,"href":"https:\/\/sportseco.com\/index.php?rest_route=%2Fwp%2Fv2%2Ftags&post=145229"}],"curies":[{"name":"wp","href":"https:\/\/api.w.org\/{rel}","templated":true}]}}