{"id":146447,"date":"2023-05-29T08:42:05","date_gmt":"2023-05-29T12:42:05","guid":{"rendered":"https:\/\/sportseco.com\/?p=146447"},"modified":"2023-05-29T08:42:09","modified_gmt":"2023-05-29T12:42:09","slug":"dia-internacional-del-personal-de-paz-de-la-onu-29-de-mayo-7","status":"publish","type":"post","link":"https:\/\/sportseco.com\/?p=146447","title":{"rendered":"D\u00eda Internacional del Personal de Paz de la ONU, 29 de mayo"},"content":{"rendered":"\n<h2 class=\"wp-block-heading\">La paz empieza conmigo<\/h2>\n\n\n\n<h3 class=\"wp-block-heading\">75 a\u00f1os de mantenimiento de la paz de las Naciones Unidas<\/h3>\n\n\n\n<p>El&nbsp;<a href=\"https:\/\/peacekeeping.un.org\/es\">personal de mantenimiento de la paz de las Naciones Unidas<\/a>&nbsp;lleva 75 a\u00f1os salvando y transformando vidas en las situaciones pol\u00edticas y de seguridad m\u00e1s fr\u00e1giles del mundo. Desde 1948, m\u00e1s de dos&nbsp;<a href=\"https:\/\/peacekeeping.un.org\/es\/where-we-operate\">millones de efectivos civiles y uniformados<\/a>&nbsp;han ayudado a los pa\u00edses en la transici\u00f3n de la guerra a la paz.<\/p>\n\n\n\n<p>El personal de mantenimiento de la paz trabaja, conjuntamente con las&nbsp;comunidades locales, para facilitar soluciones pol\u00edticas, prevenir conflictos, proteger a los civiles, reforzar los derechos humanos y el Estado de derecho, y construir una paz sostenible.<\/p>\n\n\n\n<p>Los desaf\u00edos a los que se enfrenta el personal de mantenimiento de la paz son mayores que nunca. Las tensiones mundiales van en aumento, los conflictos son cada vez m\u00e1s complejos y la proliferaci\u00f3n de informaci\u00f3n err\u00f3nea y desinformaci\u00f3n obstaculiza su labor y amenaza su seguridad. Aun as\u00ed , el personal de mantenimiento de la paz no ceja en su empe\u00f1o por perseverar, junto con muchos socios, en la b\u00fasqueda colectiva de la paz.<\/p>\n\n\n\n<p>Con el lema de este 75 aniversario, \u00ab<a href=\"https:\/\/peacekeeping.un.org\/es\/peace-begins-with-me\">La paz empieza conmigo<\/a>\u00ab, reconocemos el servicio y el sacrificio de las fuerzas de mantenimiento de la paz pasadas y presentes, m\u00e1s de 4200 de las cuales han perdido la vida bajo la bandera de las Naciones Unidas. Tambi\u00e9n rendimos homenaje a la resistencia de las comunidades a las que servimos, que siguen luchando por la paz a pesar de los numerosos obst\u00e1culos.<\/p>\n\n\n\n<p>Esta campa\u00f1a es, adem\u00e1s, un llamamiento a todas las personas para que se unan al movimiento mundial por la paz. Individualmente, nunca tendremos \u00e9xito. Pero, unidos, podemos ser una poderosa fuente de cambio.<\/p>\n\n\n\n<h3 class=\"wp-block-heading\">Campa\u00f1a La paz empieza conmigo<\/h3>\n\n\n\n<p>\u00a1La paz empieza con cada uno de nosotros! Desc\u00e1rgate el&nbsp;<a href=\"https:\/\/trello.com\/b\/CvxO24no\/peace-begins-with-me-un-peacekeeping\">kit de la campa\u00f1a<\/a>&nbsp;y participa en las redes bajo la etiqueta #LaPazEmpiezaConmigo y #PK75.<\/p>\n\n\n\n<h3 class=\"wp-block-heading\">Eventos<\/h3>\n\n\n\n<p>Para conmemorar la ocasi\u00f3n, el Secretario General de las Naciones Unidas depositar\u00e1 una corona de flores en la sede de la ONU en Nueva York, el 25 de mayo, en honor de todos los miembros de las fuerzas de mantenimiento de la paz que han perdido la vida en los \u00faltimos 75 a\u00f1os. Se celebrar\u00e1 una ceremonia para conceder la Medalla Dag Hammarskjold a t\u00edtulo p\u00f3stumo al personal de mantenimiento de la paz fallecido en 2022. Asimismo, se conceder\u00e1 el&nbsp;<a href=\"https:\/\/peacekeeping.un.org\/es\/gender-advocate-of-year-award\">Premio anual de las Naciones Unidas a la Defensa de la igualdad de g\u00e9nero para personal militar<\/a>.<\/p>\n\n\n\n<p>Del 1 de mayo al 6 de junio se puede visitar en el vest\u00edbulo una exposici\u00f3n fotogr\u00e1fica sobre los 75 a\u00f1os de mantenimiento de la paz. La exposici\u00f3n puede verse virtualmente&nbsp;<a href=\"https:\/\/www.un.org\/es\/exhibits\/exhibit\/75-years-un-peacekeeping\">en este enlace<\/a>.<\/p>\n\n\n\n<p>Participa en una instalaci\u00f3n art\u00edstica interactiva con&nbsp;<em><a href=\"https:\/\/www.insideoutproject.net\/en\/\">Inside Out<\/a><\/em>, que llevaremos a cabo en Times Square, en Nueva York. Se trata de una plataforma que ayuda a comunidades de todo el mundo a crear un cambio global a nivel local. Fue fundada en 2011 por el conocido artista callejero JR. Dispones de&nbsp;<a href=\"https:\/\/peacekeeping.un.org\/en\/inside-out-action-times-square\">m\u00e1s informaci\u00f3n en este enlace<\/a>.<\/p>\n\n\n\n<p><a href=\"https:\/\/peacekeeping.un.org\/es\/un-headquarters-observes-international-day-of-united-nations-peacekeepers-25-may\">M\u00e1s actos conmemorativos en este enlace<\/a>.<\/p>\n\n\n\n<p><\/p>\n\n\n\n<p><\/p>\n\n\n\n<p>un.org<\/p>\n","protected":false},"excerpt":{"rendered":"<p>La paz empieza conmigo 75 a\u00f1os de mantenimiento de la paz de las Naciones Unidas El&nbsp;personal de mantenimiento de la paz de las Naciones Unidas&nbsp;lleva 75 a\u00f1os salvando y transformando vidas en las situaciones pol\u00edticas y de seguridad m\u00e1s fr\u00e1giles del mundo. Desde 1948, m\u00e1s de dos&nbsp;millones de efectivos civiles y uniformados&nbsp;han ayudado a los [&hellip;]<\/p>\n","protected":false},"author":1,"featured_media":146448,"comment_status":"closed","ping_status":"closed","sticky":false,"template":"","format":"standard","meta":{"_acf_changed":false,"_jetpack_memberships_contains_paid_content":false,"footnotes":"","jetpack_publicize_message":"","jetpack_publicize_feature_enabled":true,"jetpack_social_post_already_shared":true,"jetpack_social_options":{"image_generator_settings":{"template":"highway","default_image_id":0,"font":"","enabled":false},"version":2}},"categories":[6],"tags":[],"class_list":["post-146447","post","type-post","status-publish","format-standard","has-post-thumbnail","hentry","category-ecologia"],"acf":[],"jetpack_publicize_connections":[],"jetpack_featured_media_url":"https:\/\/i0.wp.com\/sportseco.com\/wp-content\/uploads\/2023\/05\/pkday2023_peace_begins_with_me_web_sp.png?fit=1350%2C500&ssl=1","jetpack_sharing_enabled":true,"_links":{"self":[{"href":"https:\/\/sportseco.com\/index.php?rest_route=\/wp\/v2\/posts\/146447","targetHints":{"allow":["GET"]}}],"collection":[{"href":"https:\/\/sportseco.com\/index.php?rest_route=\/wp\/v2\/posts"}],"about":[{"href":"https:\/\/sportseco.com\/index.php?rest_route=\/wp\/v2\/types\/post"}],"author":[{"embeddable":true,"href":"https:\/\/sportseco.com\/index.php?rest_route=\/wp\/v2\/users\/1"}],"replies":[{"embeddable":true,"href":"https:\/\/sportseco.com\/index.php?rest_route=%2Fwp%2Fv2%2Fcomments&post=146447"}],"version-history":[{"count":1,"href":"https:\/\/sportseco.com\/index.php?rest_route=\/wp\/v2\/posts\/146447\/revisions"}],"predecessor-version":[{"id":146449,"href":"https:\/\/sportseco.com\/index.php?rest_route=\/wp\/v2\/posts\/146447\/revisions\/146449"}],"wp:featuredmedia":[{"embeddable":true,"href":"https:\/\/sportseco.com\/index.php?rest_route=\/wp\/v2\/media\/146448"}],"wp:attachment":[{"href":"https:\/\/sportseco.com\/index.php?rest_route=%2Fwp%2Fv2%2Fmedia&parent=146447"}],"wp:term":[{"taxonomy":"category","embeddable":true,"href":"https:\/\/sportseco.com\/index.php?rest_route=%2Fwp%2Fv2%2Fcategories&post=146447"},{"taxonomy":"post_tag","embeddable":true,"href":"https:\/\/sportseco.com\/index.php?rest_route=%2Fwp%2Fv2%2Ftags&post=146447"}],"curies":[{"name":"wp","href":"https:\/\/api.w.org\/{rel}","templated":true}]}}