{"id":146471,"date":"2023-05-29T21:11:33","date_gmt":"2023-05-30T01:11:33","guid":{"rendered":"https:\/\/sportseco.com\/?p=146471"},"modified":"2023-05-29T21:11:37","modified_gmt":"2023-05-30T01:11:37","slug":"alcaraz-marca-el-territorio-con-su-estreno-en-roland-garros","status":"publish","type":"post","link":"https:\/\/sportseco.com\/?p=146471","title":{"rendered":"Alcaraz Marca El Territorio Con Su Estreno En Roland Garros"},"content":{"rendered":"\n<p><a href=\"https:\/\/www.facebook.com\/dialog\/feed?app_id=132901818553&amp;display=popup&amp;caption=Alcaraz+Marca+El+Territorio+Con+Su+Estreno+En+Roland+Garros&amp;link=https%3a%2f%2fwww.atptour.com%2fes%2fnews%2froland-garros-2023-alcaraz-cobolli-lunes&amp;redirect_uri=https%3a%2f%2fwww.atptour.com%2fes%2fnews%2froland-garros-2023-alcaraz-cobolli-lunes%3fclose%3dtrue\" target=\"_blank\" rel=\"noreferrer noopener\"><\/a><a href=\"https:\/\/twitter.com\/intent\/tweet?text=Alcaraz+Marca+El+Territorio+Con+Su+Estreno+En+Roland+Garros&amp;url=https%3a%2f%2fwww.atptour.com%2fes%2fnews%2froland-garros-2023-alcaraz-cobolli-lunes\" target=\"_blank\" rel=\"noreferrer noopener\"><\/a><a href=\"https:\/\/www.linkedin.com\/shareArticle?mini=true&amp;url=https%3a%2f%2fwww.atptour.com%2fes%2fnews%2froland-garros-2023-alcaraz-cobolli-lunes&amp;title=Alcaraz+Marca+El+Territorio+Con+Su+Estreno+En+Roland+Garros&amp;summary=El+No.+1+mundial+alcanz%c3%b3+los+cuartos+de+final+durante+la+%c3%baltima+edici%c3%b3n+de+Roland+Garros.&amp;source=https%3a%2f%2fwww.atptour.com%2fes%2fnews%2froland-garros-2023-alcaraz-cobolli-lunes\" target=\"_blank\" rel=\"noreferrer noopener\"><\/a><a href=\"https:\/\/pinterest.com\/pin\/create\/button\/?url=https%3a%2f%2fwww.atptour.com%2fes%2fnews%2froland-garros-2023-alcaraz-cobolli-lunes&amp;media=https%3a%2f%2fwww.atptour.com%2f-%2fmedia%2fimages%2fnews%2f2023%2f05%2f29%2f16%2f21%2froland-garros-2023-alcaraz-lunes.jpg&amp;description=El+No.+1+mundial+alcanz%c3%b3+los+cuartos+de+final+durante+la+%c3%baltima+edici%c3%b3n+de+Roland+Garros.\" target=\"_blank\" rel=\"noreferrer noopener\"><\/a><a href=\"mailto:?subject=Alcaraz%20Marca%20El%20Territorio%20Con%20Su%20Estreno%20En%20Roland%20Garros&amp;body=https%3a%2f%2fwww.atptour.com%2fes%2fnews%2froland-garros-2023-alcaraz-cobolli-lunes\" target=\"_blank\" rel=\"noreferrer noopener\"><\/a><a href=\"https:\/\/api.whatsapp.com\/send?text=https%3a%2f%2fwww.atptour.com%2fes%2fnews%2froland-garros-2023-alcaraz-cobolli-lunes\" target=\"_blank\" rel=\"noreferrer noopener\"><\/a><\/p>\n\n\n\n<p>El espa\u00f1ol defiende los cuartos de final de la edici\u00f3n anterior<\/p>\n\n\n\n<p>La carta de presentaci\u00f3n de Carlos Alcaraz en Roland Garros fue marcada a fuego sobre la arcilla de Par\u00eds. El espa\u00f1ol inici\u00f3 su andadura en el segundo Grand Slam de la temporada con un estreno de hierro, apartando por 6-0, 6-2, 7-5 al italiano Flavio Cobolli para gritar presente bajo el cielo de la capital de Francia.<\/p>\n\n\n\n<p>\u00abEs fant\u00e1stico jugar aqu\u00ed. Era mi primera vez en la Suzanne Lenglen y he disfrutado mucho\u00bb, dijo Alcaraz. \u00abLa energ\u00eda de la grada ha sido genial y he salido jugando a gran nivel\u00bb.<\/p>\n\n\n\n<p>El Bosque de Bolonia arroja a Alcaraz a una situaci\u00f3n repleta de in\u00e9ditos. Por primera vez disputa un&nbsp;<em>major<\/em>&nbsp;siendo campe\u00f3n en la categor\u00eda, nunca antes hab\u00eda encabezado el cuadro de un grande como principal sembrado y, ante la ausencia del 14 veces campe\u00f3n Rafael Nadal en el evento, la principal atenci\u00f3n del tenis espa\u00f1ol recae de lleno sobre sus hombros.<\/p>\n\n\n\n<p>Ninguna de estas circunstancias pareci\u00f3 apartar la concentraci\u00f3n del prodigio, capaz de asimilar la presi\u00f3n desde la valent\u00eda de sus 20 a\u00f1os.<\/p>\n\n\n\n<p><\/p>\n\n\n\n<p>El No. 1 del Pepperstone ATP Rankings se encarg\u00f3 de aplacar de inmediato la ilusi\u00f3n presente al otro lado de la red. Cobolli disputaba por primera vez en su carrera el cuadro final de un Grand Slam y conoci\u00f3 de inmediato la dureza del desaf\u00edo. Con una movilidad asombrosa, imponiendo una derecha que cruz\u00f3 la pista con furia, Alcaraz pronto marc\u00f3 distancias ante la mirada de su adversario.&nbsp;<\/p>\n\n\n\n<p>El espa\u00f1ol levant\u00f3 al grader\u00edo del Court Suzanne Lenglen con un \u00edmpetu imparable, consumiendo apenas 25 minutos para atrapar una primera manga de v\u00e9rtigo. Lanzado por un tenis valiente, Alcaraz hizo suyos los ocho primeros juegos del partido y conden\u00f3 cualquier atisbo de batalla desde los cimientos. El murciano complet\u00f3 los dos primeros sets antes de la hora perdiendo apenas seis puntos al servicio, una se\u00f1al de solidez como pocas veces vista en el torneo.<\/p>\n\n\n\n<p>El pupilo de Juan Carlos Ferrero tuvo que exprimirse en un cierre de partido repleto de curvas. Alcaraz no consigui\u00f3 convertir una triple pelota de rotura al resto con 5-3 0\/40, perdi\u00f3 su servicio en el siguiente juego y asisti\u00f3 a la reacci\u00f3n final de un Cobolli dispuesto a sobrevivir. Lejos de apresurarse ante el giro inesperado, Carlos consigui\u00f3 reconducir la situaci\u00f3n para resolver el partido sin necesidad de llegar al tiebreak.<\/p>\n\n\n\n<p>Tambi\u00e9n Podr\u00eda Interesarle:&nbsp;<a href=\"https:\/\/www.atptour.com\/es\/news\/roland-garros-2023-djokovic-kovacevic-lunes\">Djokovic Debuta Con Solvencia En Roland Garros<\/a><\/p>\n\n\n\n<p>\u00abNo es positivo perder el saque cuando sirves con 5-4\u00bb, dijo Alcaraz. \u00abPero ten\u00eda que superar ese momento y olvidarlo. Creo que lo he dejado atr\u00e1s bastante r\u00e1pido y he recuperado buen nivel desde el 5-5\u00bb.<\/p>\n\n\n\n<p>En un escenario que promete grandes emociones en el futuro, Alcaraz afronta su tercera presencia en el cuadro final de Roland Garros. El murciano, que acumula un balance de 7-2 en el&nbsp;<em>main draw<\/em>&nbsp;parisino, logr\u00f3 escalar hasta la tercera ronda en 2021 y firm\u00f3 su mejor participaci\u00f3n pisando los cuartos de final en la edici\u00f3n de 2022, donde solamente pudo ser frenado por Alexander Zverev en cuatro \u00e9picas mangas.<\/p>\n\n\n\n<p>Tras emprender el camino con \u00e9xito, Alcaraz medir\u00e1 en la segunda ronda de Roland Garros al japon\u00e9s Taro Daniel, vencedor por 6-0, 6-2, 6-4 sobre el australiano Christopher O&#8217;Connell en uno de los choques m\u00e1s solventes de la jornada. Aunque el choque no tiene precedentes a nivel ATP Tour, el espa\u00f1ol se impuso en un duelo sobre arcilla en el torneo ATP Challenger Tour de Oeiras en la temporada 2021.<\/p>\n\n\n\n<p><strong>\u00bfSab\u00edas Que\u2026?<\/strong><br \/>Carlos Alcaraz aspira a convertirse estos d\u00edas sobre la arcilla de Roland Garros en el cuarto jugador espa\u00f1ol de la historia en levantar m\u00faltiples t\u00edtulos individuales de Grand Slam. El murciano, vigente campe\u00f3n del US Open, podr\u00eda seguir los pasos de Sergi Bruguera (2), Manuel Santana (4) y Rafael Nadal (22).<\/p>\n\n\n\n<p><\/p>\n\n\n\n<p><\/p>\n\n\n\n<p>atptour.com<\/p>\n","protected":false},"excerpt":{"rendered":"<p>El espa\u00f1ol defiende los cuartos de final de la edici\u00f3n anterior La carta de presentaci\u00f3n de Carlos Alcaraz en Roland Garros fue marcada a fuego sobre la arcilla de Par\u00eds. El espa\u00f1ol inici\u00f3 su andadura en el segundo Grand Slam de la temporada con un estreno de hierro, apartando por 6-0, 6-2, 7-5 al italiano [&hellip;]<\/p>\n","protected":false},"author":1,"featured_media":146472,"comment_status":"closed","ping_status":"closed","sticky":false,"template":"","format":"standard","meta":{"_acf_changed":false,"_jetpack_memberships_contains_paid_content":false,"footnotes":"","jetpack_publicize_message":"","jetpack_publicize_feature_enabled":true,"jetpack_social_post_already_shared":true,"jetpack_social_options":{"image_generator_settings":{"template":"highway","default_image_id":0,"font":"","enabled":false},"version":2}},"categories":[13],"tags":[],"class_list":["post-146471","post","type-post","status-publish","format-standard","has-post-thumbnail","hentry","category-tenis"],"acf":[],"jetpack_publicize_connections":[],"jetpack_featured_media_url":"https:\/\/i0.wp.com\/sportseco.com\/wp-content\/uploads\/2023\/05\/alcaraz-rg-2023-monday.jpg?fit=1920%2C1080&ssl=1","jetpack_sharing_enabled":true,"_links":{"self":[{"href":"https:\/\/sportseco.com\/index.php?rest_route=\/wp\/v2\/posts\/146471","targetHints":{"allow":["GET"]}}],"collection":[{"href":"https:\/\/sportseco.com\/index.php?rest_route=\/wp\/v2\/posts"}],"about":[{"href":"https:\/\/sportseco.com\/index.php?rest_route=\/wp\/v2\/types\/post"}],"author":[{"embeddable":true,"href":"https:\/\/sportseco.com\/index.php?rest_route=\/wp\/v2\/users\/1"}],"replies":[{"embeddable":true,"href":"https:\/\/sportseco.com\/index.php?rest_route=%2Fwp%2Fv2%2Fcomments&post=146471"}],"version-history":[{"count":1,"href":"https:\/\/sportseco.com\/index.php?rest_route=\/wp\/v2\/posts\/146471\/revisions"}],"predecessor-version":[{"id":146473,"href":"https:\/\/sportseco.com\/index.php?rest_route=\/wp\/v2\/posts\/146471\/revisions\/146473"}],"wp:featuredmedia":[{"embeddable":true,"href":"https:\/\/sportseco.com\/index.php?rest_route=\/wp\/v2\/media\/146472"}],"wp:attachment":[{"href":"https:\/\/sportseco.com\/index.php?rest_route=%2Fwp%2Fv2%2Fmedia&parent=146471"}],"wp:term":[{"taxonomy":"category","embeddable":true,"href":"https:\/\/sportseco.com\/index.php?rest_route=%2Fwp%2Fv2%2Fcategories&post=146471"},{"taxonomy":"post_tag","embeddable":true,"href":"https:\/\/sportseco.com\/index.php?rest_route=%2Fwp%2Fv2%2Ftags&post=146471"}],"curies":[{"name":"wp","href":"https:\/\/api.w.org\/{rel}","templated":true}]}}