{"id":146505,"date":"2023-05-30T11:33:46","date_gmt":"2023-05-30T15:33:46","guid":{"rendered":"https:\/\/sportseco.com\/?p=146505"},"modified":"2023-05-30T11:33:51","modified_gmt":"2023-05-30T15:33:51","slug":"luego-de-30-anos-el-gobierno-del-cambio-logra-protocolizar-la-reglamentacion-del-capitulo-v-de-la-ley-70","status":"publish","type":"post","link":"https:\/\/sportseco.com\/?p=146505","title":{"rendered":"Luego de 30 a\u00f1os, el Gobierno del Cambio logra protocolizar la reglamentaci\u00f3n del Cap\u00edtulo V de la Ley 70"},"content":{"rendered":"\n<ul class=\"wp-block-list\">\n<li>La Ley 70 de 1993 reconoce la propiedad colectiva de la tierra de los pueblos negros, afrocolombianos, raizales y palenqueros; y el Cap\u00edtulo V se refiere a las necesidades de estas comunidades que ejercen la actividad minera como fuente de ingresos econ\u00f3micos.<\/li>\n\n\n\n<li>Este logro se da en el Espacio Nacional de Consulta Previa que se realiz\u00f3 desde el jueves 25 de mayo hasta el domingo 28 de mayo en Cali.<\/li>\n<\/ul>\n\n\n\n<p>Durante m\u00e1s de 70 horas continuas, la ministra de Ambiente y Desarrollo Sostenible, Susana Muhamad, sostuvo un di\u00e1logo constructivo y de conciliaci\u00f3n con las comunidades negras, afrocolombianas, raizales y palenqueras del pa\u00eds, en el Espacio Nacional de Consulta Previa, en el que se pretend\u00eda protocolizar el Cap\u00edtulo V de la Ley 70 de 1993.<\/p>\n\n\n\n<p>\u201cFinalmente, 30 a\u00f1os despu\u00e9s se logra protocolizar el Cap\u00edtulo V de la Ley 70. Desde el sector ambiental contribuimos para que exista una licencia ambiental diferenciada para comunidades \u00e9tnicas, y que se pueda ser m\u00e1s pertinentes en el cuidado del ambiente en un territorio que ha sido tradicionalmente minero\u201d, afirm\u00f3 Muhamad.<\/p>\n\n\n\n<p>Al respecto, Carlos Gonz\u00e1lez, presidente de la Comisi\u00f3n V de Territorio, Ambiente y Recursos Minero Energ\u00e9tico, asegur\u00f3: \u201cPrimera vez que tenemos una ministra que dura tanto tiempo con nosotros trabajando y eso nos llen\u00f3 de mucho entusiasmo, mucho \u00e1nimo y, sobre todo, de mucho compromiso\u201d.<\/p>\n\n\n\n<p>Entre las propuestas aprobadas y concertadas con la comunidad se encuentra la asistencia t\u00e9cnica diferencial para la elaboraci\u00f3n de proyectos y el apoyo y compromiso por parte de los institutos cient\u00edficos del Sistema Nacional Ambiental (Sina) para la generaci\u00f3n de informaci\u00f3n y fortalecimiento de estas comunidades.<\/p>\n\n\n\n<p>La Ministra insisti\u00f3 en los aportes de la tecnificaci\u00f3n en los procesos de extracci\u00f3n minera a peque\u00f1a escala, considerando que la tecnificaci\u00f3n, adem\u00e1s de ayudar en la financiaci\u00f3n y el fortalecimiento empresarial, debe ayudar a la transferencia de tecnolog\u00eda para mejorar la pr\u00e1ctica ambiental y reducir los impactos de la miner\u00eda sobre el ambiente.<\/p>\n\n\n\n<p>\u201cHoy, las pr\u00e1cticas sostenibles generan precios de productos m\u00e1s altos en mercados internacionales. La tecnificaci\u00f3n puede generar mejores posibilidades en el mercado y puede disminuir los impactos de la miner\u00eda\u201d, explic\u00f3 la jefe de la cartera ambiental.<\/p>\n\n\n\n<p>En este espacio de concertaci\u00f3n tambi\u00e9n particip\u00f3 la vicepresidenta de la Rep\u00fablica, Francia M\u00e1rquez, quien contribuy\u00f3 al di\u00e1logo y concertaci\u00f3n con las comunidades, permitiendo el avance en la protocolizaci\u00f3n de esta nueva reglamentaci\u00f3n.<\/p>\n\n\n\n<p><\/p>\n\n\n\n<p><\/p>\n\n\n\n<p>minambiente.gov.co<\/p>\n\n\n\n<h2 class=\"wp-block-heading\"><\/h2>\n","protected":false},"excerpt":{"rendered":"<p>Durante m\u00e1s de 70 horas continuas, la ministra de Ambiente y Desarrollo Sostenible, Susana Muhamad, sostuvo un di\u00e1logo constructivo y de conciliaci\u00f3n con las comunidades negras, afrocolombianas, raizales y palenqueras del pa\u00eds, en el Espacio Nacional de Consulta Previa, en el que se pretend\u00eda protocolizar el Cap\u00edtulo V de la Ley 70 de 1993. \u201cFinalmente, [&hellip;]<\/p>\n","protected":false},"author":1,"featured_media":146506,"comment_status":"closed","ping_status":"closed","sticky":false,"template":"","format":"standard","meta":{"_acf_changed":false,"_jetpack_memberships_contains_paid_content":false,"footnotes":"","jetpack_publicize_message":"","jetpack_publicize_feature_enabled":true,"jetpack_social_post_already_shared":true,"jetpack_social_options":{"image_generator_settings":{"template":"highway","default_image_id":0,"font":"","enabled":false},"version":2}},"categories":[6],"tags":[],"class_list":["post-146505","post","type-post","status-publish","format-standard","has-post-thumbnail","hentry","category-ecologia"],"acf":[],"jetpack_publicize_connections":[],"jetpack_featured_media_url":"https:\/\/i0.wp.com\/sportseco.com\/wp-content\/uploads\/2023\/05\/Protocolizar-reglamentacion.png?fit=4032%2C3024&ssl=1","jetpack_sharing_enabled":true,"_links":{"self":[{"href":"https:\/\/sportseco.com\/index.php?rest_route=\/wp\/v2\/posts\/146505","targetHints":{"allow":["GET"]}}],"collection":[{"href":"https:\/\/sportseco.com\/index.php?rest_route=\/wp\/v2\/posts"}],"about":[{"href":"https:\/\/sportseco.com\/index.php?rest_route=\/wp\/v2\/types\/post"}],"author":[{"embeddable":true,"href":"https:\/\/sportseco.com\/index.php?rest_route=\/wp\/v2\/users\/1"}],"replies":[{"embeddable":true,"href":"https:\/\/sportseco.com\/index.php?rest_route=%2Fwp%2Fv2%2Fcomments&post=146505"}],"version-history":[{"count":1,"href":"https:\/\/sportseco.com\/index.php?rest_route=\/wp\/v2\/posts\/146505\/revisions"}],"predecessor-version":[{"id":146507,"href":"https:\/\/sportseco.com\/index.php?rest_route=\/wp\/v2\/posts\/146505\/revisions\/146507"}],"wp:featuredmedia":[{"embeddable":true,"href":"https:\/\/sportseco.com\/index.php?rest_route=\/wp\/v2\/media\/146506"}],"wp:attachment":[{"href":"https:\/\/sportseco.com\/index.php?rest_route=%2Fwp%2Fv2%2Fmedia&parent=146505"}],"wp:term":[{"taxonomy":"category","embeddable":true,"href":"https:\/\/sportseco.com\/index.php?rest_route=%2Fwp%2Fv2%2Fcategories&post=146505"},{"taxonomy":"post_tag","embeddable":true,"href":"https:\/\/sportseco.com\/index.php?rest_route=%2Fwp%2Fv2%2Ftags&post=146505"}],"curies":[{"name":"wp","href":"https:\/\/api.w.org\/{rel}","templated":true}]}}