{"id":146538,"date":"2023-05-30T20:43:05","date_gmt":"2023-05-31T00:43:05","guid":{"rendered":"https:\/\/sportseco.com\/?p=146538"},"modified":"2023-05-30T20:43:08","modified_gmt":"2023-05-31T00:43:08","slug":"cabal-farah-y-barrientos-a-segunda-ronda-de-los-dobles-de-roland-garros","status":"publish","type":"post","link":"https:\/\/sportseco.com\/?p=146538","title":{"rendered":"Cabal, Farah y Barrientos, a segunda ronda de los dobles de Roland Garros"},"content":{"rendered":"\n<figure class=\"wp-block-image\"><img data-recalc-dims=\"1\" decoding=\"async\" src=\"https:\/\/i0.wp.com\/olimpicocol.co\/web\/wp-content\/uploads\/2023\/05\/Cabal-y-Farah.jpeg?w=640&#038;ssl=1\" alt=\"\"\/><\/figure>\n\n\n\n<p>Tres tenistas colombianos avanzaron, en la modalidad de dobles, rama masculina, a segunda ronda del Abierto Franc\u00e9s de tenis, segundo<strong>&nbsp;Grand Slam&nbsp;<\/strong>del a\u00f1o y que se lleva a cabo en Par\u00eds.<\/p>\n\n\n\n<p><strong>Juan Sebasti\u00e1n Cabal con Robert Farah, y Nicol\u00e1s Barrientos<\/strong>, haciendo equipo con el estadounidense&nbsp;<strong>Robert Galloway<\/strong>, superaron sus respectivas llaves en el debut y ya est\u00e1n instaladas en la segunda fase del certamen ten\u00edstico.<\/p>\n\n\n\n<p>Por un lado, la dupla ol\u00edmpica super\u00f3 a la argentina, conformada por&nbsp;<strong>Guido Andreozzi y Tom\u00e1s Mart\u00edn Etcheverry,&nbsp;<\/strong>en sets corridos y parciales de 6-3 y 6-4, siendo necesarios dos aces, un 81% de efectividad en los puntos jugados durante el primer servicio, tres saques rivales quebrados, 30 puntos de recepci\u00f3n ganados y un total de 67 puntos a favor de los colombianos, para superar la llave.<\/p>\n\n\n\n<p>Ahora,<strong>&nbsp;Juan Sebasti\u00e1n y Robert<\/strong>&nbsp;ya se encuentran instalados en segunda ronda del cuadro dobles de varones, instancia en las que se medir\u00e1n con el brit\u00e1nico&nbsp;<strong>Jamie Murray<\/strong>&nbsp;y el australiano<strong>&nbsp;Michael Venus,<\/strong>&nbsp;pareja sembrada n\u00famero 13 y a quienes enfrentar\u00e1n este&nbsp;<strong>jueves 1 de junio.<\/strong><\/p>\n\n\n\n<p>Entre tanto,&nbsp;<strong>Nicol\u00e1s Barrientos,&nbsp;<\/strong>en compa\u00f1\u00eda de Galloway, hizo lo propio al superar a los franceses<strong>&nbsp;Dan Added<\/strong>&nbsp;y<strong>&nbsp;Albano Olivetti<\/strong>&nbsp;en tres sets y con marcador de 4-6, 6-3 y 6-4, registrando cinco aces a favor, 72% de efectividad durante el primer saque, cuatro break points ejecutados, 44 puntos de recepci\u00f3n ganados y un total de 101 jugadas favorables.<\/p>\n\n\n\n<p>Lo anterior, para sembrase en segunda fase y esperar por el salvadore\u00f1o&nbsp;<strong>Marcelo Ar\u00e9valo&nbsp;<\/strong>y el holand\u00e9s&nbsp;<strong>Jean-Julien Rojer,&nbsp;<\/strong>tercera mejor pareja del cuadro a la que se medir\u00e1n, tambi\u00e9n, el<strong>&nbsp;jueves 1 de junio.<\/strong><\/p>\n\n\n\n<p>Vale recordar que, en el cuadro de sencillos femenino,\u00a0<strong>Mar\u00eda Camila Osorio<\/strong>\u00a0tambi\u00e9n est\u00e1 en segunda ronda del\u00a0<strong>Roland Garros,<\/strong>\u00a0por lo que cuatro son los tenistas que conforman la legi\u00f3n colombiana que contin\u00faa en el concurso del Abierto Franc\u00e9s.<\/p>\n\n\n\n<p><\/p>\n\n\n\n<p>olimpicocol.co<\/p>\n","protected":false},"excerpt":{"rendered":"<p>Tres tenistas colombianos avanzaron, en la modalidad de dobles, rama masculina, a segunda ronda del Abierto Franc\u00e9s de tenis, segundo&nbsp;Grand Slam&nbsp;del a\u00f1o y que se lleva a cabo en Par\u00eds. Juan Sebasti\u00e1n Cabal con Robert Farah, y Nicol\u00e1s Barrientos, haciendo equipo con el estadounidense&nbsp;Robert Galloway, superaron sus respectivas llaves en el debut y ya est\u00e1n [&hellip;]<\/p>\n","protected":false},"author":1,"featured_media":146539,"comment_status":"closed","ping_status":"closed","sticky":false,"template":"","format":"standard","meta":{"_acf_changed":false,"_jetpack_memberships_contains_paid_content":false,"footnotes":"","jetpack_publicize_message":"","jetpack_publicize_feature_enabled":true,"jetpack_social_post_already_shared":true,"jetpack_social_options":{"image_generator_settings":{"template":"highway","default_image_id":0,"font":"","enabled":false},"version":2}},"categories":[13],"tags":[],"class_list":["post-146538","post","type-post","status-publish","format-standard","has-post-thumbnail","hentry","category-tenis"],"acf":[],"jetpack_publicize_connections":[],"jetpack_featured_media_url":"https:\/\/i0.wp.com\/sportseco.com\/wp-content\/uploads\/2023\/05\/Cabal-y-Farah.jpeg?fit=1079%2C607&ssl=1","jetpack_sharing_enabled":true,"_links":{"self":[{"href":"https:\/\/sportseco.com\/index.php?rest_route=\/wp\/v2\/posts\/146538","targetHints":{"allow":["GET"]}}],"collection":[{"href":"https:\/\/sportseco.com\/index.php?rest_route=\/wp\/v2\/posts"}],"about":[{"href":"https:\/\/sportseco.com\/index.php?rest_route=\/wp\/v2\/types\/post"}],"author":[{"embeddable":true,"href":"https:\/\/sportseco.com\/index.php?rest_route=\/wp\/v2\/users\/1"}],"replies":[{"embeddable":true,"href":"https:\/\/sportseco.com\/index.php?rest_route=%2Fwp%2Fv2%2Fcomments&post=146538"}],"version-history":[{"count":1,"href":"https:\/\/sportseco.com\/index.php?rest_route=\/wp\/v2\/posts\/146538\/revisions"}],"predecessor-version":[{"id":146540,"href":"https:\/\/sportseco.com\/index.php?rest_route=\/wp\/v2\/posts\/146538\/revisions\/146540"}],"wp:featuredmedia":[{"embeddable":true,"href":"https:\/\/sportseco.com\/index.php?rest_route=\/wp\/v2\/media\/146539"}],"wp:attachment":[{"href":"https:\/\/sportseco.com\/index.php?rest_route=%2Fwp%2Fv2%2Fmedia&parent=146538"}],"wp:term":[{"taxonomy":"category","embeddable":true,"href":"https:\/\/sportseco.com\/index.php?rest_route=%2Fwp%2Fv2%2Fcategories&post=146538"},{"taxonomy":"post_tag","embeddable":true,"href":"https:\/\/sportseco.com\/index.php?rest_route=%2Fwp%2Fv2%2Ftags&post=146538"}],"curies":[{"name":"wp","href":"https:\/\/api.w.org\/{rel}","templated":true}]}}