{"id":146553,"date":"2023-05-31T09:19:40","date_gmt":"2023-05-31T13:19:40","guid":{"rendered":"https:\/\/sportseco.com\/?p=146553"},"modified":"2023-05-31T09:19:44","modified_gmt":"2023-05-31T13:19:44","slug":"respira-tayrona-2023-durante-15-dias-se-suspende-la-prestacion-de-servicios-ecoturisticos-en-el-parque-nacional-natural-2","status":"publish","type":"post","link":"https:\/\/sportseco.com\/?p=146553","title":{"rendered":"Respira Tayrona 2023, durante 15 d\u00edas se suspende la prestaci\u00f3n de servicios ecotur\u00edsticos en el Parque Nacional Natural."},"content":{"rendered":"\n<figure class=\"wp-block-image\"><img data-recalc-dims=\"1\" decoding=\"async\" src=\"https:\/\/i0.wp.com\/www.parquesnacionales.gov.co\/portal\/wp-content\/uploads\/2023\/05\/tayrona.png?w=640&#038;ssl=1\" alt=\"\"\/><\/figure>\n\n\n<div class=\"wp-block-image\">\n<figure class=\"aligncenter\"><img data-recalc-dims=\"1\" decoding=\"async\" src=\"https:\/\/i0.wp.com\/www.parquesnacionales.gov.co\/portal\/wp-content\/uploads\/2023\/05\/whatsapp-image-2023-05-30-at-5-51-20-pm-3.jpeg?w=640&#038;ssl=1\" alt=\"\" class=\"wp-image-98276\"\/><\/figure>\n<\/div>\n\n<div class=\"wp-block-image\">\n<figure class=\"aligncenter\"><img data-recalc-dims=\"1\" decoding=\"async\" src=\"https:\/\/i0.wp.com\/www.parquesnacionales.gov.co\/portal\/wp-content\/uploads\/2023\/05\/whatsapp-image-2023-05-30-at-5-51-20-pm-4.jpeg?w=640&#038;ssl=1\" alt=\"\" class=\"wp-image-98276\"\/><\/figure>\n<\/div>\n\n<div class=\"wp-block-image\">\n<figure class=\"aligncenter\"><img data-recalc-dims=\"1\" decoding=\"async\" src=\"https:\/\/i0.wp.com\/www.parquesnacionales.gov.co\/portal\/wp-content\/uploads\/2023\/05\/whatsapp-image-2023-05-30-at-5-51-20-pm-5.jpeg?w=640&#038;ssl=1\" alt=\"\" class=\"wp-image-98276\"\/><\/figure>\n<\/div>\n\n\n<p><strong>Parques Nacionales Naturales de Colombia informa a la ciudadan\u00eda que, el Parque Nacional Natural Tayrona cierra sus puertas a los visitantes del 1 al 15 de junio de 2023. \u201cRespira Tayrona\u201d permite la renovaci\u00f3n de la naturaleza, las playas, ecosistemas y especies que habitan all\u00ed.<\/strong><\/p>\n\n\n\n<p>Parques Nacionales Naturales de Colombia y los cuatro pueblos ind\u00edgenas de la Sierra Nevada de Santa Marta, acuerdan medidas de manejo de protecci\u00f3n ambiental y cultural con proyecci\u00f3n a mejorar f\u00edsica y espiritualmente el \u00e1rea protegida, a trav\u00e9s de cierres temporales del Parque Nacional Natural Tayrona. Esta estrategia se realiza tres veces al a\u00f1o en los periodos del 1 al 15 de febrero, del 1 al 15 de junio y del 19 de octubre al 2 de noviembre.<\/p>\n\n\n\n<p>Durante este periodo, el \u00e1rea busca el descanso de sus ecosistemas representativos, la integraci\u00f3n social, la apropiaci\u00f3n de los procesos ambientales y culturales que se realizan durante el cierre, promoviendo el fortalecimiento de acciones como el monitoreo e investigaci\u00f3n de fauna y flora, estrategias para la seguridad de los visitantes, el manejo, la prevenci\u00f3n y el control del \u00e1rea protegida.<\/p>\n\n\n\n<p>As\u00ed mismo, por parte de los pueblos ind\u00edgenas de la Sierra Nevada de Santa Marta se realizan pagamentos y pr\u00e1cticas tradicionales en sitios sagrados para el cuidado de la biodiversidad, con las cuales a trav\u00e9s de la visi\u00f3n intercultural se logran relaciones sociales, culturales, espirituales y productivas con el territorio.<\/p>\n\n\n\n<p>Este periodo se suma a la campa\u00f1a #Respiratayrona en su noveno a\u00f1o, por lo anterior reiteramos la informaci\u00f3n del cierre temporal para las actividades tur\u00edsticas en el Parque Nacional Natural Tayrona del 1 al 15 de junio de 2023.<\/p>\n\n\n\n<p>Por lo anterior, para este periodo invitamos a la ciudadan\u00eda en general a visitar otros atractivos presentes en la regi\u00f3n y al disfrute de nuevas experiencias.<\/p>\n\n\n\n<p><a href=\"https:\/\/www.parquesnacionales.gov.co\/portal\/wp-content\/uploads\/2023\/05\/resolucion-no-019-por-medio-de-la-cual-se-ordena-la-suspension-de-actividades-ecoturisticas-en-el-parque-na.pdf\">Descargue la Resoluci\u00f3n<\/a><\/p>\n\n\n\n<p><a href=\"https:\/\/www.parquesnacionales.gov.co\/portal\/wp-content\/uploads\/2023\/05\/respira-tayrona-2023-segundo-cierre.pdf\">Descargue el Comunicado de Prensa<\/a><\/p>\n\n\n\n<p><strong>Parques Nacionales Naturales de Colombia<\/strong>\u00a0Direcci\u00f3n: Calle 74 No. 11 \u2013 81, Bogot\u00e1 D.C., Colombia<br \/>Conmutador: (+57) 601 353 2400<br \/>L\u00ednea Gratuita: (+57) 01 8000 129722<\/p>\n\n\n\n<p><\/p>\n\n\n\n<p>parquesnacionales.gov.co<\/p>\n","protected":false},"excerpt":{"rendered":"<p>Parques Nacionales Naturales de Colombia informa a la ciudadan\u00eda que, el Parque Nacional Natural Tayrona cierra sus puertas a los visitantes del 1 al 15 de junio de 2023. \u201cRespira Tayrona\u201d permite la renovaci\u00f3n de la naturaleza, las playas, ecosistemas y especies que habitan all\u00ed. Parques Nacionales Naturales de Colombia y los cuatro pueblos ind\u00edgenas [&hellip;]<\/p>\n","protected":false},"author":1,"featured_media":146554,"comment_status":"closed","ping_status":"closed","sticky":false,"template":"","format":"standard","meta":{"_acf_changed":false,"_jetpack_memberships_contains_paid_content":false,"footnotes":"","jetpack_publicize_message":"","jetpack_publicize_feature_enabled":true,"jetpack_social_post_already_shared":true,"jetpack_social_options":{"image_generator_settings":{"template":"highway","default_image_id":0,"font":"","enabled":false},"version":2}},"categories":[6],"tags":[],"class_list":["post-146553","post","type-post","status-publish","format-standard","has-post-thumbnail","hentry","category-ecologia"],"acf":[],"jetpack_publicize_connections":[],"jetpack_featured_media_url":"https:\/\/i0.wp.com\/sportseco.com\/wp-content\/uploads\/2023\/05\/tayrona.png?fit=1200%2C630&ssl=1","jetpack_sharing_enabled":true,"_links":{"self":[{"href":"https:\/\/sportseco.com\/index.php?rest_route=\/wp\/v2\/posts\/146553","targetHints":{"allow":["GET"]}}],"collection":[{"href":"https:\/\/sportseco.com\/index.php?rest_route=\/wp\/v2\/posts"}],"about":[{"href":"https:\/\/sportseco.com\/index.php?rest_route=\/wp\/v2\/types\/post"}],"author":[{"embeddable":true,"href":"https:\/\/sportseco.com\/index.php?rest_route=\/wp\/v2\/users\/1"}],"replies":[{"embeddable":true,"href":"https:\/\/sportseco.com\/index.php?rest_route=%2Fwp%2Fv2%2Fcomments&post=146553"}],"version-history":[{"count":1,"href":"https:\/\/sportseco.com\/index.php?rest_route=\/wp\/v2\/posts\/146553\/revisions"}],"predecessor-version":[{"id":146555,"href":"https:\/\/sportseco.com\/index.php?rest_route=\/wp\/v2\/posts\/146553\/revisions\/146555"}],"wp:featuredmedia":[{"embeddable":true,"href":"https:\/\/sportseco.com\/index.php?rest_route=\/wp\/v2\/media\/146554"}],"wp:attachment":[{"href":"https:\/\/sportseco.com\/index.php?rest_route=%2Fwp%2Fv2%2Fmedia&parent=146553"}],"wp:term":[{"taxonomy":"category","embeddable":true,"href":"https:\/\/sportseco.com\/index.php?rest_route=%2Fwp%2Fv2%2Fcategories&post=146553"},{"taxonomy":"post_tag","embeddable":true,"href":"https:\/\/sportseco.com\/index.php?rest_route=%2Fwp%2Fv2%2Ftags&post=146553"}],"curies":[{"name":"wp","href":"https:\/\/api.w.org\/{rel}","templated":true}]}}