{"id":148493,"date":"2023-07-02T08:16:44","date_gmt":"2023-07-02T12:16:44","guid":{"rendered":"https:\/\/sportseco.com\/?p=148493"},"modified":"2023-07-02T08:16:49","modified_gmt":"2023-07-02T12:16:49","slug":"dia-internacional-del-periodista-deportivo-2-de-julio","status":"publish","type":"post","link":"https:\/\/sportseco.com\/?p=148493","title":{"rendered":"D\u00eda Internacional del Periodista Deportivo, 2 de Julio"},"content":{"rendered":"\n<p>El 2 de julio homenajeamos a aquellos profesionales de la comunicaci\u00f3n social, dedicados a informar sobre el mundo del deporte. Se celebra el&nbsp;<strong>D\u00eda<\/strong>&nbsp;<strong>Internacional del Periodista Deportivo<\/strong>.<\/p>\n\n\n\n<p>La creaci\u00f3n de esta efem\u00e9ride en el a\u00f1o 1995 surgi\u00f3 por iniciativa de la&nbsp;<em><strong>Asociaci\u00f3n Internacional de Prensa Deportiva (AIPS)<\/strong><\/em>, durante el Congreso Mundial de Quebec. Se eligi\u00f3 como fecha el d\u00eda 2 de junio para conmemorar la creaci\u00f3n de dicha Asociaci\u00f3n.<\/p>\n\n\n\n<p>No se trata solo de narrar noticias o eventos deportivos. El periodista deportivo contribuye a la promoci\u00f3n del deporte como un tema de inter\u00e9s general y educativo, fomentando h\u00e1bitos deportivos que repercuten en la salud de las personas.<\/p>\n\n\n\n<h2 class=\"wp-block-heading\">Asociaci\u00f3n Internacional de Prensa Deportiva (AIPS)<\/h2>\n\n\n\n<p>Se cre\u00f3 el 2 de julio de 1924 en Paris, Francia a ra\u00edz de la propuesta efectuada por el jefe de prensa de los Juegos Ol\u00edmpicos celebrados en ese a\u00f1o (<em>Franstz Reichel<\/em>) y por el belga&nbsp;<em>Victor Boin<\/em>.<\/p>\n\n\n\n<p>El objetivo principal de esta Asociaci\u00f3n es mejorar la cooperaci\u00f3n entre las 164 organizaciones de prensa deportiva en el mundo, orientada a promover el deporte y defender el inter\u00e9s profesional de sus miembros.<\/p>\n\n\n\n<p>Asimismo, fomenta valores como la amistad, solidaridad y los interesas comunes de los periodistas deportivos de todas las naciones, asegurando las mejores condiciones laborales de estos profesionales.<\/p>\n\n\n\n<p>La AIPS funge como un organismo intermediario entre la prensa internacional, atletas y patrocinadores. Igualmente coordina acciones conjuntamente con la Federaci\u00f3n Latinoamericana y del Caribe de Periodistas Deportivos.<\/p>\n\n\n\n<h2 class=\"wp-block-heading\">\u00bfCu\u00e1l es la labor del periodista deportivo?<\/h2>\n\n\n\n<p>La labor del periodista deportivo no se centra \u00fanicamente en informar sobre las noticias y eventos deportivos sino que va m\u00e1s all\u00e1, propiciando la generaci\u00f3n de debates y coloquios basados en el contenido de la informaci\u00f3n transmitida. Contribuye a fomentar la pr\u00e1ctica deportiva y la afici\u00f3n a los deportes.<\/p>\n\n\n\n<p>Una parte de estos profesionales de la informaci\u00f3n trabajan en la secci\u00f3n deportiva de peri\u00f3dicos y revistas, redactando art\u00edculos relacionados con los acontecimientos deportivos e informaci\u00f3n de inter\u00e9s sobre atletas y deportistas.<\/p>\n\n\n\n<p>Por otra parte, encontramos a periodistas deportivos cuyo campo de acci\u00f3n es el terreno del juego. Narran los eventos deportivos y juegos ol\u00edmpicos transmitidos en directo por radio o televisi\u00f3n, con particular \u00e9nfasis en el desarrollo del evento deportivo y el desempe\u00f1o de los jugadores y atletas.<\/p>\n\n\n\n<p>Comparte informaci\u00f3n sobre el\u00a0<strong>D\u00eda Internacional del Periodista Deportivo<\/strong>\u00a0en las redes sociales, utilizando el hashtag\u00a0<em><strong>#DiaInternacionalPeriodistaDeportivo.<\/strong><\/em><\/p>\n\n\n\n<p><\/p>\n\n\n\n<p><\/p>\n\n\n\n<p>diainternacionalde.com<\/p>\n","protected":false},"excerpt":{"rendered":"<p>El 2 de julio homenajeamos a aquellos profesionales de la comunicaci\u00f3n social, dedicados a informar sobre el mundo del deporte. Se celebra el&nbsp;D\u00eda&nbsp;Internacional del Periodista Deportivo. La creaci\u00f3n de esta efem\u00e9ride en el a\u00f1o 1995 surgi\u00f3 por iniciativa de la&nbsp;Asociaci\u00f3n Internacional de Prensa Deportiva (AIPS), durante el Congreso Mundial de Quebec. Se eligi\u00f3 como fecha [&hellip;]<\/p>\n","protected":false},"author":1,"featured_media":148494,"comment_status":"closed","ping_status":"closed","sticky":false,"template":"","format":"standard","meta":{"_acf_changed":false,"_jetpack_memberships_contains_paid_content":false,"footnotes":"","jetpack_publicize_message":"","jetpack_publicize_feature_enabled":true,"jetpack_social_post_already_shared":true,"jetpack_social_options":{"image_generator_settings":{"template":"highway","default_image_id":0,"font":"","enabled":false},"version":2}},"categories":[6],"tags":[],"class_list":["post-148493","post","type-post","status-publish","format-standard","has-post-thumbnail","hentry","category-ecologia"],"acf":[],"jetpack_publicize_connections":[],"jetpack_featured_media_url":"https:\/\/i0.wp.com\/sportseco.com\/wp-content\/uploads\/2023\/07\/06-02_dia-periodista-deportivo.jpg?fit=305%2C203&ssl=1","jetpack_sharing_enabled":true,"_links":{"self":[{"href":"https:\/\/sportseco.com\/index.php?rest_route=\/wp\/v2\/posts\/148493","targetHints":{"allow":["GET"]}}],"collection":[{"href":"https:\/\/sportseco.com\/index.php?rest_route=\/wp\/v2\/posts"}],"about":[{"href":"https:\/\/sportseco.com\/index.php?rest_route=\/wp\/v2\/types\/post"}],"author":[{"embeddable":true,"href":"https:\/\/sportseco.com\/index.php?rest_route=\/wp\/v2\/users\/1"}],"replies":[{"embeddable":true,"href":"https:\/\/sportseco.com\/index.php?rest_route=%2Fwp%2Fv2%2Fcomments&post=148493"}],"version-history":[{"count":1,"href":"https:\/\/sportseco.com\/index.php?rest_route=\/wp\/v2\/posts\/148493\/revisions"}],"predecessor-version":[{"id":148495,"href":"https:\/\/sportseco.com\/index.php?rest_route=\/wp\/v2\/posts\/148493\/revisions\/148495"}],"wp:featuredmedia":[{"embeddable":true,"href":"https:\/\/sportseco.com\/index.php?rest_route=\/wp\/v2\/media\/148494"}],"wp:attachment":[{"href":"https:\/\/sportseco.com\/index.php?rest_route=%2Fwp%2Fv2%2Fmedia&parent=148493"}],"wp:term":[{"taxonomy":"category","embeddable":true,"href":"https:\/\/sportseco.com\/index.php?rest_route=%2Fwp%2Fv2%2Fcategories&post=148493"},{"taxonomy":"post_tag","embeddable":true,"href":"https:\/\/sportseco.com\/index.php?rest_route=%2Fwp%2Fv2%2Ftags&post=148493"}],"curies":[{"name":"wp","href":"https:\/\/api.w.org\/{rel}","templated":true}]}}