{"id":148511,"date":"2023-07-02T12:39:57","date_gmt":"2023-07-02T16:39:57","guid":{"rendered":"https:\/\/sportseco.com\/?p=148511"},"modified":"2023-07-02T12:40:01","modified_gmt":"2023-07-02T16:40:01","slug":"minambiente-presenta-sus-principales-compromisos-tras-gira-de-gobierno-con-el-pueblo-en-la-guajira","status":"publish","type":"post","link":"https:\/\/sportseco.com\/?p=148511","title":{"rendered":"Minambiente presenta sus principales compromisos tras Gira de \u2018Gobierno con el Pueblo\u2019 en La Guajira"},"content":{"rendered":"\n<figure class=\"wp-block-image\"><img data-recalc-dims=\"1\" decoding=\"async\" src=\"https:\/\/i0.wp.com\/www.minambiente.gov.co\/wp-content\/uploads\/2023\/07\/IMG-20230630-WA0179.jpg?w=640&#038;ssl=1\" alt=\"Minambiente presenta sus principales compromisos tras Gira de \u2018Gobierno con el Pueblo\u2019 en La Guajira\" title=\"Minambiente presenta sus principales compromisos tras Gira de \u2018Gobierno con el Pueblo\u2019 en La Guajira\"\/><\/figure>\n\n\n\n<ul class=\"wp-block-list\">\n<li>La jornada \u2018Gobierno con el Pueblo\u2019, que se realiz\u00f3 durante esta semana en La Guajira, compil\u00f3 las acciones del Gobierno Nacional para poder construir las soluciones que necesita la regi\u00f3n de la mano con las comunidades, en especial para enfrentar los efectos de la sequ\u00eda que, seg\u00fan la Organizaci\u00f3n Meteorol\u00f3gica Mundial, podr\u00edan ser los m\u00e1s calientes de la Tierra.<\/li>\n\n\n\n<li>La jefe de la cartera ambiental invit\u00f3 a crear un pacto social del agua entre todos los sectores para proteger a la gente, la naturaleza y cuidar las fuentes h\u00eddricas, teniendo en cuenta que el 100% de los municipios de La Guajira son susceptibles al desabastecimiento de agua.<\/li>\n<\/ul>\n\n\n\n<p><strong>Riohacha (La Guajira), 1 de julio de 2023.<\/strong>&nbsp;Tras culminar su gira por el departamento de La Guajira, la ministra de Ambiente y Desarrollo Sostenible, Susana Muhamad, realiz\u00f3 un balance de las diferentes acciones que llevar\u00e1 a cabo el Sector Ambiente con el objetivo de preservar y proteger a esta regi\u00f3n de los efectos relacionados con el cambio clim\u00e1tico.<\/p>\n\n\n\n<p>En primer lugar y luego de hacer una evaluaci\u00f3n de la situaci\u00f3n en la regi\u00f3n, la ministra asegur\u00f3 que habr\u00e1 una priorizaci\u00f3n del uso del agua con monitoreo ambiental de la afectaci\u00f3n de caudales por el fen\u00f3meno de El Ni\u00f1o y el manejo de las concesiones de agua para garantizar as\u00ed los caudales ecol\u00f3gicos.<\/p>\n\n\n\n<p>En la gira del \u2018Gobierno con el Pueblo\u2019, que se realiz\u00f3 esta semana en La Guajira y en el cual la comunidad fue fundamental para construir las soluciones a las diferentes problem\u00e1ticas, el Ministerio de Ambiente junto con las diferentes entidades del sector anunciaron la protecci\u00f3n de manera integral de la Cuenca del R\u00edo Rancher\u00eda frente a la expansi\u00f3n de la frontera del carb\u00f3n. De hecho, el Consejo Nacional del Agua instal\u00f3 la Mesa T\u00e9cnica que fue ordenada por el Consejo de Estado para adelantar las acciones necesarias que lleven a la conclusi\u00f3n del proyecto de la represa de este r\u00edo en el departamento.<\/p>\n\n\n\n<p>Una vez fue escuchada la comunidad, en la rancher\u00eda Paradero del municipio de Albania, donde se expuso la problem\u00e1tica de las diferentes fuentes de agua contaminadas por la gran miner\u00eda, en especial lo concerniente con el arroyo Bruno, se decidi\u00f3 que se instalar\u00e1 una mesa t\u00e9cnica ambiental con el pueblo wayuu.<\/p>\n\n\n\n<p>Otra de las acciones contundentes a ejecutar y que se dio como resultado del trabajo con las comunidades fue la licencia social, \u00e9tnica y ambiental para concertar con el pueblo wayuu la integridad ambiental de sus territorios y acelerar de esta forma la transici\u00f3n energ\u00e9tica justa.<\/p>\n\n\n\n<p>En el marco de la Emergencia Econ\u00f3mica, Social y Ecol\u00f3gica, decretada por el Gobierno Nacional, se llevar\u00e1 a cabo una aceleraci\u00f3n de tr\u00e1mites ambientales para la transici\u00f3n energ\u00e9tica y la rehabilitaci\u00f3n de infraestructuras de agua potable.<\/p>\n\n\n\n<p>El Ministerio de Ambiente y Desarrollo Sostenible invertir\u00e1 15.000 millones de pesos para la protecci\u00f3n de los pastos marinos de La Guajira para el desarrollo de bonos soberanos de carbono y biodiversidad. \u201cLos pastos marinos, que tienen una extensi\u00f3n de m\u00e1s de 64.000 hect\u00e1reas en Colombia, son una barrera productora de ox\u00edgeno. Para hacer realidad esta medida de protecci\u00f3n \u00fanica en el pa\u00eds se invertir\u00e1 cerca de 15.000 millones de pesos\u201d, enfatiz\u00f3 la ministra Muhamad.<\/p>\n\n\n\n<p>Hay que anotar que m\u00e1s del 80% de los pastos marinos del pa\u00eds est\u00e1 en La Guajira y en su fase inicial el programa de financiamiento azul se concentrar\u00e1 en un \u00e1rea que cubre el 22% de estas praderas. Dentro de este proyecto se realizar\u00e1 la zonificaci\u00f3n ambiental de todos los pastos marinos del departamento.<\/p>\n\n\n\n<p>Por otra parte, en la Alta Guajira, la ministra Muhamad anunci\u00f3 el plan de restauraci\u00f3n, uso sostenible y protecci\u00f3n de 24.000 hect\u00e1reas en el Parque Nacional Natural Macuira, en el cual se invertir\u00e1n 40.000 millones de pesos y se ejecutar\u00e1 con el apoyo de las autoridades \u00e9tnicas tradicionales de la regi\u00f3n y en donde se prev\u00e9 la restauraci\u00f3n ecol\u00f3gica de 4.000 hect\u00e1reas.<\/p>\n\n\n\n<p>Finalmente, otra de las acciones del Sector Ambiente en esta regi\u00f3n del pa\u00eds ser\u00e1 establecer un r\u00e9gimen de planes de cierre ambiental de la miner\u00eda de carb\u00f3n, evaluando los impactos acumulativos y participativos con justicia social y ambiental.<\/p>\n\n\n\n<p>Con estas acciones, el Gobierno del Cambio del presidente Gustavo Petro logra ver la riqueza del mar en La Guajira en beneficio de las comunidades y espera enfrentar los efectos de la crisis clim\u00e1tica, controlar la erosi\u00f3n costera y proteger de manera integral la biodiversidad en esta regi\u00f3n del pa\u00eds.<\/p>\n\n\n\n<p><\/p>\n\n\n\n<p>minambiente.gov.co<\/p>\n","protected":false},"excerpt":{"rendered":"<p>Riohacha (La Guajira), 1 de julio de 2023.&nbsp;Tras culminar su gira por el departamento de La Guajira, la ministra de Ambiente y Desarrollo Sostenible, Susana Muhamad, realiz\u00f3 un balance de las diferentes acciones que llevar\u00e1 a cabo el Sector Ambiente con el objetivo de preservar y proteger a esta regi\u00f3n de los efectos relacionados con [&hellip;]<\/p>\n","protected":false},"author":1,"featured_media":148512,"comment_status":"closed","ping_status":"closed","sticky":false,"template":"","format":"standard","meta":{"_acf_changed":false,"_jetpack_memberships_contains_paid_content":false,"footnotes":"","jetpack_publicize_message":"","jetpack_publicize_feature_enabled":true,"jetpack_social_post_already_shared":true,"jetpack_social_options":{"image_generator_settings":{"template":"highway","default_image_id":0,"font":"","enabled":false},"version":2}},"categories":[6],"tags":[],"class_list":["post-148511","post","type-post","status-publish","format-standard","has-post-thumbnail","hentry","category-ecologia"],"acf":[],"jetpack_publicize_connections":[],"jetpack_featured_media_url":"https:\/\/i0.wp.com\/sportseco.com\/wp-content\/uploads\/2023\/07\/IMG-20230630-WA0179.jpg?fit=1600%2C1067&ssl=1","jetpack_sharing_enabled":true,"_links":{"self":[{"href":"https:\/\/sportseco.com\/index.php?rest_route=\/wp\/v2\/posts\/148511","targetHints":{"allow":["GET"]}}],"collection":[{"href":"https:\/\/sportseco.com\/index.php?rest_route=\/wp\/v2\/posts"}],"about":[{"href":"https:\/\/sportseco.com\/index.php?rest_route=\/wp\/v2\/types\/post"}],"author":[{"embeddable":true,"href":"https:\/\/sportseco.com\/index.php?rest_route=\/wp\/v2\/users\/1"}],"replies":[{"embeddable":true,"href":"https:\/\/sportseco.com\/index.php?rest_route=%2Fwp%2Fv2%2Fcomments&post=148511"}],"version-history":[{"count":1,"href":"https:\/\/sportseco.com\/index.php?rest_route=\/wp\/v2\/posts\/148511\/revisions"}],"predecessor-version":[{"id":148513,"href":"https:\/\/sportseco.com\/index.php?rest_route=\/wp\/v2\/posts\/148511\/revisions\/148513"}],"wp:featuredmedia":[{"embeddable":true,"href":"https:\/\/sportseco.com\/index.php?rest_route=\/wp\/v2\/media\/148512"}],"wp:attachment":[{"href":"https:\/\/sportseco.com\/index.php?rest_route=%2Fwp%2Fv2%2Fmedia&parent=148511"}],"wp:term":[{"taxonomy":"category","embeddable":true,"href":"https:\/\/sportseco.com\/index.php?rest_route=%2Fwp%2Fv2%2Fcategories&post=148511"},{"taxonomy":"post_tag","embeddable":true,"href":"https:\/\/sportseco.com\/index.php?rest_route=%2Fwp%2Fv2%2Ftags&post=148511"}],"curies":[{"name":"wp","href":"https:\/\/api.w.org\/{rel}","templated":true}]}}