{"id":149649,"date":"2023-07-22T11:45:22","date_gmt":"2023-07-22T15:45:22","guid":{"rendered":"https:\/\/sportseco.com\/?p=149649"},"modified":"2023-07-22T11:45:26","modified_gmt":"2023-07-22T15:45:26","slug":"renacer-y-redencion-de-tadej-pogacar-en-le-markstein","status":"publish","type":"post","link":"https:\/\/sportseco.com\/?p=149649","title":{"rendered":"RENACER Y REDENCI\u00d3N DE TADEJ POGACAR EN LE MARKSTEIN"},"content":{"rendered":"\n<p>TOUR DE FRANCE 2023&nbsp;|&nbsp;ETAPA 20&nbsp;|&nbsp;BELFORT &gt; LE MARKSTEIN FELLERING<\/p>\n\n\n\n<p>Lejos de ser un simple final, la \u00faltima etapa de monta\u00f1a del Tour de Francia 2023 regal\u00f3 emociones y esperanzas por doquier. El franc\u00e9s Thibaut Pinot (Groupama-FDJ) se despidi\u00f3 de la afici\u00f3n de la Grande Boucle con una bella cabalgada por sus carreteras favoritas, aplacada por los hombres de la general que quisieron luchar por la victoria en Le Markstein. \u00c9sta correspondi\u00f3 a un Tadej Pogacar (UAE Team Emirates) redivivo tras su crisis en el Col de la Loze, que bati\u00f3 al sprint a Felix Gall (Ag2r-Citr\u00f6en) y Jonas Vingegaard (Jumbo-Visma). El dan\u00e9s defendi\u00f3 sin problemas el maillot amarillo que lucir\u00e1 en el podio de los Campos El\u00edseos frente a Pogacar y su coequipier Adam Yates. Mermado por una ca\u00edda, Carlos Rodr\u00edguez (Ineos Grenadiers) cedi\u00f3 el 4\u00ba puesto de la general a Simon Yates (Jayco-AlUla); mientras, Giulio Ciccone (Lidl-Trek) confirm\u00f3 su triunfo en la clasificaci\u00f3n de la Monta\u00f1a.<\/p>\n\n\n\n<p>151 corredores tomaron la salida en la vig\u00e9sima etapa del Tour de Francia 2023, que cubrir\u00eda 133,5 kil\u00f3metros entre Belfort y Le Markstein &#8211; Fellering, a las 13:44. El ciclista m\u00e1s combativo de las dos etapas precedentes, Victor Campenaerts (Lotto-dstny), fue el primer atacante, de inicio acompa\u00f1ado por su compa\u00f1ero Jasper de Buyst; sin embargo, fue neutralizado en el kil\u00f3metro 19,5, ya en el Ballon d\u2019Alsace (2\u00aa, km 24), por un pelot\u00f3n liderado por Lidl-Trek. El conjunto estadounidense buscaba respaldar a Giulio Ciccone en su lucha por la clasificaci\u00f3n de la Monta\u00f1a. Efectivamente, el italiano fue el primero en franquear los cuatro primeros puertos del d\u00eda para certificar matem\u00e1ticamente la propiedad del maillot de puntos rojos.<\/p>\n\n\n\n<p><strong>Ca\u00edda de Rodr\u00edguez y fuga de Vingegaard<\/strong><\/p>\n\n\n\n<p>La primera bajada del d\u00eda fue muy r\u00e1pida y en el kil\u00f3metro 33 se registr\u00f3 una dura ca\u00edda de Carlos Rodr\u00edguez (Ineos Grenadiers), 4\u00ba en la general provisional, y Sepp Kuss (Jumbo-Visma), gregario clave del maillot amarillo Jonas Vingegaard. Ambos reemprendieron la marcha r\u00e1pidamente, mermados. A resultas del incidente surgi\u00f3 un corte cabecero de 16 ciclistas con el propio Vingegaard, del cual se adelant\u00f3 Mads Pedersen (Lidl-Trek) para liderar el paso por Fresse-sur-Moselle (SI, km 37,2).<\/p>\n\n\n\n<p><strong>Ciccone, ganador de la Monta\u00f1a<\/strong><\/p>\n\n\n\n<p>El maillot amarillo acab\u00f3 levantando el pie, quedando por delante una fuga que se seleccion\u00f3 en el Col de la Croix des Moinats (2\u00aa, km 56,5). En su cima, s\u00f3lo estaban por delante Tom Pidcock (Ineos Grenadiers), Giulio Ciccone, Mattias Skjelmose (Lidl-Trek), Krists Neilands (Israel-PremierTech), Warren Barguil (Ark\u00e9a-Samsic) y Maxim Van Gils (Lotto-dstny). En ese momento salt\u00f3 del pelot\u00f3n un contragolpe que, durante la ascensi\u00f3n y el posterior descenso al Col de Grosse Pierre (2\u00aa, km 64,9), permiti\u00f3 empalmar con cabeza de carrera a Thibaut Pinot, Valentin Madouas (Groupama-FDJ), Rigoberto Ur\u00e1n (EF Education-EasyPost), Kevin Vermaerke (dsm-firmenich) y Chris Harper (Jayco-AlUla). Con la claudicaci\u00f3n de Neilands, qued\u00f3 establecido un grupo de 10 en cabeza de carrera que, al pie del Col de la Schlucht (3\u00aa, km 79,4), contaba 1\u201900\u201d de ventaja sobre un reducido pelot\u00f3n liderado por UAE Team Emirates. En la cima de este puerto sentenci\u00f3 Ciccone la clasificaci\u00f3n de la Monta\u00f1a. El italiano alz\u00f3 los brazos en gesto de celebraci\u00f3n, e incluso fue felicitado por sus compa\u00f1eros de aventura.<\/p>\n\n\n\n<p><strong>\u00c9xtasis de Thibaut Pinot<\/strong><\/p>\n\n\n\n<p>La escapada demarr\u00f3 el Petit Ballon (1\u00aa, km 108,2) con 1\u201910\u201d de ventaja sobre el grupo principal. En las primeras rampas, Pinot comenz\u00f3 a marcar un exigente ritmo que s\u00f3lo pudieron seguir Madouas, Pidcock, Barguil, Ciccone y Harper\u2026 hasta que, a 6 kil\u00f3metros de la cima, el galo se march\u00f3 en solitario. Coron\u00f3 con 30\u201d de ventaja sobre Pidcock, Harper y Barguil; y 1\u201930\u201d sobre un grupo del maillot amarillo reducido a 15 ciclistas y conducido por Jumbo-Visma. Fue su canto del cisne, ante su p\u00fablico, en su \u00faltimo Tour de Francia.<\/p>\n\n\n\n<p><strong>Pogacar vuelve por sus fueros<\/strong><\/p>\n\n\n\n<p>La carrera se defini\u00f3 en la subida al Col du Platzerwasel (1\u00aa, km 125,3). Tadej Pogacar (UAE Team Emirates) romper\u00eda el grupo principal a 6 kil\u00f3metros de su cima, llev\u00e1ndose consigo a Vingegaard y un voluntarioso Felix Gall (Ag2r-Citr\u00f6en) que asumi\u00f3 el peso el grupo hasta llevarlo a cabeza de carrera a 4 del puerto, quedando descolgados los fugados poco despu\u00e9s. Juntos coronaron con Gall liderando y 15\u201d de ventaja respecto a los hermanos Adam Yates (UAE Team Emirates) y Simon Yates (Jayco-AlUla), quienes se hab\u00edan destacado del resto de hombres de la general y acabar\u00edan por dar caza al tr\u00edo cabecero a 5 kil\u00f3metros de meta. En Le Markstein, Adam Yates lanzar\u00eda el sprint para que se impusiera su jefe de filas Pogacar sobre Gall y Vingegaard. Pello Bilbao (Bahrain Victorious) llegar\u00eda a 33\u201d para certificar su 6\u00aa plaza en la general; Carlos Rodr\u00edguez (Ineos Grenadiers) lo har\u00eda a 52\u201d, cediendo el 4\u00ba lugar a Simon Yates y consolidando un excelente 5\u00ba puesto en su primer Tour de Francia.<\/p>\n\n\n\n<figure class=\"wp-block-image\"><a href=\"https:\/\/img.aso.fr\/core_app\/img-cycling-tdf-jpg\/header-e20-arrivee\/51906\/0:0,2000:890-1200-0-70\/daf0b\"><img decoding=\"async\" src=\"https:\/\/img.aso.fr\/core_app\/img-cycling-tdf-jpg\/header-e20-arrivee\/51906\/0:0,2000:890-2400-0-70\/a854a\" alt=\"\"\/><\/a><\/figure>\n\n\n\n<p>letour.fr<\/p>\n","protected":false},"excerpt":{"rendered":"<p>TOUR DE FRANCE 2023&nbsp;|&nbsp;ETAPA 20&nbsp;|&nbsp;BELFORT &gt; LE MARKSTEIN FELLERING Lejos de ser un simple final, la \u00faltima etapa de monta\u00f1a del Tour de Francia 2023 regal\u00f3 emociones y esperanzas por doquier. El franc\u00e9s Thibaut Pinot (Groupama-FDJ) se despidi\u00f3 de la afici\u00f3n de la Grande Boucle con una bella cabalgada por sus carreteras favoritas, aplacada por [&hellip;]<\/p>\n","protected":false},"author":1,"featured_media":149650,"comment_status":"closed","ping_status":"closed","sticky":false,"template":"","format":"standard","meta":{"_acf_changed":false,"_jetpack_memberships_contains_paid_content":false,"footnotes":"","jetpack_publicize_message":"","jetpack_publicize_feature_enabled":true,"jetpack_social_post_already_shared":true,"jetpack_social_options":{"image_generator_settings":{"template":"highway","default_image_id":0,"font":"","enabled":false},"version":2}},"categories":[14],"tags":[],"class_list":["post-149649","post","type-post","status-publish","format-standard","has-post-thumbnail","hentry","category-ciclismo"],"acf":[],"jetpack_publicize_connections":[],"jetpack_featured_media_url":"https:\/\/i0.wp.com\/sportseco.com\/wp-content\/uploads\/2023\/07\/a854a.jpeg?fit=2400%2C1068&ssl=1","jetpack_sharing_enabled":true,"_links":{"self":[{"href":"https:\/\/sportseco.com\/index.php?rest_route=\/wp\/v2\/posts\/149649","targetHints":{"allow":["GET"]}}],"collection":[{"href":"https:\/\/sportseco.com\/index.php?rest_route=\/wp\/v2\/posts"}],"about":[{"href":"https:\/\/sportseco.com\/index.php?rest_route=\/wp\/v2\/types\/post"}],"author":[{"embeddable":true,"href":"https:\/\/sportseco.com\/index.php?rest_route=\/wp\/v2\/users\/1"}],"replies":[{"embeddable":true,"href":"https:\/\/sportseco.com\/index.php?rest_route=%2Fwp%2Fv2%2Fcomments&post=149649"}],"version-history":[{"count":1,"href":"https:\/\/sportseco.com\/index.php?rest_route=\/wp\/v2\/posts\/149649\/revisions"}],"predecessor-version":[{"id":149651,"href":"https:\/\/sportseco.com\/index.php?rest_route=\/wp\/v2\/posts\/149649\/revisions\/149651"}],"wp:featuredmedia":[{"embeddable":true,"href":"https:\/\/sportseco.com\/index.php?rest_route=\/wp\/v2\/media\/149650"}],"wp:attachment":[{"href":"https:\/\/sportseco.com\/index.php?rest_route=%2Fwp%2Fv2%2Fmedia&parent=149649"}],"wp:term":[{"taxonomy":"category","embeddable":true,"href":"https:\/\/sportseco.com\/index.php?rest_route=%2Fwp%2Fv2%2Fcategories&post=149649"},{"taxonomy":"post_tag","embeddable":true,"href":"https:\/\/sportseco.com\/index.php?rest_route=%2Fwp%2Fv2%2Ftags&post=149649"}],"curies":[{"name":"wp","href":"https:\/\/api.w.org\/{rel}","templated":true}]}}