{"id":149677,"date":"2023-07-24T08:06:05","date_gmt":"2023-07-24T12:06:05","guid":{"rendered":"https:\/\/sportseco.com\/?p=149677"},"modified":"2023-07-24T08:06:09","modified_gmt":"2023-07-24T12:06:09","slug":"sorpresa-de-meeus-y-exito-de-vingegaard-como-colofon-a-un-tour-inolvidable","status":"publish","type":"post","link":"https:\/\/sportseco.com\/?p=149677","title":{"rendered":"SORPRESA DE MEEUS Y \u00c9XITO DE VINGEGAARD COMO COLOF\u00d3N A UN TOUR INOLVIDABLE"},"content":{"rendered":"\n<p>TOUR DE FRANCE 2023&nbsp;|&nbsp;ETAPA 21&nbsp;|&nbsp;SAINT-QUENTIN-EN-YVELINES &gt; PARIS CHAMPS-\u00c9LYS\u00c9ES<\/p>\n\n\n\n<p>La 110\u00aa edici\u00f3n del Tour de Francia concluy\u00f3 en los Campos El\u00edseos con el habitual paseo por los alrededores de Par\u00eds hasta llegar a su coraz\u00f3n, momento en el cual la competici\u00f3n se desat\u00f3. Se registraron miles de ataques: incluso Tadej Pogacar (UAE Team Emirates) lanz\u00f3 el suyo. Sin embargo, todo qued\u00f3 para la tradicional llegada masiva en la que Jordi Meeus (Bora-Hansgrohe) dio la sorpresa por delante del maillot verde Jasper Philipsen (Alpecin-Deceuninck) y del neerland\u00e9s Dylan Groenewegen (Jayco-AlUla). Por su parte, Jonas Vingegaard (Jumbo-Visma) confirm\u00f3 su segunda victoria consecutiva en la general de la Grande Boucle y fue escoltado en el podio final por dos UAE Team Emirates: el mentado Pogacar y el brit\u00e1nico Adam Yates.<\/p>\n\n\n\n<p>150 corredores tomaron la salida en la vigesimoprimera etapa del Tour de Francia 2023, que cubrir\u00eda 115,1 kil\u00f3metros entre Saint-Quentin-en-Yvelines y los Campos El\u00edseos de Par\u00eds, a las 16:38. El pelot\u00f3n discurri\u00f3 tranquilo, en un ambiente de camarader\u00eda y alegr\u00eda, permitiendo a Giulio Ciccone (Lidl-Trek) pasar el primero por la C\u00f4te du Pav\u00e9 des Gardes (4\u00aa, km 42,8) para celebrar su victoria en la clasificaci\u00f3n de la Monta\u00f1a. Todo cambi\u00f3 a partir de la entrada en los Campos El\u00edseos, a 56,2 kil\u00f3metros de meta. Fue entonces que comenzaron los ataques.<\/p>\n\n\n\n<p><strong>Ofensiva de Pogacar<\/strong><\/p>\n\n\n\n<p>Ning\u00fan demarraje prosperaba hasta que Tadej Pogacar (UAE Team Emirates) ensay\u00f3 el suyo a 48 kil\u00f3metros de meta. El esloveno fue marcado de inmediato por Nathan Van Hooydonck (Jumbo-Visma), construyendo juntos una renta de 10\u201d cronometrada en el sprint intermedio sito en la parte alta de los Campos El\u00edseos (SI, km 75,1). Poco a poco se unir\u00edan otros ocho hombres a la ofensiva: Michal Kwiatkowski (Ineos Grenadiers), Alberto Bettiol (EF Education-EasyPost), Nils Politt (Bora-Hansgrohe), Mattias Skjelmose (Lidl-Trek), Alexander Edmondson (dsm-firmenich), Harold Tejada (Astana Qazaqstan), Yves Lampaert (Soudal-Quick Step) y Fred Wright (Bahrain Victorious). Sin embargo, la ofensiva ser\u00eda echada abajo por el pelot\u00f3n a 33 de meta.<\/p>\n\n\n\n<p><strong>Todo qued\u00f3 para el sprint<\/strong><\/p>\n\n\n\n<p>Fue a 30 kil\u00f3metros del final, a poco m\u00e1s de cuatro vueltas para el final, que fragu\u00f3 una nueva fuga con Simon Clarke (Israel-PremierTech), Frederik Frison (Lotto-dstny) y Nelson Oliveira (Movistar Team). El tr\u00edo lleg\u00f3 a disfrutar de 20\u201d de ventaja registrados a 20 de meta, antes de ser cazados 10 kil\u00f3metros m\u00e1s tarde. Todo qued\u00f3 para una llegada masiva en la que Alpecin-Deceuninck trat\u00f3 de llevar la voz cantante mientras los hombres de la general levantan el pie casi en pleno, dado que los tiempos se tomaron en el \u00faltimo paso por meta, a 6,8 del final. Dylan Groenewegen (Jayco-AlUla) anticip\u00f3 la \u2018volata\u2019 y desorden\u00f3 el esfuerzo de Mathieu Van der Poel y Jasper Philipsen, permitiendo que Jordi Meeus (Bora-Hansgrohe) diera la sorpresa desde la rueda de Mads Pedersen (Lidl-Trek).<\/p>\n\n\n\n<figure class=\"wp-block-image\"><a href=\"https:\/\/img.aso.fr\/core_app\/img-cycling-tdf-jpg\/header-hp-etape-21\/52134\/0:0,2000:890-1200-0-70\/263e1\"><img decoding=\"async\" src=\"https:\/\/img.aso.fr\/core_app\/img-cycling-tdf-jpg\/header-hp-etape-21\/52134\/0:0,2000:890-2400-0-70\/3456f\" alt=\"\"\/><\/a><\/figure>\n","protected":false},"excerpt":{"rendered":"<p>TOUR DE FRANCE 2023&nbsp;|&nbsp;ETAPA 21&nbsp;|&nbsp;SAINT-QUENTIN-EN-YVELINES &gt; PARIS CHAMPS-\u00c9LYS\u00c9ES La 110\u00aa edici\u00f3n del Tour de Francia concluy\u00f3 en los Campos El\u00edseos con el habitual paseo por los alrededores de Par\u00eds hasta llegar a su coraz\u00f3n, momento en el cual la competici\u00f3n se desat\u00f3. Se registraron miles de ataques: incluso Tadej Pogacar (UAE Team Emirates) lanz\u00f3 el [&hellip;]<\/p>\n","protected":false},"author":1,"featured_media":149678,"comment_status":"closed","ping_status":"closed","sticky":false,"template":"","format":"standard","meta":{"_acf_changed":false,"_jetpack_memberships_contains_paid_content":false,"footnotes":"","jetpack_publicize_message":"","jetpack_publicize_feature_enabled":true,"jetpack_social_post_already_shared":true,"jetpack_social_options":{"image_generator_settings":{"template":"highway","default_image_id":0,"font":"","enabled":false},"version":2}},"categories":[14],"tags":[],"class_list":["post-149677","post","type-post","status-publish","format-standard","has-post-thumbnail","hentry","category-ciclismo"],"acf":[],"jetpack_publicize_connections":[],"jetpack_featured_media_url":"https:\/\/i0.wp.com\/sportseco.com\/wp-content\/uploads\/2023\/07\/3456f.jpeg?fit=2400%2C1068&ssl=1","jetpack_sharing_enabled":true,"_links":{"self":[{"href":"https:\/\/sportseco.com\/index.php?rest_route=\/wp\/v2\/posts\/149677","targetHints":{"allow":["GET"]}}],"collection":[{"href":"https:\/\/sportseco.com\/index.php?rest_route=\/wp\/v2\/posts"}],"about":[{"href":"https:\/\/sportseco.com\/index.php?rest_route=\/wp\/v2\/types\/post"}],"author":[{"embeddable":true,"href":"https:\/\/sportseco.com\/index.php?rest_route=\/wp\/v2\/users\/1"}],"replies":[{"embeddable":true,"href":"https:\/\/sportseco.com\/index.php?rest_route=%2Fwp%2Fv2%2Fcomments&post=149677"}],"version-history":[{"count":1,"href":"https:\/\/sportseco.com\/index.php?rest_route=\/wp\/v2\/posts\/149677\/revisions"}],"predecessor-version":[{"id":149679,"href":"https:\/\/sportseco.com\/index.php?rest_route=\/wp\/v2\/posts\/149677\/revisions\/149679"}],"wp:featuredmedia":[{"embeddable":true,"href":"https:\/\/sportseco.com\/index.php?rest_route=\/wp\/v2\/media\/149678"}],"wp:attachment":[{"href":"https:\/\/sportseco.com\/index.php?rest_route=%2Fwp%2Fv2%2Fmedia&parent=149677"}],"wp:term":[{"taxonomy":"category","embeddable":true,"href":"https:\/\/sportseco.com\/index.php?rest_route=%2Fwp%2Fv2%2Fcategories&post=149677"},{"taxonomy":"post_tag","embeddable":true,"href":"https:\/\/sportseco.com\/index.php?rest_route=%2Fwp%2Fv2%2Ftags&post=149677"}],"curies":[{"name":"wp","href":"https:\/\/api.w.org\/{rel}","templated":true}]}}