{"id":149706,"date":"2023-07-24T08:47:13","date_gmt":"2023-07-24T12:47:13","guid":{"rendered":"https:\/\/sportseco.com\/?p=149706"},"modified":"2023-07-24T08:47:16","modified_gmt":"2023-07-24T12:47:16","slug":"tadej-pogacar-uae-team-emirates-adios-a-mi-querido-maillot-blanco","status":"publish","type":"post","link":"https:\/\/sportseco.com\/?p=149706","title":{"rendered":"TADEJ POGACAR (UAE TEAM EMIRATES): \u201cADI\u00d3S A MI QUERIDO MAILLOT BLANCO\u201d"},"content":{"rendered":"\n<p>Pese a que part\u00edamos con el objetivo de ganar, puedo sentirme satisfecho con todo lo que ha ocurrido en este Tour de Francia. Ha sido una carrera fant\u00e1stica para m\u00ed y para mi equipo. Estoy muy feliz de haber subido al podio de Par\u00eds, y encima con el maillot blanco por una \u00faltima vez. Muchas gracias a todos los que me apoyan, y adi\u00f3s a mi querido maillot blanco\u2026 \u00a1ya he dejado de ser joven! [r\u00ede]<\/p>\n\n\n\n<p>Sab\u00eda que tarde o temprano iba a pasar momentos duros como ciclista. No ser\u00e1 la \u00faltima vez en la que sienta que he ido m\u00e1s all\u00e1 de mi l\u00edmite. Creo que puedo aprender cosas de esto. De cara al futuro, ya s\u00e9 un poco mejor qu\u00e9 puedo esperar de m\u00ed mismo.<\/p>\n\n\n\n<figure class=\"wp-block-image\"><a href=\"https:\/\/img.aso.fr\/core_app\/img-cycling-tdf-jpg\/podium-blanc\/52180\/0:0,1200:800-1200-0-70\/e3356\"><img decoding=\"async\" src=\"https:\/\/img.aso.fr\/core_app\/img-cycling-tdf-jpg\/podium-blanc\/52180\/0:0,1200:800-2400-0-70\/82b03\" alt=\"23\/07\/2023 - Tour de France 2023 - Etape 21 -Saint-Quentin-en-Yvelines \/ Paris Champs-\u00c9lys\u00e9es (115,1 km) - POGACAR Tadej (UAE TEAM EMIRATES) - Avec le maillot blanc\"\/><\/a><figcaption class=\"wp-element-caption\">23\/07\/2023 &#8211; Tour de France 2023 &#8211; Etape 21 -Saint-Quentin-en-Yvelines \/ Paris Champs-\u00c9lys\u00e9es (115,1 km) &#8211; POGACAR Tadej (UAE TEAM EMIRATES) &#8211; Avec le maillot blanc \u00a9 A.S.O.\/Pauline Ballet<\/figcaption><\/figure>\n\n\n\n<p><\/p>\n\n\n\n<p>letour.fr<\/p>\n","protected":false},"excerpt":{"rendered":"<p>Pese a que part\u00edamos con el objetivo de ganar, puedo sentirme satisfecho con todo lo que ha ocurrido en este Tour de Francia. Ha sido una carrera fant\u00e1stica para m\u00ed y para mi equipo. Estoy muy feliz de haber subido al podio de Par\u00eds, y encima con el maillot blanco por una \u00faltima vez. Muchas [&hellip;]<\/p>\n","protected":false},"author":1,"featured_media":149707,"comment_status":"closed","ping_status":"closed","sticky":false,"template":"","format":"standard","meta":{"_acf_changed":false,"_jetpack_memberships_contains_paid_content":false,"footnotes":"","jetpack_publicize_message":"","jetpack_publicize_feature_enabled":true,"jetpack_social_post_already_shared":true,"jetpack_social_options":{"image_generator_settings":{"template":"highway","default_image_id":0,"font":"","enabled":false},"version":2}},"categories":[14],"tags":[],"class_list":["post-149706","post","type-post","status-publish","format-standard","has-post-thumbnail","hentry","category-ciclismo"],"acf":[],"jetpack_publicize_connections":[],"jetpack_featured_media_url":"https:\/\/i0.wp.com\/sportseco.com\/wp-content\/uploads\/2023\/07\/82b03.jpeg?fit=2400%2C1600&ssl=1","jetpack_sharing_enabled":true,"_links":{"self":[{"href":"https:\/\/sportseco.com\/index.php?rest_route=\/wp\/v2\/posts\/149706","targetHints":{"allow":["GET"]}}],"collection":[{"href":"https:\/\/sportseco.com\/index.php?rest_route=\/wp\/v2\/posts"}],"about":[{"href":"https:\/\/sportseco.com\/index.php?rest_route=\/wp\/v2\/types\/post"}],"author":[{"embeddable":true,"href":"https:\/\/sportseco.com\/index.php?rest_route=\/wp\/v2\/users\/1"}],"replies":[{"embeddable":true,"href":"https:\/\/sportseco.com\/index.php?rest_route=%2Fwp%2Fv2%2Fcomments&post=149706"}],"version-history":[{"count":1,"href":"https:\/\/sportseco.com\/index.php?rest_route=\/wp\/v2\/posts\/149706\/revisions"}],"predecessor-version":[{"id":149708,"href":"https:\/\/sportseco.com\/index.php?rest_route=\/wp\/v2\/posts\/149706\/revisions\/149708"}],"wp:featuredmedia":[{"embeddable":true,"href":"https:\/\/sportseco.com\/index.php?rest_route=\/wp\/v2\/media\/149707"}],"wp:attachment":[{"href":"https:\/\/sportseco.com\/index.php?rest_route=%2Fwp%2Fv2%2Fmedia&parent=149706"}],"wp:term":[{"taxonomy":"category","embeddable":true,"href":"https:\/\/sportseco.com\/index.php?rest_route=%2Fwp%2Fv2%2Fcategories&post=149706"},{"taxonomy":"post_tag","embeddable":true,"href":"https:\/\/sportseco.com\/index.php?rest_route=%2Fwp%2Fv2%2Ftags&post=149706"}],"curies":[{"name":"wp","href":"https:\/\/api.w.org\/{rel}","templated":true}]}}