{"id":149896,"date":"2023-07-28T18:41:46","date_gmt":"2023-07-28T22:41:46","guid":{"rendered":"https:\/\/sportseco.com\/?p=149896"},"modified":"2023-07-28T18:41:50","modified_gmt":"2023-07-28T22:41:50","slug":"greenpeace-alerta-de-que-la-mineria-submarina-sigue-siendo-una-amenaza-para-los-oceanos","status":"publish","type":"post","link":"https:\/\/sportseco.com\/?p=149896","title":{"rendered":"Greenpeace alerta de que la miner\u00eda submarina sigue siendo una amenaza para los oc\u00e9anos"},"content":{"rendered":"\n<p><strong>San Juan.- La organizaci\u00f3n Greenpeace alert\u00f3 este viernes de que la miner\u00eda submarina sigue siendo una amenaza para los oc\u00e9anos aunque no obtenga luz verde en las negociaciones de la Autoridad Internacional de los Fondos Marinos (ISA, siglas en ingl\u00e9s).<\/strong><\/p>\n\n\n\n<p>La Asamblea de la ISA concluye en esta jornada sus reuniones sobre la miner\u00eda submarina en Jamaica, despu\u00e9s de que dos semanas de negociaciones del Consejo no lograran adoptar una regulaci\u00f3n sobre esta industria.<\/p>\n\n\n\n<p>En un comunicado, Greenpeace explic\u00f3 que la oposici\u00f3n a esta industria en el seno de la ISA va en aumento y que m\u00e1s de 20 gobiernos han pedido una pausa, por lo que las empresas mineras de aguas profundas no obtendr\u00e1n luz verde inmediata para sus trabajos.<\/p>\n\n\n\n<blockquote class=\"wp-block-quote is-layout-flow wp-block-quote-is-layout-flow\">\n<p>\u201cLa industria minera de los fondos marinos se preparaba para hincar sus dientes mec\u00e1nicos en el lecho oce\u00e1nico, pero su apuesta les ha salido mal, ya que han subestimado seriamente la importancia de la ciencia y la equidad frente a una empresa meramente especulativa y lucrativa\u201d, declar\u00f3 Marta Mart\u00edn-Borreg\u00f3n, responsable de Oc\u00e9anos de Greenpeace Espa\u00f1a.<\/p>\n<\/blockquote>\n\n\n\n<p>Mart\u00edn-Borreg\u00f3n destac\u00f3 \u201cla creciente concienciaci\u00f3n y movilizaci\u00f3n de la opini\u00f3n p\u00fablica\u201d y que \u201cla mayor\u00eda de los gobiernos no quieren que su legado sea dar luz verde a la destrucci\u00f3n de los oc\u00e9anos\u201d.<\/p>\n\n\n\n<p>Las decisiones adoptadas por el Consejo de la ISA el 21 de julio significan que una mayor\u00eda de pa\u00edses -entre ellos Espa\u00f1a, Brasil, Costa Rica, Chile, Vanuatu, Alemania y Suiza- no cedieron a las presiones de la industria -apoyada por naciones como Noruega, Nauru y M\u00e9xico- para acelerar las normas de la miner\u00eda submarina.<\/p>\n\n\n\n<p>El precio de las acciones de la empresa The Metals Company, l\u00edder del sector, se desplom\u00f3 como consecuencia de la reacci\u00f3n de los mercados ante la noticia.<\/p>\n\n\n\n<p>Sin embargo, la ISA sigue sin cerrar una laguna legal que daba un plazo de dos a\u00f1os, el cual expir\u00f3 el pasado 9 de julio, y que permitir\u00eda a una empresa solicitar una licencia provisional.<\/p>\n\n\n\n<p>Seg\u00fan Greenpeace, en la Asamblea de la ISA esta semana, los pa\u00edses a favor de la miner\u00eda reaccionaron intentando silenciar la creciente resistencia a la miner\u00eda submarina.<\/p>\n\n\n\n<p>Hasta hoy, China segu\u00eda oponi\u00e9ndose a una propuesta de los gobiernos de Am\u00e9rica Latina, el Pac\u00edfico y Europa para abrir un espacio de debate, mientras que la Secretar\u00eda de la ISA restringi\u00f3 a los periodistas y reprimi\u00f3 las protestas pac\u00edficas durante las reuniones, indic\u00f3 la nota.<\/p>\n\n\n\n<h2 class=\"wp-block-heading\">Moratoria<\/h2>\n\n\n\n<p>Greenpeace cree que la forma de detener esta industria es mediante una moratoria que se centre en establecer una protecci\u00f3n y que exija que m\u00e1s gobiernos se pronuncien para salvaguardar el oc\u00e9ano.<\/p>\n\n\n\n<p>Durante las reuniones de la Asamblea de la ISA, varios pa\u00edses, entre ellos Brasil y Costa Rica, insistieron tambi\u00e9n en la necesidad de una moratoria a la miner\u00eda submarina.<\/p>\n\n\n\n<p>La embajadora brasile\u00f1a, Elza Moreira Marcelino de Castro, dijo que \u201cel actual nivel de conocimiento y de datos cient\u00edficos no es suficiente para aprobar proyectos de miner\u00eda submarina m\u00e1s all\u00e1 de las jurisdicciones nacionales\u201d, por lo que su pa\u00eds aboga por una pausa de al menos un periodo de 10 a\u00f1os.<\/p>\n\n\n\n<p>Tras concluir sus reuniones el pasado 21 de julio, el Consejo de la ISA inform\u00f3 en un comunicado que \u201ctiene la intenci\u00f3n de continuar la elaboraci\u00f3n de normas, reglamentos y procedimientos\u201d relacionados con la miner\u00eda submarina con miras a su adopci\u00f3n en la trig\u00e9sima sesi\u00f3n de la Autoridad. EFEverde<\/p>\n","protected":false},"excerpt":{"rendered":"<p>San Juan.- La organizaci\u00f3n Greenpeace alert\u00f3 este viernes de que la miner\u00eda submarina sigue siendo una amenaza para los oc\u00e9anos aunque no obtenga luz verde en las negociaciones de la Autoridad Internacional de los Fondos Marinos (ISA, siglas en ingl\u00e9s). La Asamblea de la ISA concluye en esta jornada sus reuniones sobre la miner\u00eda submarina [&hellip;]<\/p>\n","protected":false},"author":1,"featured_media":149897,"comment_status":"closed","ping_status":"closed","sticky":false,"template":"","format":"standard","meta":{"_acf_changed":false,"_jetpack_memberships_contains_paid_content":false,"footnotes":"","jetpack_publicize_message":"","jetpack_publicize_feature_enabled":true,"jetpack_social_post_already_shared":true,"jetpack_social_options":{"image_generator_settings":{"template":"highway","default_image_id":0,"font":"","enabled":false},"version":2}},"categories":[6],"tags":[],"class_list":["post-149896","post","type-post","status-publish","format-standard","has-post-thumbnail","hentry","category-ecologia"],"acf":[],"jetpack_publicize_connections":[],"jetpack_featured_media_url":"https:\/\/i0.wp.com\/sportseco.com\/wp-content\/uploads\/2023\/07\/GOPR0042.jpg?fit=1920%2C1276&ssl=1","jetpack_sharing_enabled":true,"_links":{"self":[{"href":"https:\/\/sportseco.com\/index.php?rest_route=\/wp\/v2\/posts\/149896","targetHints":{"allow":["GET"]}}],"collection":[{"href":"https:\/\/sportseco.com\/index.php?rest_route=\/wp\/v2\/posts"}],"about":[{"href":"https:\/\/sportseco.com\/index.php?rest_route=\/wp\/v2\/types\/post"}],"author":[{"embeddable":true,"href":"https:\/\/sportseco.com\/index.php?rest_route=\/wp\/v2\/users\/1"}],"replies":[{"embeddable":true,"href":"https:\/\/sportseco.com\/index.php?rest_route=%2Fwp%2Fv2%2Fcomments&post=149896"}],"version-history":[{"count":1,"href":"https:\/\/sportseco.com\/index.php?rest_route=\/wp\/v2\/posts\/149896\/revisions"}],"predecessor-version":[{"id":149898,"href":"https:\/\/sportseco.com\/index.php?rest_route=\/wp\/v2\/posts\/149896\/revisions\/149898"}],"wp:featuredmedia":[{"embeddable":true,"href":"https:\/\/sportseco.com\/index.php?rest_route=\/wp\/v2\/media\/149897"}],"wp:attachment":[{"href":"https:\/\/sportseco.com\/index.php?rest_route=%2Fwp%2Fv2%2Fmedia&parent=149896"}],"wp:term":[{"taxonomy":"category","embeddable":true,"href":"https:\/\/sportseco.com\/index.php?rest_route=%2Fwp%2Fv2%2Fcategories&post=149896"},{"taxonomy":"post_tag","embeddable":true,"href":"https:\/\/sportseco.com\/index.php?rest_route=%2Fwp%2Fv2%2Ftags&post=149896"}],"curies":[{"name":"wp","href":"https:\/\/api.w.org\/{rel}","templated":true}]}}