{"id":149926,"date":"2023-07-29T11:55:51","date_gmt":"2023-07-29T15:55:51","guid":{"rendered":"https:\/\/sportseco.com\/?p=149926"},"modified":"2023-07-29T11:55:55","modified_gmt":"2023-07-29T15:55:55","slug":"la-corriente-del-atlantico-podria-colapsar-a-mediados-de-siglo-con-graves-consecuencias","status":"publish","type":"post","link":"https:\/\/sportseco.com\/?p=149926","title":{"rendered":"La corriente del Atl\u00e1ntico podr\u00eda colapsar a mediados de siglo, con graves consecuencias"},"content":{"rendered":"\n<p><strong>Redacci\u00f3n Ciencia.- La Corriente Circular del Atl\u00e1ntico (AMOC) podr\u00eda colapsar hacia mediados de siglo, o potencialmente en cualquier momento desde 2025, si se mantienen las emisiones de gases efecto invernadero, lo que tendr\u00eda graves repercusiones en el clima del Atl\u00e1ntico Norte y del mundo.<\/strong><\/p>\n\n\n\n<blockquote class=\"wp-block-quote is-layout-flow wp-block-quote-is-layout-flow\">\n<p>Investigadores de la Universidad de Copenhague publican en Nature Communications un estudio sobre estimaciones del futuro de la AMOC, un gran sistema de corrientes oce\u00e1nicas que transportan agua caliente desde los tr\u00f3picos hacia el norte hasta el Atl\u00e1ntico Norte.<\/p>\n<\/blockquote>\n\n\n\n<p>La AMOC \u201ccolapsar\u00e1, con un 95 % por ciento de certeza, entre 2025 y 2095. Lo m\u00e1s probable es que esto ocurra en 34 a\u00f1os, en 2057\u201d, lo que podr\u00eda generar grandes desaf\u00edos, particularmente el calentamiento en los tr\u00f3picos y el aumento de las tormentas en la regi\u00f3n del Atl\u00e1ntico Norte, indic\u00f3 al Universidad de Copenhague.<\/p>\n\n\n\n<p>Las evaluaciones recientes del Panel Internacional sobre Cambio Clim\u00e1tico (IPCC), sin embargo, sugieren que es poco probable un colapso total de la AMOC en el siglo XXI y algunos expertos tienen opiniones enfrentadas sobre el nuevo estudio dan\u00e9s.<\/p>\n\n\n\n<blockquote class=\"wp-block-quote is-layout-flow wp-block-quote-is-layout-flow\">\n<p>La parada de la AMOC, que no descartan que pueda ser parcial, \u201cpuede tener consecuencias muy graves para el clima de la Tierra, por ejemplo, al cambiar la forma en que el calor y las precipitaciones se distribuyen globalmente\u201d, se\u00f1al\u00f3 Peter Ditlevsen, uno de los autores.<\/p>\n<\/blockquote>\n\n\n\n<p>El experto indic\u00f3 que, \u201csi bien el enfriamiento de Europa puede parecer menos grave a medida que el planeta en su conjunto se calienta y las olas de calor son m\u00e1s frecuentes, esta interrupci\u00f3n contribuir\u00e1 a un mayor calentamiento de los tr\u00f3picos, donde el aumento de las temperaturas ya ha dado lugar a condiciones de vida dif\u00edciles\u201d.<\/p>\n\n\n\n<p>Estos resultados subrayan, para Ditlevsen, \u201cla importancia de reducir las emisiones globales de gases de efecto invernadero lo antes posible\u201d.<\/p>\n\n\n\n<p>Los autores no formulan hip\u00f3tesis sobre los motores del cambio de AMOC, pero se\u00f1alan que el logaritmo de las concentraciones atmosf\u00e9ricas de CO2 ha aumentado de forma casi lineal en el periodo estudiado. Sin embargo, no pueden excluirse que haya otros mecanismos en juego, seg\u00fan la publicaci\u00f3n.<\/p>\n\n\n\n<h2 class=\"wp-block-heading\">Estad\u00edsticas avanzadas<\/h2>\n\n\n\n<p>El equipo hizo sus c\u00e1lculos con herramientas estad\u00edsticas avanzadas y datos de las temperaturas de la superficie del mar en el Atl\u00e1ntico Norte entre 1870 y 2020 como un indicador indirecto de AMOC.<\/p>\n\n\n\n<p>Estos registros se remontan mucho m\u00e1s atr\u00e1s que las mediciones directas de la AMOC, que se sigue de forma continua desde 2004, y pueden ofrecer informaci\u00f3n m\u00e1s s\u00f3lida sobre las tendencias de la temperatura.<\/p>\n\n\n\n<blockquote class=\"wp-block-quote is-layout-flow wp-block-quote-is-layout-flow\">\n<p>Este tipo de cambio clim\u00e1tico abrupto se experiment\u00f3 por \u00faltima vez durante los fen\u00f3menos de Dansgaard-Oeschger en el \u00faltimo periodo glaciar, causados por el colapso y restablecimiento de la AMOC.<\/p>\n<\/blockquote>\n\n\n\n<p>Aquel periodo provoc\u00f3 fluctuaciones de la temperatura media del hemisferio norte de 10-15 grados en una d\u00e9cada, mucho mayores que los cambios actuales de 1,5 grados en un siglo.<\/p>\n\n\n\n<p>Analizando los detalles del estudio, en el que no ha participado, Stefan Rahmstorf, de la Universidad de Potsdam (Alemania), consier\u00f3 que este trabajo se suma a estudios anteriores que analizan las se\u00f1ales de alerta temprana y llega a conclusiones similares.<\/p>\n\n\n\n<p>Un solo estudio aporta pruebas limitadas, pero cuando m\u00faltiples enfoques conducen a conclusiones similares hay que tom\u00e1rselo muy en serio. \u201cSobre todo cuando hablamos de un riesgo que realmente queremos descartar con un 99,9 % de certeza\u201d, recalc\u00f3.<\/p>\n\n\n\n<p>El cient\u00edfico, citado por Science Media Centre (una plataforma que ofrece fuentes cient\u00edficas expertas) agreg\u00f3 que \u201cLa evidencia cient\u00edfica actual es que ni siquiera podemos descartar que se cruce un punto de inflexi\u00f3n ya en la pr\u00f3xima d\u00e9cada o dos\u201d.<\/p>\n\n\n\n<p>Por el contrario, Niklas Boers, de la Universidad T\u00e9cnica de M\u00fanich (Alemania) indic\u00f3 su desacuerdo con los resultados del estudio.<\/p>\n\n\n\n<p>Aunque la afirmaci\u00f3n cualitativa de que la AMOC ha ido perdiendo estabilidad en el \u00faltimo siglo es cierta, las incertidumbres son demasiado elevadas para estimar con fiabilidad el momento de la inflexi\u00f3n. \u201cEn particular, las incertidumbres en los supuestos del modelo \u2014muy simplificados por los autores\u2014 son demasiado altas\u201d, seg\u00fan Boers. EFEverde<\/p>\n","protected":false},"excerpt":{"rendered":"<p>Redacci\u00f3n Ciencia.- La Corriente Circular del Atl\u00e1ntico (AMOC) podr\u00eda colapsar hacia mediados de siglo, o potencialmente en cualquier momento desde 2025, si se mantienen las emisiones de gases efecto invernadero, lo que tendr\u00eda graves repercusiones en el clima del Atl\u00e1ntico Norte y del mundo. Investigadores de la Universidad de Copenhague publican en Nature Communications un [&hellip;]<\/p>\n","protected":false},"author":1,"featured_media":149927,"comment_status":"closed","ping_status":"closed","sticky":false,"template":"","format":"standard","meta":{"_acf_changed":false,"_jetpack_memberships_contains_paid_content":false,"footnotes":"","jetpack_publicize_message":"","jetpack_publicize_feature_enabled":true,"jetpack_social_post_already_shared":true,"jetpack_social_options":{"image_generator_settings":{"template":"highway","default_image_id":0,"font":"","enabled":false},"version":2}},"categories":[6],"tags":[],"class_list":["post-149926","post","type-post","status-publish","format-standard","has-post-thumbnail","hentry","category-ecologia"],"acf":[],"jetpack_publicize_connections":[],"jetpack_featured_media_url":"https:\/\/i0.wp.com\/sportseco.com\/wp-content\/uploads\/2023\/07\/oceano-atlantico-1.jpg?fit=1920%2C1091&ssl=1","jetpack_sharing_enabled":true,"_links":{"self":[{"href":"https:\/\/sportseco.com\/index.php?rest_route=\/wp\/v2\/posts\/149926","targetHints":{"allow":["GET"]}}],"collection":[{"href":"https:\/\/sportseco.com\/index.php?rest_route=\/wp\/v2\/posts"}],"about":[{"href":"https:\/\/sportseco.com\/index.php?rest_route=\/wp\/v2\/types\/post"}],"author":[{"embeddable":true,"href":"https:\/\/sportseco.com\/index.php?rest_route=\/wp\/v2\/users\/1"}],"replies":[{"embeddable":true,"href":"https:\/\/sportseco.com\/index.php?rest_route=%2Fwp%2Fv2%2Fcomments&post=149926"}],"version-history":[{"count":1,"href":"https:\/\/sportseco.com\/index.php?rest_route=\/wp\/v2\/posts\/149926\/revisions"}],"predecessor-version":[{"id":149928,"href":"https:\/\/sportseco.com\/index.php?rest_route=\/wp\/v2\/posts\/149926\/revisions\/149928"}],"wp:featuredmedia":[{"embeddable":true,"href":"https:\/\/sportseco.com\/index.php?rest_route=\/wp\/v2\/media\/149927"}],"wp:attachment":[{"href":"https:\/\/sportseco.com\/index.php?rest_route=%2Fwp%2Fv2%2Fmedia&parent=149926"}],"wp:term":[{"taxonomy":"category","embeddable":true,"href":"https:\/\/sportseco.com\/index.php?rest_route=%2Fwp%2Fv2%2Fcategories&post=149926"},{"taxonomy":"post_tag","embeddable":true,"href":"https:\/\/sportseco.com\/index.php?rest_route=%2Fwp%2Fv2%2Ftags&post=149926"}],"curies":[{"name":"wp","href":"https:\/\/api.w.org\/{rel}","templated":true}]}}