{"id":149935,"date":"2023-07-29T12:33:01","date_gmt":"2023-07-29T16:33:01","guid":{"rendered":"https:\/\/sportseco.com\/?p=149935"},"modified":"2023-07-29T12:33:04","modified_gmt":"2023-07-29T16:33:04","slug":"todo-listo-las-23-mundialistas-estan-preparadas-para-enfrentar-a-la-seleccion-alemana-video","status":"publish","type":"post","link":"https:\/\/sportseco.com\/?p=149935","title":{"rendered":"\u00a1Todo listo! Las 23 mundialistas est\u00e1n preparadas para enfrentar a la Selecci\u00f3n Alemana. VIDEO"},"content":{"rendered":"\n<p>Este\u00a0<strong>s\u00e1bado 29 de julio la Selecci\u00f3n Colombia Femenina de Mayores cumpli\u00f3 con su segunda pr\u00e1ctica oficial de la FIFA<\/strong>\u00a0previo al encuentro ante la Selecci\u00f3n Alemana de F\u00fatbol.\u00a0<strong>La jornada se desarroll\u00f3 en el estadio de Leichhardt de la ciudad de S\u00eddney<\/strong>\u00a0y fue acompa\u00f1ada los primeros 15 minutos por prensa colombiana, local y extranjera.<\/p>\n\n\n\n<figure class=\"wp-block-embed is-type-video is-provider-youtube wp-block-embed-youtube wp-embed-aspect-16-9 wp-has-aspect-ratio\"><div class=\"wp-block-embed__wrapper\">\n<iframe loading=\"lazy\" title=\"Entrenamiento Selecci\u00f3n Colombia Femenina, julio 29\" width=\"640\" height=\"360\" src=\"https:\/\/www.youtube.com\/embed\/YBc46CGfB9g?feature=oembed\" frameborder=\"0\" allow=\"accelerometer; autoplay; clipboard-write; encrypted-media; gyroscope; picture-in-picture; web-share\" referrerpolicy=\"strict-origin-when-cross-origin\" allowfullscreen><\/iframe>\n<\/div><\/figure>\n\n\n\n<figure class=\"wp-block-embed is-type-rich is-provider-gestor-del-servicio wp-block-embed-gestor-del-servicio\"><div class=\"wp-block-embed__wrapper\">\nhttps:\/\/youtube.com\/watch?v=YBc46CGfB9g%3Ffeature%3Doembed\n<\/div><\/figure>\n\n\n\n<p>Las 23 convocadas iniciaron con un calentamiento din\u00e1mico y en velocidad, posteriormente se realizaron actividades recreativas y se finaliz\u00f3 con trabajos en espacio reducidos.&nbsp;<strong>El conjunto dirigido por Nelson Abad\u00eda est\u00e1 en su cien por ciento para enfrentar&nbsp;<\/strong>lo que ser\u00eda el primer compromiso en la historia de la categor\u00eda contra el cuadro europeo.<\/p>\n\n\n\n<p>La\u00a0<strong>\u00abamarilla\u00bb llega tras celebrar la victoria ante Corea del Sur en el debut Mundial (2-0)<\/strong>, as\u00ed como las alemanas quienes consiguieron sumar tres puntos en el partido ante Marruecos (6-0).<\/p>\n\n\n\n<figure class=\"wp-block-embed is-type-video is-provider-youtube wp-block-embed-youtube wp-embed-aspect-16-9 wp-has-aspect-ratio\"><div class=\"wp-block-embed__wrapper\">\n<iframe loading=\"lazy\" title=\"Conferencia de Prensa Selecci\u00f3n Colombia Femenina julio 29\" width=\"640\" height=\"360\" src=\"https:\/\/www.youtube.com\/embed\/VgoJiX1sMdc?feature=oembed\" frameborder=\"0\" allow=\"accelerometer; autoplay; clipboard-write; encrypted-media; gyroscope; picture-in-picture; web-share\" referrerpolicy=\"strict-origin-when-cross-origin\" allowfullscreen><\/iframe>\n<\/div><\/figure>\n\n\n\n<figure class=\"wp-block-embed is-type-rich is-provider-gestor-del-servicio wp-block-embed-gestor-del-servicio\"><div class=\"wp-block-embed__wrapper\">\nhttps:\/\/youtube.com\/watch?v=VgoJiX1sMdc%3Ffeature%3Doembed\n<\/div><\/figure>\n\n\n\n<p>Ac\u00e1&nbsp;<strong>toda la informaci\u00f3n del futuro juego de la \u00abtricolor\u00bb<\/strong>&nbsp;femenina:<\/p>\n\n\n\n<p><strong>Colombia vs. Alemania<\/strong><br \/>Fecha: Domingo 30 de julio de 2023<br \/>Ciudad: S\u00eddney<br \/>Lugar: Estadio de f\u00fatbol de S\u00eddney<br \/>Hora: 7:30 p.m. (hora. local)<\/p>\n\n\n\n<p>Por \u00faltimo,\u00a0<strong>el director t\u00e9cnico Nelson Abad\u00eda y la jugadora Lady Andrade atendieron las inquietudes de los medios<\/strong>\u00a0de comunicaci\u00f3n.<\/p>\n\n\n\n<p><\/p>\n\n\n\n<p>fcf.com.co<\/p>\n","protected":false},"excerpt":{"rendered":"<p>Este\u00a0s\u00e1bado 29 de julio la Selecci\u00f3n Colombia Femenina de Mayores cumpli\u00f3 con su segunda pr\u00e1ctica oficial de la FIFA\u00a0previo al encuentro ante la Selecci\u00f3n Alemana de F\u00fatbol.\u00a0La jornada se desarroll\u00f3 en el estadio de Leichhardt de la ciudad de S\u00eddney\u00a0y fue acompa\u00f1ada los primeros 15 minutos por prensa colombiana, local y extranjera. Las 23 convocadas [&hellip;]<\/p>\n","protected":false},"author":1,"featured_media":149938,"comment_status":"closed","ping_status":"closed","sticky":false,"template":"","format":"standard","meta":{"_acf_changed":false,"_jetpack_memberships_contains_paid_content":false,"footnotes":"","jetpack_publicize_message":"","jetpack_publicize_feature_enabled":true,"jetpack_social_post_already_shared":true,"jetpack_social_options":{"image_generator_settings":{"template":"highway","default_image_id":0,"font":"","enabled":false},"version":2}},"categories":[5],"tags":[],"class_list":["post-149935","post","type-post","status-publish","format-standard","has-post-thumbnail","hentry","category-futbol"],"acf":[],"jetpack_publicize_connections":[],"jetpack_featured_media_url":"https:\/\/i0.wp.com\/sportseco.com\/wp-content\/uploads\/2023\/07\/DSC_2081.jpg?fit=1052%2C701&ssl=1","jetpack_sharing_enabled":true,"_links":{"self":[{"href":"https:\/\/sportseco.com\/index.php?rest_route=\/wp\/v2\/posts\/149935","targetHints":{"allow":["GET"]}}],"collection":[{"href":"https:\/\/sportseco.com\/index.php?rest_route=\/wp\/v2\/posts"}],"about":[{"href":"https:\/\/sportseco.com\/index.php?rest_route=\/wp\/v2\/types\/post"}],"author":[{"embeddable":true,"href":"https:\/\/sportseco.com\/index.php?rest_route=\/wp\/v2\/users\/1"}],"replies":[{"embeddable":true,"href":"https:\/\/sportseco.com\/index.php?rest_route=%2Fwp%2Fv2%2Fcomments&post=149935"}],"version-history":[{"count":1,"href":"https:\/\/sportseco.com\/index.php?rest_route=\/wp\/v2\/posts\/149935\/revisions"}],"predecessor-version":[{"id":149939,"href":"https:\/\/sportseco.com\/index.php?rest_route=\/wp\/v2\/posts\/149935\/revisions\/149939"}],"wp:featuredmedia":[{"embeddable":true,"href":"https:\/\/sportseco.com\/index.php?rest_route=\/wp\/v2\/media\/149938"}],"wp:attachment":[{"href":"https:\/\/sportseco.com\/index.php?rest_route=%2Fwp%2Fv2%2Fmedia&parent=149935"}],"wp:term":[{"taxonomy":"category","embeddable":true,"href":"https:\/\/sportseco.com\/index.php?rest_route=%2Fwp%2Fv2%2Fcategories&post=149935"},{"taxonomy":"post_tag","embeddable":true,"href":"https:\/\/sportseco.com\/index.php?rest_route=%2Fwp%2Fv2%2Ftags&post=149935"}],"curies":[{"name":"wp","href":"https:\/\/api.w.org\/{rel}","templated":true}]}}