{"id":149943,"date":"2023-07-29T15:02:11","date_gmt":"2023-07-29T19:02:11","guid":{"rendered":"https:\/\/sportseco.com\/?p=149943"},"modified":"2023-07-29T15:08:06","modified_gmt":"2023-07-29T19:08:06","slug":"tricolor-sao-paulo-acuerda-contratar-a-james-rodriguez","status":"publish","type":"post","link":"https:\/\/sportseco.com\/?p=149943","title":{"rendered":"Tricolor Sao Paulo acuerda contratar a James Rodr\u00edguez"},"content":{"rendered":"\n<p>\u00a1James Rodr\u00edguez es del Tricolor! Este s\u00e1bado, el colombiano de 32 a\u00f1os firm\u00f3 un contrato v\u00e1lido hasta el 30 de junio de 2025.<\/p>\n\n\n\n<p>Destacado del Mundial de Brasil, en 2014, y con paso por clubes como Porto (POR), Real Madrid (ESP) y Bayern Munich (ALE) en el curr\u00edculum, el mediocampista llega a S\u00e3o Paulo luego de jugar en el f\u00fatbol griego. donde jug\u00f3 en el Olympiacos la temporada pasada.<\/p>\n\n\n\n<p>La colecci\u00f3n de t\u00edtulos de la estrella incluye dos Copas Mundiales de Clubes y dos Ligas de Campeones de Europa, adem\u00e1s de varios premios individuales.<\/p>\n\n\n\n<p>\u00abEstoy feliz. Es una gran oportunidad para m\u00ed y mi familia. Es una nueva etapa en mi vida. Estoy muy feliz y con muchos buenos sentimientos. Soy un chico al que le gusta jugar en un equipo grande\u00bb. , y S\u00e3o Paulo es un gran equipo\u00bb, dijo James.<\/p>\n\n\n\n<p>\u201cA trav\u00e9s de la planificaci\u00f3n de la directiva, estamos contentos de traer a James Rodr\u00edguez, un jugador que no necesita comentarios, que ha mostrado voluntad y esfuerzo para integrar el proyecto de S\u00e3o Paulo. Tiene una fuerte conexi\u00f3n con Brasil y ya conoc\u00eda la fuerza de nuestro querido Club. Salvemos a la Tricolor Paulista, salvemos a James Rodr\u00edguez\u201d, dijo el presidente Julio Casares.<\/p>\n\n\n\n<p>\u201cJames llega para sumar fuerza a un elenco que ha demostrado una notable calidad, competitividad y compromiso. Es un fichaje que encaja con nuestra filosof\u00eda de clasificar al grupo en cada ventana de fichajes. Estamos recibiendo a un atleta de indiscutible talento y trayectoria, que ha demostrado una inmensa voluntad de hacer historia en Brasil y especialmente en S\u00e3o Paulo\u201d, dijo el Director de F\u00fatbol Carlos Belmonte.<\/p>\n\n\n\n<p>James jugar\u00e1 por primera vez en un club de Brasil, pero el pa\u00eds ya tiene un espacio importante en su trayectoria. En 2014, llev\u00f3 a la selecci\u00f3n colombiana a la mejor campa\u00f1a mundialista de la historia del pa\u00eds: cayeron ante los anfitriones en los cuartos de final.<\/p>\n\n\n\n<p>El nuevo paulista fue el m\u00e1ximo goleador de aquel Mundial, con seis goles en cinco partidos, incluido el que le vali\u00f3 el Premio Puskas al gol m\u00e1s bonito del a\u00f1o, en un bonito tiro desde fuera del \u00e1rea en los octavos de final. , contra Uruguay, en el Maracan\u00e1.<\/p>\n\n\n\n<p>En esa ocasi\u00f3n, James tuvo la oportunidad de conocer y entrenar en el CFA Laudo Natel, de Cotia, que fue sede de la selecci\u00f3n colombiana durante la Copa del Mundo. El mediocampista tambi\u00e9n ya conoce el estadio Morumb\u00ed, donde enfrent\u00f3 a Qatar en un partido de Copa Am\u00e9rica 2019. Los colombianos ganaron 1-0, con una hermosa asistencia del nuevo refuerzo del Tricolor.<\/p>\n\n\n\n<p>El camino de James Rodr\u00edguez en el f\u00fatbol comenz\u00f3 en Envigado, Colombia, donde debut\u00f3 profesionalmente a los 14 a\u00f1os, en 2006. Luego de ayudar al equipo a ascender a la primera divisi\u00f3n nacional, el deportista se mud\u00f3 a Argentina y defendi\u00f3 Banfield en 2008 hasta 2010.<\/p>\n\n\n\n<p>Despu\u00e9s de destacar en Sudam\u00e9rica, James se fue al Oporto (POR), donde fue tres veces campe\u00f3n de Portugal y campe\u00f3n de la Europa League antes de ser traspasado al M\u00f3naco (FRA), club al que defendi\u00f3 durante el Mundial de 2014. Brasil se lo llev\u00f3 al Real Madrid (ESP), donde gan\u00f3, entre otros t\u00edtulos, dos Champions League y dos Mundiales de Clubes.<\/p>\n\n\n\n<p>Cedido al Bayern de M\u00fanich (ALE), James gan\u00f3 dos veces la Bundesliga y una Copa de Alemania. El colombiano tambi\u00e9n volvi\u00f3 al Real Madrid (ESP), de donde parti\u00f3 al Everton (ING) y luego al Al-Rayyan (CAT), hasta llegar al Olympiacos (GRE), su \u00faltimo club.<\/p>\n\n\n\n<p>JAMES RODR\u00cdGUEZ<\/p>\n\n\n\n<p>Nombre completo: James David Rodr\u00edguez Rubio<br \/>Fecha de nacimiento: 12\/07\/1991 (32 a\u00f1os)<br \/>Lugar de nacimiento: C\u00facuta, Colombia<br \/>Posici\u00f3n: Centrocampista<br \/>Altura: 1m81<br \/>Peso: 80kg<\/p>\n\n\n\n<p>Clubes: Envigado-COL (2006-2007), Banfield-ARG (2008-2010), Porto-POR (2010-2013), M\u00f3naco-FRA (2013-2014), Real Madrid-ESP (2014-2017), Bayern de M\u00fanich-ALE (2017-2019), Real Madrid-ESP (2019-2020), Everton-ING (2020-2021), Al-Rayyan-CAT (2021-2022), Olympiacos (2022-2023) y S\u00e3o Paulo (desde 2023)<\/p>\n\n\n\n<p>T\u00edtulos: Primera B Colombia (2007), Campeonato Argentino &#8211; Apertura (2009), Supercopa de Portugal (2010, 2011 y 2012), Europa League (2010\/11), Campeonato de Portugal (2010\/11, 2011\/12 y 2012\/13) ), Copa de Portugal (2010\/11), Supercopa de Europa (2014 y 2016), Mundial de Clubes (2014 y 2016), Champions League (2015\/16 y 2016\/17), Campeonato de Espa\u00f1a (2016\/17 y 2019\/20 ), Supercopa de Espa\u00f1a (2020), Bundesliga (2017\/18 y 2018\/19) y Copa de Alemania (2018\/19).<\/p>\n\n\n\n<p>Premios: Mejor Jugador Joven de Argentina (2009), Mejor Jugador Joven del Campeonato Argentino (2009), Mejor Jugador Joven de la CONMEBOL Libertadores (2010), Mejor Jugador del Torneo de Toulon (2011), Revelaci\u00f3n del A\u00f1o en Portugal (2011) y 2012), Mejor Jugador Joven del Campeonato de Portugal (2011\/12), Bal\u00f3n de Oro del Campeonato de Portugal (2012), Mejor Jugador Joven de la Liga Francesa (2014), Mejor Jugador de M\u00f3naco (2013\/14), Mejor Jugador de la Copa Mundial de la FIFA (2014), Mejor Gol de la Copa Mundial de la FIFA (2014), Bota de Oro de la Copa Mundial de la FIFA (2014), Mejor Jugador Sudamericano (2014), Premio FIFA Ferenc Pusk\u00e1s (2014), Nominaci\u00f3n al Bal\u00f3n de Oro (2014 y 2015) ) y Mejor Centrocampista en Campeonato de Espa\u00f1a (2014\/15), Selecci\u00f3n Champions League (2017\/18), Selecci\u00f3n Copa Am\u00e9rica (2019) e Inclusi\u00f3n en el Sal\u00f3n de Leyendas del Real Madrid (2022).<\/p>\n\n\n\n<p> <\/p>\n\n\n\n<p><\/p>\n\n\n\n<p>saopaulofc.net<\/p>\n","protected":false},"excerpt":{"rendered":"<p>\u00a1James Rodr\u00edguez es del Tricolor! Este s\u00e1bado, el colombiano de 32 a\u00f1os firm\u00f3 un contrato v\u00e1lido hasta el 30 de junio de 2025. Destacado del Mundial de Brasil, en 2014, y con paso por clubes como Porto (POR), Real Madrid (ESP) y Bayern Munich (ALE) en el curr\u00edculum, el mediocampista llega a S\u00e3o Paulo luego [&hellip;]<\/p>\n","protected":false},"author":1,"featured_media":149944,"comment_status":"closed","ping_status":"closed","sticky":false,"template":"","format":"standard","meta":{"_acf_changed":false,"_jetpack_memberships_contains_paid_content":false,"footnotes":"","jetpack_publicize_message":"","jetpack_publicize_feature_enabled":true,"jetpack_social_post_already_shared":true,"jetpack_social_options":{"image_generator_settings":{"template":"highway","default_image_id":0,"font":"","enabled":false},"version":2}},"categories":[5],"tags":[],"class_list":["post-149943","post","type-post","status-publish","format-standard","has-post-thumbnail","hentry","category-futbol"],"acf":[],"jetpack_publicize_connections":[],"jetpack_featured_media_url":"https:\/\/i0.wp.com\/sportseco.com\/wp-content\/uploads\/2023\/07\/JAMES_THUMB_crop_galeria.jpg?fit=800%2C515&ssl=1","jetpack_sharing_enabled":true,"_links":{"self":[{"href":"https:\/\/sportseco.com\/index.php?rest_route=\/wp\/v2\/posts\/149943","targetHints":{"allow":["GET"]}}],"collection":[{"href":"https:\/\/sportseco.com\/index.php?rest_route=\/wp\/v2\/posts"}],"about":[{"href":"https:\/\/sportseco.com\/index.php?rest_route=\/wp\/v2\/types\/post"}],"author":[{"embeddable":true,"href":"https:\/\/sportseco.com\/index.php?rest_route=\/wp\/v2\/users\/1"}],"replies":[{"embeddable":true,"href":"https:\/\/sportseco.com\/index.php?rest_route=%2Fwp%2Fv2%2Fcomments&post=149943"}],"version-history":[{"count":2,"href":"https:\/\/sportseco.com\/index.php?rest_route=\/wp\/v2\/posts\/149943\/revisions"}],"predecessor-version":[{"id":149947,"href":"https:\/\/sportseco.com\/index.php?rest_route=\/wp\/v2\/posts\/149943\/revisions\/149947"}],"wp:featuredmedia":[{"embeddable":true,"href":"https:\/\/sportseco.com\/index.php?rest_route=\/wp\/v2\/media\/149944"}],"wp:attachment":[{"href":"https:\/\/sportseco.com\/index.php?rest_route=%2Fwp%2Fv2%2Fmedia&parent=149943"}],"wp:term":[{"taxonomy":"category","embeddable":true,"href":"https:\/\/sportseco.com\/index.php?rest_route=%2Fwp%2Fv2%2Fcategories&post=149943"},{"taxonomy":"post_tag","embeddable":true,"href":"https:\/\/sportseco.com\/index.php?rest_route=%2Fwp%2Fv2%2Ftags&post=149943"}],"curies":[{"name":"wp","href":"https:\/\/api.w.org\/{rel}","templated":true}]}}