{"id":150086,"date":"2023-07-31T16:04:54","date_gmt":"2023-07-31T20:04:54","guid":{"rendered":"https:\/\/sportseco.com\/?p=150086"},"modified":"2023-07-31T16:04:58","modified_gmt":"2023-07-31T20:04:58","slug":"colombia-asistira-a-los-mundiales-de-ciclismo-con-63-deportistas-en-nueve-disciplinas","status":"publish","type":"post","link":"https:\/\/sportseco.com\/?p=150086","title":{"rendered":"Colombia asistir\u00e1 a los Mundiales de Ciclismo con 63 deportistas en nueve disciplinas"},"content":{"rendered":"\n<p>Del 3 al 13 de agosto, la ciudad de Glasgow en Escocia acoger\u00e1 los Campeonatos Mundiales de Ciclismo UCI, que reunir\u00e1n a los mejores exponentes del mundo en 13 disciplinas, en evento organizado por la Uni\u00f3n Ciclista Internacional y en el que las Selecciones Colombia de Ciclismo estar\u00e1n compitiendo en nueve de las 13 disciplinas convocadas para el Gran Mundial de la UCI, en el que 63 deportistas portar\u00e1n el tricolor nacional en los escenarios dispuestos para las competencias en territorio escoc\u00e9s en la Ruta, la Pista, el BMX Racing, el BMX Freestyle, el Mountain Bike en las modalidades de Cross Country, Marathon y Downhill, y el Paracycling en pista y ruta, gracias al apoyo del Ministerio del Deporte y Colombiana La Nuestra.<\/p>\n\n\n\n<p>En la ruta ser\u00e1n 21 los deportistas que tomar\u00e1n la partida en las competencias que se llevar\u00e1n a cabo el 5 y 6 de agosto, en el caso de las pruebas contrarreloj, y del 8 al 13 en las pruebas de fondo, con nombres como los de Rigoberto Ur\u00e1n y Harold Tejada, que llegan tras competir en el Tour de Francia; Santiago Buitrago, que viene de ganar etapa en el Giro de Italia; Paula Pati\u00f1o, que competir\u00e1 en el Tour de Francia Femenino antes de unirse al grupo en Glasgow, y Diana Carolina Pe\u00f1uela, que buscar\u00e1 su segundo t\u00edtulo de la Vuelta a Colombia Femenina esta semana.<\/p>\n\n\n\n<p>En el ciclismo de pista, que ser\u00e1 la primera disciplina en ver acci\u00f3n en el Mundial y que se llevar\u00e1 a cabo en el vel\u00f3dromo Sir Chris Hoy entre el 3 y el 9 de agosto, estar\u00e1n en representaci\u00f3n de Colombia seis deportistas: Kevin Santiago Quintero, medallista de bronce mundial en la cita de Saint-Quentin En Yvelines en 2022; Martha Bayona, figura nacional de la velocidad en la temporada de Copa de Naciones UCI, as\u00ed como Santiago Ram\u00edrez, Cristian Ortega y Carlos Daniel Echeverry.<\/p>\n\n\n\n<p>Por su parte, en el BMX Racing que se realizar\u00e1 el 12 y 13 de agosto, fueron convocados 12 deportistas en la categor\u00eda Championship, en \u00e9lite, Sub-23 y junior, en n\u00f3mina encabezada por los medallistas ol\u00edmpicos Mariana Paj\u00f3n y Carlos Ram\u00edrez; quienes estar\u00e1n acompa\u00f1ados por Diego Alejandro Arboleda, Mateo Carmona, Juan Camilo Ram\u00edrez y Gabriela Bolle en \u00e9lite.<\/p>\n\n\n\n<p>Cabe destacar que, por primera vez, Colombia tendr\u00e1 presencia en un Campeonato Mundial en la modalidad de BMX Freestyle, con Queen Saray Villegas y Luis Rinc\u00f3n, que estar\u00e1n participando en la modalidad park, entre el 5 y el 7 de agosto.<\/p>\n\n\n\n<p>En el Mountain Bike, Colombia tendr\u00e1 presencia con 12 deportistas, de los cu\u00e1les tres competir\u00e1n en el marathon, con el doble campe\u00f3n mundial (2019-2020) Leonardo P\u00e1ez; el subcampe\u00f3n mundial de 2021 y reciente campe\u00f3n nacional, Diego Arias, y con M\u00f3nica Calder\u00f3n, campeona nacional y panamericana de la especialidad; que estar\u00e1n junto a Valentina Roa y Sebasti\u00e1n Holgu\u00edn; que participar\u00e1n en el downhill, adem\u00e1s de siete corredores en el cross country ol\u00edmpico, entre los que se destacan Jhonnatan Botero, campe\u00f3n Centromericano y del Caribe en El Salvador, y Ana Mar\u00eda Roa, medallista de bronce en San Salvador y campeona nacional de la modalidad.<\/p>\n\n\n\n<p>Finalmente, en la pista y la ruta paracycling, el equipo nacional estar\u00e1 integrado por 10 deportistas, de los cuales ocho hacen parte de la categor\u00eda C, con nombres como los de Carolina Mun\u00e9var (C2), Paula Ossa (C5), Diego Due\u00f1as (C4), Alejandro Perea (C3) y Juan Jos\u00e9 Betancourt (T2), as\u00ed como de un t\u00e1ndem, formado por Nelson Javier Serna y su gu\u00eda Marvin Angarita (B).<\/p>\n\n\n\n<p>El hashtag en redes sociales, con el cu\u00e1l estaremos informando y publicando material sobre la actividad de las Selecciones Colombia en Escocia ser\u00e1 #ColombiaenGlasgow2023<\/p>\n\n\n\n<p>N\u00f3mina de las Selecciones Colombia de Ciclismo para los Campeonatos Mundiales UCI Glasgow 2023:<\/p>\n\n\n\n<p><strong>Ruta<\/strong><br \/>Seleccionador Nacional: Carlos Mario Jaramillo<\/p>\n\n\n\n<p><strong>\u00c9lite<\/strong><br \/>Rigoberto Ur\u00e1n Ur\u00e1n (EF Education-EasyPost)<br \/>Harold Tejada Canacue (Astana \u2013 Qazaqstan)<br \/>Santiago Buitrago S\u00e1nchez (Team Bahrain Victorius)<br \/>Fernando Gaviria Rend\u00f3n (Movistar Team)<br \/>\u00c1lvaro Jos\u00e9 Hodeg Chag\u00fci (UAE Team Emirates)<br \/>Juan Sebasti\u00e1n Molano Benavides (UAE Team Emirates)<br \/>Jes\u00fas David Pe\u00f1a Jim\u00e9nez (Team Jayco AlUla)<br \/>Walter Alejandro Vargas Alzate (Team Medell\u00edn) (CRI y Ruta)<br \/>Diana Carolina Pe\u00f1uela Mart\u00ednez (DNA Pro Cycling) (CRI y Ruta)<br \/>Paula Andrea Pati\u00f1o Bedoya (Movistar Team)<br \/>Andrea Alzate G\u00f3mez (Einecat \u2013 CM Team Seguros Deportivos)<\/p>\n\n\n\n<p><strong>Sub-23<\/strong><br \/>Germ\u00e1n Dar\u00edo G\u00f3mez Becerra (GW Shimano Sidermec) (CRI y Ruta)<br \/>Anderson Arboleda Ruiz (EPM) (CRI y Ruta)<br \/>Abner Santiago Umba L\u00f3pez (GW Shimano Sidermec)<br \/>Jonathan Alexander Guatibonza Becerra (GW Shimano Sidermec)<br \/>Diego Fernando Pescador Castro (GW Shimano Sidermec)<\/p>\n\n\n\n<p><strong>Junior<\/strong><br \/>Robinson Rinc\u00f3n Quijano (Colombia Talento Mindeporte \u2013 Bicicletas Strongman) (CRI y Ruta)<br \/>Juan David Uri\u00e1n Caro (Team Boyac\u00e1 Avanza)<br \/>Angie Mariana Londo\u00f1o Posada (Avinal Carmen del Viboral) (CRI y Ruta)<br \/>Juliana Londo\u00f1o David (Probike) (CRI y Ruta)<br \/>Lesly Yulieth Aguirre Malag\u00f3n (Team Boyac\u00e1 Avanza)<\/p>\n\n\n\n<p><strong>Pista<\/strong><br \/>Seleccionadores Nacionales: John Jaime Gonz\u00e1lez y Andr\u00e9s Torres<\/p>\n\n\n\n<p>Martha Bayona Pineda (Velocidad)<br \/>Kevin Santiago Quintero Chavarro (Velocidad)<br \/>Santiago Ram\u00edrez Morales (Velocidad)<br \/>Cristian David Ortega Fontalvo (Velocidad)<br \/>Carlos Daniel Echeverri Cardona (Velocidad)<br \/>Juan Esteban Arango Carvajal (Fondo)<\/p>\n\n\n\n<p><strong>BMX Racing<\/strong><br \/>Seleccionador Nacional: Luis Fabio Pe\u00f1a<\/p>\n\n\n\n<p><strong>\u00c9lite<\/strong><br \/>Mariana Paj\u00f3n Londo\u00f1o<br \/>Gabriela Bolle Carrillo<br \/>Diego Alejandro Arboleda Ospina<br \/>Carlos Alberto Ram\u00edrez Yepes<br \/>Mateo Carmona Garc\u00eda<br \/>Juan Camilo Ram\u00edrez Valencia<\/p>\n\n\n\n<p><strong>Sub-23<\/strong><br \/>Manuela Mart\u00ednez Agudelo<br \/>Santiago Santa Moreno<br \/>Jersy Alejandro Andrade Gustin<\/p>\n\n\n\n<p><strong>Junior<\/strong><br \/>Sharid Nicolle Fayad Mercado<br \/>Mariana Agudelo Medina<br \/>Juan Jos\u00e9 Vel\u00e1squez Carmona<\/p>\n\n\n\n<p><strong>BMX Freestyle<\/strong><br \/>Seleccionador Nacional: Alejandro Caro Ospina<\/p>\n\n\n\n<p>Queen Saray Villegas Serna (Park)<br \/>Luis Oswaldo Rinc\u00f3n Reyes (Park)<\/p>\n\n\n\n<p><strong>Mountain Bike<\/strong><br \/>Seleccionador Nacional: Jos\u00e9 G\u00f3mez<\/p>\n\n\n\n<p><strong>Marathon (XCM)<\/strong><br \/>H\u00e9ctor Leonardo P\u00e1ez Le\u00f3n<br \/>Diego Alfonso Arias Cuervo<br \/>M\u00f3nica Yuliana Calder\u00f3n Mart\u00ednez<\/p>\n\n\n\n<p><strong>Downhill (DHI)<\/strong><br \/>Sebasti\u00e1n Holgu\u00edn Villa (\u00c9lite)<br \/>Valentina Roa S\u00e1nchez (Junior)<\/p>\n\n\n\n<p><strong>Cross Country Ol\u00edmpico (XCO)<\/strong><\/p>\n\n\n\n<p><strong>\u00c9lite<\/strong><br \/>Jhonnatan Botero Villegas<br \/>Ana Mar\u00eda Roa Mu\u00f1oz<\/p>\n\n\n\n<p><strong>Sub-23<\/strong><br \/>Nelson Duv\u00e1n Pe\u00f1a Franco<br \/>Mar\u00eda Jos\u00e9 Salamanca Pinz\u00f3n<br \/>Laura Camila Cagua Gonz\u00e1lez<\/p>\n\n\n\n<p><strong>Junior<\/strong><br \/>Antonio G\u00f3mez Ortiz<br \/>Salom\u00e9 Cort\u00e9s Bautista<\/p>\n\n\n\n<p><strong>Paracycling<\/strong><br \/>Seleccionadores Nacionales: Jaime Ram\u00edrez y Diana Garc\u00eda<\/p>\n\n\n\n<p>Daniela Carolina Mun\u00e9var Fl\u00f3rez (C2)<br \/>Paula Andrea Ossa Veloza (C5)<br \/>Juan Jos\u00e9 Betancourt Quiroga (T2)<br \/>Alejandro Perea Arango (C3)<br \/>Esn\u00e9ider Mu\u00f1oz Mar\u00edn (C3)<br \/>Guido Fernando Cardona Maya (C4)<br \/>Diego Germ\u00e1n Due\u00f1as G\u00f3mez (C4)<br \/>Carlos Andr\u00e9s Vargas Villanueva (C5)<br \/>Nelson Javier Serna Moreno (B)<br \/>Marvin Orlando Angarita Reyes (Gu\u00eda)<\/p>\n\n\n\n<p><\/p>\n\n\n\n<p>federacioncolombianadeciclismo.com<\/p>\n\n\n\n<p><canvas width=\"1520\" height=\"1966\"><\/canvas><\/p>\n","protected":false},"excerpt":{"rendered":"<p>Del 3 al 13 de agosto, la ciudad de Glasgow en Escocia acoger\u00e1 los Campeonatos Mundiales de Ciclismo UCI, que reunir\u00e1n a los mejores exponentes del mundo en 13 disciplinas, en evento organizado por la Uni\u00f3n Ciclista Internacional y en el que las Selecciones Colombia de Ciclismo estar\u00e1n compitiendo en nueve de las 13 disciplinas [&hellip;]<\/p>\n","protected":false},"author":1,"featured_media":150087,"comment_status":"closed","ping_status":"closed","sticky":false,"template":"","format":"standard","meta":{"_acf_changed":false,"_jetpack_memberships_contains_paid_content":false,"footnotes":"","jetpack_publicize_message":"","jetpack_publicize_feature_enabled":true,"jetpack_social_post_already_shared":true,"jetpack_social_options":{"image_generator_settings":{"template":"highway","default_image_id":0,"font":"","enabled":false},"version":2}},"categories":[14],"tags":[],"class_list":["post-150086","post","type-post","status-publish","format-standard","has-post-thumbnail","hentry","category-ciclismo"],"acf":[],"jetpack_publicize_connections":[],"jetpack_featured_media_url":"https:\/\/i0.wp.com\/sportseco.com\/wp-content\/uploads\/2023\/07\/Mundiales.jpg?fit=1920%2C1080&ssl=1","jetpack_sharing_enabled":true,"_links":{"self":[{"href":"https:\/\/sportseco.com\/index.php?rest_route=\/wp\/v2\/posts\/150086","targetHints":{"allow":["GET"]}}],"collection":[{"href":"https:\/\/sportseco.com\/index.php?rest_route=\/wp\/v2\/posts"}],"about":[{"href":"https:\/\/sportseco.com\/index.php?rest_route=\/wp\/v2\/types\/post"}],"author":[{"embeddable":true,"href":"https:\/\/sportseco.com\/index.php?rest_route=\/wp\/v2\/users\/1"}],"replies":[{"embeddable":true,"href":"https:\/\/sportseco.com\/index.php?rest_route=%2Fwp%2Fv2%2Fcomments&post=150086"}],"version-history":[{"count":1,"href":"https:\/\/sportseco.com\/index.php?rest_route=\/wp\/v2\/posts\/150086\/revisions"}],"predecessor-version":[{"id":150088,"href":"https:\/\/sportseco.com\/index.php?rest_route=\/wp\/v2\/posts\/150086\/revisions\/150088"}],"wp:featuredmedia":[{"embeddable":true,"href":"https:\/\/sportseco.com\/index.php?rest_route=\/wp\/v2\/media\/150087"}],"wp:attachment":[{"href":"https:\/\/sportseco.com\/index.php?rest_route=%2Fwp%2Fv2%2Fmedia&parent=150086"}],"wp:term":[{"taxonomy":"category","embeddable":true,"href":"https:\/\/sportseco.com\/index.php?rest_route=%2Fwp%2Fv2%2Fcategories&post=150086"},{"taxonomy":"post_tag","embeddable":true,"href":"https:\/\/sportseco.com\/index.php?rest_route=%2Fwp%2Fv2%2Ftags&post=150086"}],"curies":[{"name":"wp","href":"https:\/\/api.w.org\/{rel}","templated":true}]}}