{"id":150895,"date":"2023-08-13T13:08:26","date_gmt":"2023-08-13T17:08:26","guid":{"rendered":"https:\/\/sportseco.com\/?p=150895"},"modified":"2023-08-13T13:08:30","modified_gmt":"2023-08-13T17:08:30","slug":"mariana-pajon-y-carlos-ramirez-rozan-el-podio-en-el-mundial-de-bmx-racing-2023","status":"publish","type":"post","link":"https:\/\/sportseco.com\/?p=150895","title":{"rendered":"Mariana Paj\u00f3n y Carlos Ram\u00edrez rozan el podio en el Mundial de BMX Racing 2023"},"content":{"rendered":"\n<p><\/p>\n\n\n\n<p><a rel=\"noreferrer noopener\" href=\"https:\/\/www.facebook.com\/sharer\/sharer.php?u=https:\/\/olympics.com\/es\/noticias\/mundial-bmx-racing-2023-resultados-medallas-mariana-pajon-carlos-ramirez-yepes&amp;quote=Mariana%20Paj%C3%B3n%20y%20Carlos%20Ram%C3%ADrez%20rozan%20el%20podio%20en%20el%20Mundial%20de%20BMX%20Racing%202023\" target=\"_blank\"><\/a><a rel=\"noreferrer noopener\" href=\"https:\/\/twitter.com\/intent\/tweet?text=Mariana%20Paj%C3%B3n%20y%20Carlos%20Ram%C3%ADrez%20rozan%20el%20podio%20en%20el%20Mundial%20de%20BMX%20Racing%202023&amp;url=https:\/\/olympics.com\/es\/noticias\/mundial-bmx-racing-2023-resultados-medallas-mariana-pajon-carlos-ramirez-yepes\" target=\"_blank\"><\/a><a rel=\"noreferrer noopener\" href=\"https:\/\/web.wechat.com\/?text=Mariana%20Paj%C3%B3n%20y%20Carlos%20Ram%C3%ADrez%20rozan%20el%20podio%20en%20el%20Mundial%20de%20BMX%20Racing%202023&amp;url=https:\/\/olympics.com\/es\/noticias\/mundial-bmx-racing-2023-resultados-medallas-mariana-pajon-carlos-ramirez-yepes\" target=\"_blank\"><\/a><a rel=\"noreferrer noopener\" href=\"http:\/\/vk.com\/share.php?url=https:\/\/olympics.com\/es\/noticias\/mundial-bmx-racing-2023-resultados-medallas-mariana-pajon-carlos-ramirez-yepes\" target=\"_blank\"><\/a><a rel=\"noreferrer noopener\" href=\"mailto:?subject=Mariana%20Paj%C3%B3n%20y%20Carlos%20Ram%C3%ADrez%20rozan%20el%20podio%20en%20el%20Mundial%20de%20BMX%20Racing%202023&amp;body=Check%20out%20this%20site%20https:\/\/olympics.com\/es\/noticias\/mundial-bmx-racing-2023-resultados-medallas-mariana-pajon-carlos-ramirez-yepes\" target=\"_blank\"><\/a><a href=\"https:\/\/olympics.com\/es\/atletas\/mariana-pajon\"><strong>Mariana Paj\u00f3n<\/strong><\/a>, la reina del\u00a0<a href=\"https:\/\/olympics.com\/es\/deportes\/ciclismo-bmx-racing\/\">BMX<\/a>\u00a0y mujer con m\u00e1s medallas ol\u00edmpicas en este deporte, repiti\u00f3 la quinta posici\u00f3n que ya hab\u00eda logrado en el anterior campeonato en el\u00a0<strong>Mundial de Ciclismo 2023<\/strong>, celebrado en Glasgow.<\/p>\n\n\n\n<p>Despu\u00e9s de un periodo marcado por las lesiones, Paj\u00f3n, de 32 a\u00f1os, lleg\u00f3 al que ha supuesto su 22\u00ba mundial, el 11\u00ba en categor\u00eda \u00e9lite, y volvi\u00f3 a estar entre las mejores del mundo este 13 de agosto de 2023, cuando resta menos de un a\u00f1o para que se celebren los&nbsp;<strong>Juegos Ol\u00edmpicos de&nbsp;<a href=\"https:\/\/olympics.com\/es\/olympic-games\/paris-2024\">Par\u00eds 2024<\/a><\/strong>.<\/p>\n\n\n\n<p>Se proclam\u00f3 como campeona mundial la rider local y vigente campeona ol\u00edmpica&nbsp;<a href=\"https:\/\/olympics.com\/es\/atletas\/bethany-shriever\"><strong>Bethany Shriever<\/strong><\/a>. Le siguieron en el podio&nbsp;<a href=\"https:\/\/olympics.com\/es\/atletas\/laura-smulders\"><strong>Laura Smulders<\/strong><\/a>&nbsp;(Pa\u00edses Bajos), con la plata; y&nbsp;<a href=\"https:\/\/olympics.com\/es\/atletas\/alise-willoughby\"><strong>Alise Willoughby<\/strong><\/a>, de Estados Unidos, con el bronce.<\/p>\n\n\n\n<p>Por su parte,&nbsp;<strong><a href=\"https:\/\/olympics.com\/es\/atletas\/carlos-alberto-ramirez-yepes\">Carlos Ram\u00edrez Yepes<\/a><\/strong>, dos veces medallista de bronce en los Juegos Ol\u00edmpicos, y el argentino&nbsp;<strong>Nicol\u00e1s Torres<\/strong>&nbsp;fueron los \u00fanicos latinos en la final \u00e9lite masculina. Despu\u00e9s de una incre\u00edble remontada, Ram\u00edrez Yepes hizo so\u00f1ar con el que habr\u00eda supuesto su primer podio en un Campeonato del Mundo, pero finalmente fue cuarto en un podio copado por riders franceses.<\/p>\n\n\n\n<p><a href=\"https:\/\/olympics.com\/es\/atletas\/romain-mahieu\"><strong>Romain Mahieu<\/strong><\/a>&nbsp;se llev\u00f3 la medalla de oro, mientras que completaron el caj\u00f3n sus compatriotas&nbsp;<strong>Arthur Pilard<\/strong>&nbsp;(plata) y&nbsp;<a href=\"https:\/\/olympics.com\/es\/atletas\/joris-daudet\"><strong>Joris Daudet<\/strong><\/a>, que repiti\u00f3 el bronce logrado en 2022.<\/p>\n\n\n\n<p>Quien no pudo competir en la final fue otro colombiano que estaba entre los favoritos al podio:&nbsp;<a href=\"https:\/\/olympics.com\/es\/atletas\/diego-alejandro-arboleda-ospina\"><strong>Diego Arboleda<\/strong><\/a>. Llegaba a Glasgow 2023 como tercero del ranking mundial, sin embargo, fue quinto en las semifinales y se qued\u00f3 fuera de la final en un final muy ajustado con Alberto Carlos Ram\u00edrez Yepes, que s\u00ed que logr\u00f3 llegar a la lucha por las medallas. En esta semifinal compiti\u00f3 tambi\u00e9n el ecuatoriano&nbsp;<a href=\"https:\/\/olympics.com\/es\/atletas\/alfredo-campo\"><strong>Alfredo Campo<\/strong><\/a>, que no pudo avanzar de ronda.<\/p>\n\n\n\n<p>Tambi\u00e9n destac\u00f3 en la final femenina sub-23 la colombiana&nbsp;<strong>Manuela<\/strong>&nbsp;<strong>Mart\u00ednez Agudelo<\/strong>, que fue la mejor en la salida, pero perdi\u00f3 opci\u00f3n de medalla en los \u00faltimos metros de la pista y se tuvo que conformar con la cuarta posici\u00f3n.<\/p>\n\n\n\n<ul class=\"wp-block-list\">\n<li><a href=\"https:\/\/olympics.com\/es\/noticias\/resultados-latinos-mundial-ciclismo-2023-medallas-resumen\" target=\"_blank\" rel=\"noreferrer noopener\">Resultados latinos en el Mundial de Ciclismo 2023: medallas y resumen<\/a><\/li>\n<\/ul>\n\n\n\n<p><a href=\"https:\/\/olympics.com\/es\/eventos-deportivos\/cycling-olympic-qualifier-world-championships-2023\/\">3 &#8211; 13 agoCiclismo | Clasificatorio Ol\u00edmpico | Campeonato Mundial 2023&nbsp;&#8211; Escocia<\/a><\/p>\n\n\n\n<h2 class=\"wp-block-heading\">Resultados y podios en BMX Racing<\/h2>\n\n\n\n<h3 class=\"wp-block-heading\">Final \u00e9lite femenina<\/h3>\n\n\n\n<ol class=\"wp-block-list\">\n<li>Bethany Shriever (Gran Breta\u00f1a) &#8211; 36.577 segundos<\/li>\n\n\n\n<li>Laura Smulders (Pa\u00edses Bajos) &#8211; a 0.380<\/li>\n\n\n\n<li>Alise Willoughby (Estados Unidos) &#8211; a 0.759<\/li>\n\n\n\n<li>Saya Sakakibara (Australia) &#8211; a 1.222<\/li>\n\n\n\n<li>Mariana Paj\u00f3n (Colombia) &#8211; a 1.345<\/li>\n\n\n\n<li>Lauren Reynolds (Australia) &#8211; a 1.661<\/li>\n\n\n\n<li>Manon Veenstra (Pa\u00edses Bajos) &#8211; a 23.375<\/li>\n\n\n\n<li>Zoe Claessens (Suiza) &#8211; a 51.440<\/li>\n<\/ol>\n\n\n\n<h3 class=\"wp-block-heading\">Final \u00e9lite masculina<\/h3>\n\n\n\n<ol class=\"wp-block-list\">\n<li>Romain Mahieu (Francia) &#8211; 33.189 segundos<\/li>\n\n\n\n<li>Arthur Pilard (Francia) &#8211; a 0.142<\/li>\n\n\n\n<li>Joris Daudet (Francia) &#8211; a 0.354<\/li>\n\n\n\n<li>Carlos Alberto Ram\u00edrez Yepes (Colombia) &#8211; a 0.463<\/li>\n\n\n\n<li>Jeremy Rencurel (Francia) &#8211; a 0.720<\/li>\n\n\n\n<li>Ross Cullen (Gran Breta\u00f1a) &#8211; a 1.327<\/li>\n\n\n\n<li>Leo Garoyan (Francia) &#8211; a 1.327<\/li>\n\n\n\n<li>Nicol\u00e1s Torres (Argentina) &#8211; a 3.197<\/li>\n<\/ol>\n\n\n\n<blockquote class=\"wp-block-quote is-layout-flow wp-block-quote-is-layout-flow\">\n<p>olympics.com<\/p>\n<\/blockquote>\n","protected":false},"excerpt":{"rendered":"<p>Mariana Paj\u00f3n, la reina del\u00a0BMX\u00a0y mujer con m\u00e1s medallas ol\u00edmpicas en este deporte, repiti\u00f3 la quinta posici\u00f3n que ya hab\u00eda logrado en el anterior campeonato en el\u00a0Mundial de Ciclismo 2023, celebrado en Glasgow. Despu\u00e9s de un periodo marcado por las lesiones, Paj\u00f3n, de 32 a\u00f1os, lleg\u00f3 al que ha supuesto su 22\u00ba mundial, el 11\u00ba [&hellip;]<\/p>\n","protected":false},"author":1,"featured_media":150896,"comment_status":"closed","ping_status":"closed","sticky":false,"template":"","format":"standard","meta":{"_acf_changed":false,"_jetpack_memberships_contains_paid_content":false,"footnotes":"","jetpack_publicize_message":"","jetpack_publicize_feature_enabled":true,"jetpack_social_post_already_shared":true,"jetpack_social_options":{"image_generator_settings":{"template":"highway","default_image_id":0,"font":"","enabled":false},"version":2}},"categories":[14],"tags":[],"class_list":["post-150895","post","type-post","status-publish","format-standard","has-post-thumbnail","hentry","category-ciclismo"],"acf":[],"jetpack_publicize_connections":[],"jetpack_featured_media_url":"https:\/\/i0.wp.com\/sportseco.com\/wp-content\/uploads\/2023\/08\/zxheletfjkcy1yjzznh4.webp?fit=2440%2C1372&ssl=1","jetpack_sharing_enabled":true,"_links":{"self":[{"href":"https:\/\/sportseco.com\/index.php?rest_route=\/wp\/v2\/posts\/150895","targetHints":{"allow":["GET"]}}],"collection":[{"href":"https:\/\/sportseco.com\/index.php?rest_route=\/wp\/v2\/posts"}],"about":[{"href":"https:\/\/sportseco.com\/index.php?rest_route=\/wp\/v2\/types\/post"}],"author":[{"embeddable":true,"href":"https:\/\/sportseco.com\/index.php?rest_route=\/wp\/v2\/users\/1"}],"replies":[{"embeddable":true,"href":"https:\/\/sportseco.com\/index.php?rest_route=%2Fwp%2Fv2%2Fcomments&post=150895"}],"version-history":[{"count":1,"href":"https:\/\/sportseco.com\/index.php?rest_route=\/wp\/v2\/posts\/150895\/revisions"}],"predecessor-version":[{"id":150897,"href":"https:\/\/sportseco.com\/index.php?rest_route=\/wp\/v2\/posts\/150895\/revisions\/150897"}],"wp:featuredmedia":[{"embeddable":true,"href":"https:\/\/sportseco.com\/index.php?rest_route=\/wp\/v2\/media\/150896"}],"wp:attachment":[{"href":"https:\/\/sportseco.com\/index.php?rest_route=%2Fwp%2Fv2%2Fmedia&parent=150895"}],"wp:term":[{"taxonomy":"category","embeddable":true,"href":"https:\/\/sportseco.com\/index.php?rest_route=%2Fwp%2Fv2%2Fcategories&post=150895"},{"taxonomy":"post_tag","embeddable":true,"href":"https:\/\/sportseco.com\/index.php?rest_route=%2Fwp%2Fv2%2Ftags&post=150895"}],"curies":[{"name":"wp","href":"https:\/\/api.w.org\/{rel}","templated":true}]}}