{"id":150989,"date":"2023-08-18T12:41:26","date_gmt":"2023-08-18T16:41:26","guid":{"rendered":"https:\/\/sportseco.com\/?p=150989"},"modified":"2023-08-18T12:41:52","modified_gmt":"2023-08-18T16:41:52","slug":"lazkano-gana-en-la-cuarta-de-burgos-roglic-sigue-de-lider","status":"publish","type":"post","link":"https:\/\/sportseco.com\/?p=150989","title":{"rendered":"Lazkano gana en la cuarta de Burgos, Roglic sigue de lider"},"content":{"rendered":"\n<p>Oier Lazkano (Movistar) gan\u00f3 la etapa 4 de la Vuelta a Burgos despu\u00e9s de vencer a Santiago Buitrago (Bahrain Victorious) en la final cuesta arriba en Pradoluengo. El campe\u00f3n de Espa\u00f1a form\u00f3 parte de una movida de nueve hombres que se escap\u00f3 temprano en la etapa y luch\u00f3 por la victoria en la subida a la l\u00ednea de categor\u00eda 3.<\/p>\n\n\n\n<p>Primoz Roglic termin\u00f3 a salvo en el pelot\u00f3n principal para mantener su liderato general antes de la final del s\u00e1bado en Lagunas de Neila, y su equipo Jumbo-Visma supervis\u00f3 el descanso del d\u00eda para asegurarse de que el peligroso Jay Vine (UAE Team Emirates), noveno en el escenario, fuera No se le ha dado demasiado margen de maniobra.<\/p>\n\n\n\n<p>Lazkano mostr\u00f3 su fuerza al cerrar un ataque tard\u00edo de Joan Bou (Euskaltel-Euskadi) y luego subirse al frente. Buitrago fue el \u00fanico corredor que pudo seguir la aceleraci\u00f3n de Lazkano, pero no pudo reunir la velocidad para rodear al forzudo en los \u00faltimos metros. Ra\u00fal Garc\u00eda Pierna (Kern Pharma) ocupaba la tercera posici\u00f3n, a tres segundos de Lazkano.<\/p>\n\n\n\n<p>Enlaces patrocinados<br \/>La prueba de precisi\u00f3n del monitor de presi\u00f3n arterial 2022 \u2013 DocReviews<br \/>Rese\u00f1as de documentos<br \/>El compa\u00f1ero del vasco Iv\u00e1n Garc\u00eda Cortina gan\u00f3 el sprint por la d\u00e9cima posici\u00f3n, 58 segundos despu\u00e9s, y Lazkano explic\u00f3 despu\u00e9s que su plantilla de Movistar se hab\u00eda preparado para cualquier eventualidad en la etapa del viernes.<\/p>\n\n\n\n<p>VIDEOS RECOMENDADOS PARA TI\u2026<br \/>CERCA<br \/>\u201cHoy ten\u00edamos la orden del equipo de intentar entrar en la fuga, pero tambi\u00e9n ten\u00edamos a Garc\u00eda en el pelot\u00f3n por si se llegaba a un sprint\u201d, dijo Lazkano.<\/p>\n\n\n\n<p>El joven de 23 a\u00f1os ha disfrutado de una gran temporada, coronada por el segundo puesto en Dwars door Vlaanderen, la victoria en Boucles de la Mayenne y, por supuesto, el t\u00edtulo espa\u00f1ol de ruta. A pesar de la presencia de escaladores del calibre de Buitrago y Vine en el descanso del d\u00eda, Lazkano se vio obligado a esperar su momento para los 2 km hasta la meta debido al viento en contra en la larga distancia hacia la \u00faltima subida de categor\u00eda 3.<\/p>\n\n\n\n<p>\u201cDurante los \u00faltimos 40 o 50 km tuvimos viento en contra, as\u00ed que tuvimos que esperar a la subida para atacar, pero siempre tuvimos dos o tres minutos sobre el grupo\u201d, dijo Lazkano, quien est\u00e1 en l\u00ednea para comenzar su segunda Vuelta a Espa\u00f1a la pr\u00f3xima semana. \u201cEs bonito ganar en Espa\u00f1a con la camiseta de campe\u00f3n nacional, y adem\u00e1s tan cerca de casa\u201d.<\/p>\n\n\n\n<p>Lazkano se sum\u00f3 a Vine, Buitrago, Matteo Fabbro (Bora-Hansgrohe), Jonathan Klever Caicedo (EF Education-EasyPost), Harold Mart\u00edn L\u00f3pez (Astana-Qazaqstan), Ra\u00fal Garc\u00eda Pierna (Kern Pharma), Joan Bou (Euskaltel-Euskadi) y Gianluca Brambilla (Q36.5) en el descanso temprano del d\u00eda, que se form\u00f3 con 150 km a\u00fan por correr.<\/p>\n\n\n\n<p>Vine, que impresion\u00f3 en la etapa 3 hasta que un choque detuvo su progreso, comenz\u00f3 el d\u00eda a 4:46 de la ventaja general de Roglic, lo que significaba que Jumbo-Visma se negaba a ofrecer demasiada libertad a los fugitivos, aunque a medida que avanzaba la tarde, se convirti\u00f3 en claro que tendr\u00edan la oportunidad de disputar la victoria de etapa.<\/p>\n\n\n\n<p>Brambilla fue el primero de la fuga en atacar, lanzando una \u00e1spera aceleraci\u00f3n con 1,3 km para el final que fue bloqueada por Buitrago. Garc\u00eda Pierna, ya agresivo el jueves, pate\u00f3 debajo de la llama roja antes de que Bou lanzara su esfuerzo con 500 m para el final.<\/p>\n\n\n\n<p>Lazkano intuy\u00f3 su momento y respondi\u00f3 llev\u00e1ndose consigo a Buitrago. El colombiano podr\u00eda haber sido ligeramente favorecido en un final como este, pero la fuerza de Lazkano gan\u00f3 el d\u00eda.<\/p>\n\n\n\n<p>Detr\u00e1s, Attila Valter acerc\u00f3 al pelot\u00f3n a un minuto del descanso en la subida final, mientras que Roglic evit\u00f3 una ca\u00edda en la recta final para terminar sano y salvo en el pelot\u00f3n y conservar su liderato general. Tiene un buffer de 33 segundos sobre Aleksandr Vlasov (Bora-Hansgrohe) y 38 sobre Adam Yates (UAE Team Emirates) antes de la final del s\u00e1bado en Lagunas de Neila.<\/p>\n\n\n\n<p>\u201cHac\u00eda calor, verdadero verano, y tambi\u00e9n viento hoy. Pero tengo un equipo fuerte y los muchachos hicieron un muy buen trabajo, as\u00ed que todo estuvo bajo control\u201d, dijo Roglic.<\/p>\n\n\n\n<p>\u201cMa\u00f1ana ser\u00e1 la dura con el final cuesta arriba. Por supuesto, es s\u00faper agradable, con mucha gente en el camino, mucho apoyo. Definitivamente estoy deseando que llegue ma\u00f1ana\u201d.<\/p>\n\n\n\n<p><\/p>\n\n\n\n<p>vueltaburgos.com<\/p>\n","protected":false},"excerpt":{"rendered":"<p>Oier Lazkano (Movistar) gan\u00f3 la etapa 4 de la Vuelta a Burgos despu\u00e9s de vencer a Santiago Buitrago (Bahrain Victorious) en la final cuesta arriba en Pradoluengo. El campe\u00f3n de Espa\u00f1a form\u00f3 parte de una movida de nueve hombres que se escap\u00f3 temprano en la etapa y luch\u00f3 por la victoria en la subida a [&hellip;]<\/p>\n","protected":false},"author":1,"featured_media":150991,"comment_status":"closed","ping_status":"closed","sticky":false,"template":"","format":"standard","meta":{"_acf_changed":false,"_jetpack_memberships_contains_paid_content":false,"footnotes":"","jetpack_publicize_message":"","jetpack_publicize_feature_enabled":true,"jetpack_social_post_already_shared":true,"jetpack_social_options":{"image_generator_settings":{"template":"highway","default_image_id":0,"font":"","enabled":false},"version":2}},"categories":[14],"tags":[],"class_list":["post-150989","post","type-post","status-publish","format-standard","has-post-thumbnail","hentry","category-ciclismo"],"acf":[],"jetpack_publicize_connections":[],"jetpack_featured_media_url":"https:\/\/i0.wp.com\/sportseco.com\/wp-content\/uploads\/2023\/08\/ZDbc4TLEkD63k6ixZjXTrH-1920-80.jpg.webp?fit=1024%2C682&ssl=1","jetpack_sharing_enabled":true,"_links":{"self":[{"href":"https:\/\/sportseco.com\/index.php?rest_route=\/wp\/v2\/posts\/150989","targetHints":{"allow":["GET"]}}],"collection":[{"href":"https:\/\/sportseco.com\/index.php?rest_route=\/wp\/v2\/posts"}],"about":[{"href":"https:\/\/sportseco.com\/index.php?rest_route=\/wp\/v2\/types\/post"}],"author":[{"embeddable":true,"href":"https:\/\/sportseco.com\/index.php?rest_route=\/wp\/v2\/users\/1"}],"replies":[{"embeddable":true,"href":"https:\/\/sportseco.com\/index.php?rest_route=%2Fwp%2Fv2%2Fcomments&post=150989"}],"version-history":[{"count":3,"href":"https:\/\/sportseco.com\/index.php?rest_route=\/wp\/v2\/posts\/150989\/revisions"}],"predecessor-version":[{"id":150994,"href":"https:\/\/sportseco.com\/index.php?rest_route=\/wp\/v2\/posts\/150989\/revisions\/150994"}],"wp:featuredmedia":[{"embeddable":true,"href":"https:\/\/sportseco.com\/index.php?rest_route=\/wp\/v2\/media\/150991"}],"wp:attachment":[{"href":"https:\/\/sportseco.com\/index.php?rest_route=%2Fwp%2Fv2%2Fmedia&parent=150989"}],"wp:term":[{"taxonomy":"category","embeddable":true,"href":"https:\/\/sportseco.com\/index.php?rest_route=%2Fwp%2Fv2%2Fcategories&post=150989"},{"taxonomy":"post_tag","embeddable":true,"href":"https:\/\/sportseco.com\/index.php?rest_route=%2Fwp%2Fv2%2Ftags&post=150989"}],"curies":[{"name":"wp","href":"https:\/\/api.w.org\/{rel}","templated":true}]}}