{"id":151034,"date":"2023-08-18T19:16:36","date_gmt":"2023-08-18T23:16:36","guid":{"rendered":"https:\/\/sportseco.com\/?p=151034"},"modified":"2023-08-18T20:00:29","modified_gmt":"2023-08-19T00:00:29","slug":"eider-y-cesar-abren-la-presencia-colombiana-en-budapest","status":"publish","type":"post","link":"https:\/\/sportseco.com\/?p=151034","title":{"rendered":"Eider y C\u00e9sar abren la presencia colombiana en Budapest"},"content":{"rendered":"\n<p>El&nbsp;<strong>Campeonato Mundial de Atletismo Budapest 202<\/strong>3 entra en acci\u00f3n en la madrugada colombiana de este s\u00e1bado y la<strong>&nbsp;Selecci\u00f3n Colombia<\/strong>&nbsp;tiene doble presencia en la primera final de la cita orbital, en los 20 kil\u00f3metros marcha de los hombres, con&nbsp;<strong>\u00c9ider Ar\u00e9valo y C\u00e9sar Herrera.<\/strong><\/p>\n\n\n\n<p><strong>Ar\u00e9valo,<\/strong>&nbsp;que ya sabe lo que es ser campe\u00f3n mundial en esta prueba, tras el t\u00edtulo logado en Londres 2017, estrenar\u00e1 junto a<strong>&nbsp;Cesar Herrera<\/strong>&nbsp;la presencia nacional, a partir de las 8:50 am., hora local, que se traduce en la 1:50 am de la madrugada colombiana.<\/p>\n\n\n\n<p>La segunda colombiana en entrar en acci\u00f3n ser\u00e1<strong>&nbsp;Valeria Ara\u00fajo,<\/strong>&nbsp;quien en la prueba del heptatl\u00f3n competir\u00e1 este s\u00e1bado desde las 3:35 de la ma\u00f1ana en Colombia en los 100 metros vallas, luego lo har\u00e1 a las 4:45 en el salto alto, a las 12:05 del mediod\u00eda colombiano en la impulsi\u00f3n de la bala y cerrar\u00e1 su jornada inicial a la 1:31 pm., en los 200 metros planos.<\/p>\n\n\n\n<p>As\u00ed mismo, la ya clasificada a los<strong>&nbsp;Juegos Ol\u00edmpicos de Par\u00eds 2024,<\/strong>&nbsp;en el salto largo,&nbsp;<strong>Natalia Linares,<\/strong>&nbsp;tendr\u00e1 la clasificaci\u00f3n desde las 5:25 de la ma\u00f1ana en Colombia, mientras que, en el triple salto masculino masculino,&nbsp;<strong>Geiner Moreno<\/strong>&nbsp;tiene la ronda de clasificaci\u00f3n desde las 12:37 del mediod\u00eda colombiano.<\/p>\n\n\n\n<p>Esta es la primera jornada de la delegaci\u00f3n nacional en Budapest.<\/p>\n\n\n\n<p><em>Foto Running Colombia<\/em><\/p>\n\n\n\n<p><\/p>\n\n\n\n<p>olimpicocol.co<\/p>\n","protected":false},"excerpt":{"rendered":"<p>El&nbsp;Campeonato Mundial de Atletismo Budapest 2023 entra en acci\u00f3n en la madrugada colombiana de este s\u00e1bado y la&nbsp;Selecci\u00f3n Colombia&nbsp;tiene doble presencia en la primera final de la cita orbital, en los 20 kil\u00f3metros marcha de los hombres, con&nbsp;\u00c9ider Ar\u00e9valo y C\u00e9sar Herrera. Ar\u00e9valo,&nbsp;que ya sabe lo que es ser campe\u00f3n mundial en esta prueba, tras [&hellip;]<\/p>\n","protected":false},"author":1,"featured_media":151035,"comment_status":"closed","ping_status":"closed","sticky":false,"template":"","format":"standard","meta":{"_acf_changed":false,"_jetpack_memberships_contains_paid_content":false,"footnotes":"","jetpack_publicize_message":"","jetpack_publicize_feature_enabled":true,"jetpack_social_post_already_shared":true,"jetpack_social_options":{"image_generator_settings":{"template":"highway","default_image_id":0,"font":"","enabled":false},"version":2}},"categories":[15],"tags":[],"class_list":["post-151034","post","type-post","status-publish","format-standard","has-post-thumbnail","hentry","category-atletismo"],"acf":[],"jetpack_publicize_connections":[],"jetpack_featured_media_url":"https:\/\/i0.wp.com\/sportseco.com\/wp-content\/uploads\/2023\/08\/Atletismo.jpeg?fit=1600%2C900&ssl=1","jetpack_sharing_enabled":true,"_links":{"self":[{"href":"https:\/\/sportseco.com\/index.php?rest_route=\/wp\/v2\/posts\/151034","targetHints":{"allow":["GET"]}}],"collection":[{"href":"https:\/\/sportseco.com\/index.php?rest_route=\/wp\/v2\/posts"}],"about":[{"href":"https:\/\/sportseco.com\/index.php?rest_route=\/wp\/v2\/types\/post"}],"author":[{"embeddable":true,"href":"https:\/\/sportseco.com\/index.php?rest_route=\/wp\/v2\/users\/1"}],"replies":[{"embeddable":true,"href":"https:\/\/sportseco.com\/index.php?rest_route=%2Fwp%2Fv2%2Fcomments&post=151034"}],"version-history":[{"count":1,"href":"https:\/\/sportseco.com\/index.php?rest_route=\/wp\/v2\/posts\/151034\/revisions"}],"predecessor-version":[{"id":151036,"href":"https:\/\/sportseco.com\/index.php?rest_route=\/wp\/v2\/posts\/151034\/revisions\/151036"}],"wp:featuredmedia":[{"embeddable":true,"href":"https:\/\/sportseco.com\/index.php?rest_route=\/wp\/v2\/media\/151035"}],"wp:attachment":[{"href":"https:\/\/sportseco.com\/index.php?rest_route=%2Fwp%2Fv2%2Fmedia&parent=151034"}],"wp:term":[{"taxonomy":"category","embeddable":true,"href":"https:\/\/sportseco.com\/index.php?rest_route=%2Fwp%2Fv2%2Fcategories&post=151034"},{"taxonomy":"post_tag","embeddable":true,"href":"https:\/\/sportseco.com\/index.php?rest_route=%2Fwp%2Fv2%2Ftags&post=151034"}],"curies":[{"name":"wp","href":"https:\/\/api.w.org\/{rel}","templated":true}]}}