{"id":154493,"date":"2023-10-13T20:45:58","date_gmt":"2023-10-14T00:45:58","guid":{"rendered":"https:\/\/sportseco.com\/?p=154493"},"modified":"2023-10-13T20:46:03","modified_gmt":"2023-10-14T00:46:03","slug":"colombia-y-su-primer-entrenamiento-en-territorio-antioqueno","status":"publish","type":"post","link":"https:\/\/sportseco.com\/?p=154493","title":{"rendered":"Colombia y su primer entrenamiento en territorio antioque\u00f1o"},"content":{"rendered":"\n<p>La Selecci\u00f3n Colombia cumpli\u00f3 con su primera pr\u00e1ctica en el Departamento de Antioquia, como parte de la preparaci\u00f3n que dispuso el cuerpo t\u00e9cnico, para aclimatarse antes de enfrentar a Ecuador en Quito.<\/p>\n\n\n\n<p>11 jugadores hicieron parte del entrenamiento en el Polideportivo Sur de Envigado y el resto de futbolistas, desarrollaron jornada de recuperaci\u00f3n en el hotel de concentraci\u00f3n, a las \u00f3rdenes del departamento m\u00e9dico y f\u00edsico.<\/p>\n\n\n\n<p>\u201cLa Amarilla\u201d realizar\u00e1 nuevamente ma\u00f1ana trabajo en campo con el grupo completo, para comenzar a delinear la parte t\u00e1ctica que se expondr\u00e1 frente a \u201cLa Tri\u201d, el pr\u00f3ximo martes en el pa\u00eds fronterizo.<\/p>\n\n\n\n<p><\/p>\n\n\n\n<p>fcf.com.co<\/p>\n","protected":false},"excerpt":{"rendered":"<p>La Selecci\u00f3n Colombia cumpli\u00f3 con su primera pr\u00e1ctica en el Departamento de Antioquia, como parte de la preparaci\u00f3n que dispuso el cuerpo t\u00e9cnico, para aclimatarse antes de enfrentar a Ecuador en Quito. 11 jugadores hicieron parte del entrenamiento en el Polideportivo Sur de Envigado y el resto de futbolistas, desarrollaron jornada de recuperaci\u00f3n en el [&hellip;]<\/p>\n","protected":false},"author":1,"featured_media":154494,"comment_status":"closed","ping_status":"closed","sticky":false,"template":"","format":"standard","meta":{"_acf_changed":false,"_jetpack_memberships_contains_paid_content":false,"footnotes":"","jetpack_publicize_message":"","jetpack_publicize_feature_enabled":true,"jetpack_social_post_already_shared":true,"jetpack_social_options":{"image_generator_settings":{"template":"highway","default_image_id":0,"font":"","enabled":false},"version":2}},"categories":[5],"tags":[],"class_list":["post-154493","post","type-post","status-publish","format-standard","has-post-thumbnail","hentry","category-futbol"],"acf":[],"jetpack_publicize_connections":[],"jetpack_featured_media_url":"https:\/\/i0.wp.com\/sportseco.com\/wp-content\/uploads\/2023\/10\/SMR1194-2048x1152-1.png?fit=2048%2C1152&ssl=1","jetpack_sharing_enabled":true,"_links":{"self":[{"href":"https:\/\/sportseco.com\/index.php?rest_route=\/wp\/v2\/posts\/154493","targetHints":{"allow":["GET"]}}],"collection":[{"href":"https:\/\/sportseco.com\/index.php?rest_route=\/wp\/v2\/posts"}],"about":[{"href":"https:\/\/sportseco.com\/index.php?rest_route=\/wp\/v2\/types\/post"}],"author":[{"embeddable":true,"href":"https:\/\/sportseco.com\/index.php?rest_route=\/wp\/v2\/users\/1"}],"replies":[{"embeddable":true,"href":"https:\/\/sportseco.com\/index.php?rest_route=%2Fwp%2Fv2%2Fcomments&post=154493"}],"version-history":[{"count":1,"href":"https:\/\/sportseco.com\/index.php?rest_route=\/wp\/v2\/posts\/154493\/revisions"}],"predecessor-version":[{"id":154495,"href":"https:\/\/sportseco.com\/index.php?rest_route=\/wp\/v2\/posts\/154493\/revisions\/154495"}],"wp:featuredmedia":[{"embeddable":true,"href":"https:\/\/sportseco.com\/index.php?rest_route=\/wp\/v2\/media\/154494"}],"wp:attachment":[{"href":"https:\/\/sportseco.com\/index.php?rest_route=%2Fwp%2Fv2%2Fmedia&parent=154493"}],"wp:term":[{"taxonomy":"category","embeddable":true,"href":"https:\/\/sportseco.com\/index.php?rest_route=%2Fwp%2Fv2%2Fcategories&post=154493"},{"taxonomy":"post_tag","embeddable":true,"href":"https:\/\/sportseco.com\/index.php?rest_route=%2Fwp%2Fv2%2Ftags&post=154493"}],"curies":[{"name":"wp","href":"https:\/\/api.w.org\/{rel}","templated":true}]}}