{"id":154548,"date":"2023-10-14T21:25:27","date_gmt":"2023-10-15T01:25:27","guid":{"rendered":"https:\/\/sportseco.com\/?p=154548"},"modified":"2023-10-14T21:25:32","modified_gmt":"2023-10-15T01:25:32","slug":"nueva-practica-de-la-seleccion-argentina-en-ezeiza","status":"publish","type":"post","link":"https:\/\/sportseco.com\/?p=154548","title":{"rendered":"Nueva pr\u00e1ctica de la Selecci\u00f3n Argentina en Ezeiza"},"content":{"rendered":"\n<p>Este s\u00e1bado, en turno vespertino, el plantel albiceleste llev\u00f3 a cabo una nueva jornada de labores en el predio Lionel Messi.<\/p>\n\n\n\n<p>A las 18, el grupo ingres\u00f3 al gimnasio del complejo para trabajar con el PF Luis Mart\u00edn. Tras ese bloque, en el que hicieron bicicleta y ejercicios en colchonetas, se movieron para el terreno de juego<\/p>\n\n\n\n<p><img data-recalc-dims=\"1\" decoding=\"async\" alt=\"\" src=\"https:\/\/i0.wp.com\/www.afa.com.ar\/upload\/Comite\/DSC07084.jpg?w=640&#038;ssl=1\"\/><br \/><br \/>Ya en el c\u00e9sped, el entrenador y sus asistentes, dispusieron labores t\u00e9cnicas con bal\u00f3n por postas y luego hubo un ensayo t\u00e1ctico en espacios reducidos. Sobre el cierre, los jugadores, practicaron remates de media y larga distancia.&nbsp;<br \/>&nbsp;<\/p>\n\n\n\n<p><img data-recalc-dims=\"1\" decoding=\"async\" src=\"https:\/\/i0.wp.com\/www.afa.com.ar\/upload\/Comite\/DSC06903.jpg?w=640&#038;ssl=1\" alt=\"\"\/><br \/><br \/>Cronograma de actividades<br \/><br \/><strong><u>Domingo 15 de octubre<\/u><\/strong><br \/>10.00&#8211; Entrenamiento (cerrado)<br \/>*Jugadores liberados hasta la noche<br \/><br \/><strong><u>Lunes 16 de octubre<\/u><\/strong><br \/>Entrenamiento matutino (horario a confirmar con 15 minutos abiertos a los medios)<br \/>Conferencia de Lionel Scaloni (horario a confirmar)<br \/>16.00&#8211; Viaje hacia Per\u00fa<br \/>20.00&#8211; Arribo estimado a Lima<\/p>\n\n\n\n<p><\/p>\n\n\n\n<p><\/p>\n\n\n\n<p>afa.com.ar<br \/>\u00a0<\/p>\n","protected":false},"excerpt":{"rendered":"<p>Este s\u00e1bado, en turno vespertino, el plantel albiceleste llev\u00f3 a cabo una nueva jornada de labores en el predio Lionel Messi. A las 18, el grupo ingres\u00f3 al gimnasio del complejo para trabajar con el PF Luis Mart\u00edn. Tras ese bloque, en el que hicieron bicicleta y ejercicios en colchonetas, se movieron para el terreno [&hellip;]<\/p>\n","protected":false},"author":1,"featured_media":154549,"comment_status":"closed","ping_status":"closed","sticky":false,"template":"","format":"standard","meta":{"_acf_changed":false,"_jetpack_memberships_contains_paid_content":false,"footnotes":"","jetpack_publicize_message":"","jetpack_publicize_feature_enabled":true,"jetpack_social_post_already_shared":true,"jetpack_social_options":{"image_generator_settings":{"template":"highway","default_image_id":0,"font":"","enabled":false},"version":2}},"categories":[5],"tags":[],"class_list":["post-154548","post","type-post","status-publish","format-standard","has-post-thumbnail","hentry","category-futbol"],"acf":[],"jetpack_publicize_connections":[],"jetpack_featured_media_url":"https:\/\/i0.wp.com\/sportseco.com\/wp-content\/uploads\/2023\/10\/DSC06881-scaled.jpg?fit=2560%2C1707&ssl=1","jetpack_sharing_enabled":true,"_links":{"self":[{"href":"https:\/\/sportseco.com\/index.php?rest_route=\/wp\/v2\/posts\/154548","targetHints":{"allow":["GET"]}}],"collection":[{"href":"https:\/\/sportseco.com\/index.php?rest_route=\/wp\/v2\/posts"}],"about":[{"href":"https:\/\/sportseco.com\/index.php?rest_route=\/wp\/v2\/types\/post"}],"author":[{"embeddable":true,"href":"https:\/\/sportseco.com\/index.php?rest_route=\/wp\/v2\/users\/1"}],"replies":[{"embeddable":true,"href":"https:\/\/sportseco.com\/index.php?rest_route=%2Fwp%2Fv2%2Fcomments&post=154548"}],"version-history":[{"count":1,"href":"https:\/\/sportseco.com\/index.php?rest_route=\/wp\/v2\/posts\/154548\/revisions"}],"predecessor-version":[{"id":154550,"href":"https:\/\/sportseco.com\/index.php?rest_route=\/wp\/v2\/posts\/154548\/revisions\/154550"}],"wp:featuredmedia":[{"embeddable":true,"href":"https:\/\/sportseco.com\/index.php?rest_route=\/wp\/v2\/media\/154549"}],"wp:attachment":[{"href":"https:\/\/sportseco.com\/index.php?rest_route=%2Fwp%2Fv2%2Fmedia&parent=154548"}],"wp:term":[{"taxonomy":"category","embeddable":true,"href":"https:\/\/sportseco.com\/index.php?rest_route=%2Fwp%2Fv2%2Fcategories&post=154548"},{"taxonomy":"post_tag","embeddable":true,"href":"https:\/\/sportseco.com\/index.php?rest_route=%2Fwp%2Fv2%2Ftags&post=154548"}],"curies":[{"name":"wp","href":"https:\/\/api.w.org\/{rel}","templated":true}]}}