{"id":161001,"date":"2024-02-04T12:30:22","date_gmt":"2024-02-04T17:30:22","guid":{"rendered":"https:\/\/sportseco.com\/?p=161001"},"modified":"2024-02-04T12:30:27","modified_gmt":"2024-02-04T17:30:27","slug":"incendios-forestales-chile-enfrenta-su-mayor-emergencia-desde-2010","status":"publish","type":"post","link":"https:\/\/sportseco.com\/?p=161001","title":{"rendered":"Incendios forestales. Chile enfrenta su mayor emergencia desde 2010"},"content":{"rendered":"\n<p><strong>Santiago de Chile.- Con 51 muertos confirmados hasta el momento y el temor de que la cifra se dispare en las pr\u00f3ximas horas, Chile lucha contra la ola de incendios m\u00e1s mort\u00edfera de su historia reciente y su mayor emergencia desde el terremoto de 2010 y se prepara para una noche dif\u00edcil en la regi\u00f3n central de Valpara\u00edso, donde las llamas avanzan sin tregua.<\/strong><\/p>\n\n\n\n<p>\u00abDespu\u00e9s del terremoto del 2010 (que dej\u00f3 525 muertos y miles de heridos), los incendios forestales en Valpara\u00edso ser\u00e1n la situaci\u00f3n de emergencia que m\u00e1s v\u00edctimas ha generado en Chile en el \u00faltimo tiempo\u00bb, dijo en una rueda de prensa la ministra del Interior, Carolina Toh\u00e1.<\/p>\n\n\n\n<p>Al filo de la medianoche y en el \u00faltimo reporte oficial, la ministra advirti\u00f3 de que el n\u00famero de muertos podr\u00eda ser \u00abmucho m\u00e1s alto\u00bb con el paso de las horas: \u00abTodav\u00eda tenemos gran parte del territorio que no es accesible, en consecuencia no tenemos un levantamiento completo de v\u00edctimas\u00bb, a\u00f1adi\u00f3.<\/p>\n\n\n\n<p>La alcaldesa de Vi\u00f1a del Mar, una de las ciudades m\u00e1s afectadas por el fuego, dijo minutos antes que el Municipio maneja un catastro provisional de 372 personas desaparecidas, que no implica que todas ellas est\u00e9n muertas pero s\u00ed da una idea de la magnitud de la tragedia.<\/p>\n\n\n\n<h2 class=\"wp-block-heading\">\u00abAntecedentes serios de intencionalidad\u00bb&nbsp;<\/h2>\n\n\n\n<p>Los incendios comenzaron el viernes por la ma\u00f1ana y se propagaron r\u00e1pidamente debido a las altas e inusuales temperaturas que se est\u00e1n en la regi\u00f3n, las intensas rachas de viento de hasta 60 kil\u00f3metros por hora y la baja humedad.<\/p>\n\n\n\n<p>Aunque Chile ha vivido uno de los inviernos m\u00e1s lluviosos de los \u00faltimos 15 a\u00f1os, los especialistas llevan meses alertando de que la sequ\u00eda no se ha erradicado y de que existe una gran probabilidad de que se desarrolle vegetaci\u00f3n fina y muerta en la zona centro-sur de f\u00e1cil combusti\u00f3n, a lo que se suma el impacto de un modelo forestal basado en el monocultivo de pino y eucalipto.<\/p>\n\n\n\n<p>\u00abEl eucalipto ni siquiera es una especie nativa, que se chupa todo el agua. Estamos cansados de decir que queremos cortarlos\u00bb, dijo a EFE Elba Concepci\u00f3n, un profesora retirada y cuya vivienda en un cerro de Vi\u00f1a del Mar conocido como Lomas de Chorrillos \u00abse salv\u00f3 de milagro\u00bb.<\/p>\n\n\n\n<p>Seg\u00fan la Corporaci\u00f3n Nacional Forestal, hay al menos ocho incendios activos actualmente en la regi\u00f3n de Valpara\u00edso, a 100 kil\u00f3metros al este de la capital, de los que preocupan especialmente cuatro por su virulencia y su cercan\u00eda con zonas densamente pobladas.<\/p>\n\n\n\n<p>El de mayor magnitud est\u00e1 en la Reserva Lago Pe\u00f1uelas\/Las Tablas, al costado de la principal autopista de la zona, que ya ha quemado m\u00e1s de 8.000 hect\u00e1reas y sobre el que hay \u00abantecedentes serios\u00bb para pensar que fue provocado.<\/p>\n\n\n\n<p>\u00abSepan que se va a investigar hasta las \u00faltimas consecuencias y con todos los recursos necesarios\u00bb, dijo desde el palacio de La Moneda el presidente Gabriel Boric despu\u00e9s de sobrevolar las zonas m\u00e1s afectadas por la ma\u00f1ana.<\/p>\n\n\n\n<p>El mandatario declar\u00f3 el viernes el estado de excepci\u00f3n por cat\u00e1strofe en la zona, una herramienta que le permite disponer de los recursos necesarios para enfrentar la emergencia.<\/p>\n\n\n\n<p>La ola de incendios m\u00e1s mort\u00edfera hasta ahora tuvo lugar hace justo un a\u00f1o en el sur y dej\u00f3 27 muertos. &nbsp;<\/p>\n\n\n\n<h2 class=\"wp-block-heading\">\u00abCat\u00e1strofe sin precedentes\u00bb<\/h2>\n\n\n\n<p>Las llamas se han cebado especialmente con los cerros que rodean Vi\u00f1a del Mar, abarrotados de precarias viviendas de madera y zinc, distribuidas en estrechas calles que el fuego y el humo convirtieron la madrugada del s\u00e1bado en verdaderas ratoneras.<\/p>\n\n\n\n<p>\u00abLa ola de fuego parti\u00f3 desde el cerro y empez\u00f3 a tomar casa por casa y lleg\u00f3 un momento que era incontrolable\u00bb, dijo a EFE H\u00e9ctor Liguri, vecino de 47 a\u00f1os de Achupallas, sector villamarino donde se confirmaron las primeras 19 muertes.<\/p>\n\n\n\n<p>En El Olivar, otro sector villamarino muy afectado por la llamas, Karina Aljaro, de 39 a\u00f1os, indic\u00f3 a EFE que \u00abse vivieron momentos de angustia y desesperaci\u00f3n\u00bb.<\/p>\n\n\n\n<p>Durante la tarde del s\u00e1bado, el devastador incendio se fue acercando al centro de la ciudad y alcanz\u00f3 su coraz\u00f3n industrial, donde se registraron distintas explosiones en almacenes qu\u00edmicos, f\u00e1bricas de pinturas y otras bodegas y se form\u00f3 una gran nube t\u00f3xica.<\/p>\n\n\n\n<p>\u00abEstamos frente a una cat\u00e1strofe sin precedentes\u00bb, dijo la alcaldesa Macarena Ripamonti de la conocida como \u00abciudad jard\u00edn\u00bb, un polo tur\u00edstico del pa\u00eds y a donde estos d\u00edas han llegado miles de veraneantes para disfrutar de sus playas.<\/p>\n\n\n\n<p>La Administraci\u00f3n del Jard\u00edn Bot\u00e1nico, una de las principales atracciones tur\u00edsticas de Vi\u00f1a del Mar, inform\u00f3 de que las llamas consumieron el parque y de que una de sus trabajadores muri\u00f3 junto a su familia en el incendio.<\/p>\n\n\n\n<p>Para facilitar las labores de rescate y despejar las v\u00edas de evacuaci\u00f3n, el Gobierno orden\u00f3 un toque de queda de 12 horas, desde las 21:00 hora local (00:00 GMT) en los sectores que a\u00fan no han sido evacuados de las localidades de Quilpu\u00e9, Villa Alemana, Limache y Vi\u00f1a del Mar.<\/p>\n\n\n\n<p>Para el domingo, se espera una leve baja en las temperaturas y un aumento de la humedad, lo que podr\u00eda ayudar a los cerca de 1.500 brigadistas y la treintena de aeronaves a controlar los incendios, aunque la ventana de oportunidad es peque\u00f1a porque el lunes vuelve el calor.<\/p>\n\n\n\n<p>\u00abQuiero reiterar el llamado de que, ante la indicaci\u00f3n de evacuar, no lo duden. El fuego avanza muy r\u00e1pido\u00bb, indic\u00f3 Boric. EFEverde<\/p>\n","protected":false},"excerpt":{"rendered":"<p>Santiago de Chile.- Con 51 muertos confirmados hasta el momento y el temor de que la cifra se dispare en las pr\u00f3ximas horas, Chile lucha contra la ola de incendios m\u00e1s mort\u00edfera de su historia reciente y su mayor emergencia desde el terremoto de 2010 y se prepara para una noche dif\u00edcil en la regi\u00f3n [&hellip;]<\/p>\n","protected":false},"author":1,"featured_media":161002,"comment_status":"closed","ping_status":"closed","sticky":false,"template":"","format":"standard","meta":{"_acf_changed":false,"_jetpack_memberships_contains_paid_content":false,"footnotes":"","jetpack_publicize_message":"","jetpack_publicize_feature_enabled":true,"jetpack_social_post_already_shared":true,"jetpack_social_options":{"image_generator_settings":{"template":"highway","default_image_id":0,"font":"","enabled":false},"version":2}},"categories":[6],"tags":[],"class_list":["post-161001","post","type-post","status-publish","format-standard","has-post-thumbnail","hentry","category-ecologia"],"acf":[],"jetpack_publicize_connections":[],"jetpack_featured_media_url":"https:\/\/i0.wp.com\/sportseco.com\/wp-content\/uploads\/2024\/02\/37aa6bcc936e2004e74d4ce0cfea5c005b56ffd5.jpg?fit=1920%2C1280&ssl=1","jetpack_sharing_enabled":true,"_links":{"self":[{"href":"https:\/\/sportseco.com\/index.php?rest_route=\/wp\/v2\/posts\/161001","targetHints":{"allow":["GET"]}}],"collection":[{"href":"https:\/\/sportseco.com\/index.php?rest_route=\/wp\/v2\/posts"}],"about":[{"href":"https:\/\/sportseco.com\/index.php?rest_route=\/wp\/v2\/types\/post"}],"author":[{"embeddable":true,"href":"https:\/\/sportseco.com\/index.php?rest_route=\/wp\/v2\/users\/1"}],"replies":[{"embeddable":true,"href":"https:\/\/sportseco.com\/index.php?rest_route=%2Fwp%2Fv2%2Fcomments&post=161001"}],"version-history":[{"count":1,"href":"https:\/\/sportseco.com\/index.php?rest_route=\/wp\/v2\/posts\/161001\/revisions"}],"predecessor-version":[{"id":161003,"href":"https:\/\/sportseco.com\/index.php?rest_route=\/wp\/v2\/posts\/161001\/revisions\/161003"}],"wp:featuredmedia":[{"embeddable":true,"href":"https:\/\/sportseco.com\/index.php?rest_route=\/wp\/v2\/media\/161002"}],"wp:attachment":[{"href":"https:\/\/sportseco.com\/index.php?rest_route=%2Fwp%2Fv2%2Fmedia&parent=161001"}],"wp:term":[{"taxonomy":"category","embeddable":true,"href":"https:\/\/sportseco.com\/index.php?rest_route=%2Fwp%2Fv2%2Fcategories&post=161001"},{"taxonomy":"post_tag","embeddable":true,"href":"https:\/\/sportseco.com\/index.php?rest_route=%2Fwp%2Fv2%2Ftags&post=161001"}],"curies":[{"name":"wp","href":"https:\/\/api.w.org\/{rel}","templated":true}]}}