{"id":161022,"date":"2024-02-04T19:15:25","date_gmt":"2024-02-05T00:15:25","guid":{"rendered":"https:\/\/sportseco.com\/?p=161022"},"modified":"2024-02-04T19:15:31","modified_gmt":"2024-02-05T00:15:31","slug":"el-servicio-medico-legal-sml-informo-que-la-cifra-de-fallecidos-por-los-incendios-en-la-region-de-valparaiso-aumento-a-99-personas","status":"publish","type":"post","link":"https:\/\/sportseco.com\/?p=161022","title":{"rendered":"El Servicio M\u00e9dico Legal (SML) inform\u00f3 que la cifra de fallecidos por los incendios en la Regi\u00f3n de Valpara\u00edso\u00a0aument\u00f3 a 99 personas."},"content":{"rendered":"\n<p>Del total de personas fallecidas,<strong>&nbsp;32 de ellas han sido identificadas.&nbsp;<\/strong>Adem\u00e1s, se han realizado 25 autopsias.<\/p>\n\n\n\n<p>\u201cEl SML lamenta la tragedia que est\u00e1 viviendo la regi\u00f3n de Valpara\u00edso e informa que en estos momentos se encuentran<strong>&nbsp;todos sus equipos t\u00e9cnicos, m\u00e9dicos y administrativos, con apoyo de profesionales provenientes de Santiago,&nbsp;<\/strong>dispuestos para enfrentar esta emergencia\u201d, se lee en el comunicad difundido por la entidad.<\/p>\n\n\n\n<p>Asimismo, detallaron que \u201cla Subsecretar\u00eda de Justicia, la Fiscal\u00eda Regional, Polic\u00eda de Investigaciones, Carabineros de Chile y las direcciones nacional y regional del SML&nbsp;<strong>se encuentran en permanente coordinaci\u00f3n para optimizar el levantamiento, identificaci\u00f3n y entrega de fallecidos<\/strong>\u201d.<\/p>\n\n\n\n<p>\u201cLa instituci\u00f3n forense entrega a los familiares y cercanos de las v\u00edctimas sus m\u00e1s sentidas condolencias, y compromete el m\u00e1ximo de sus esfuerzos<strong>&nbsp;para atender los requerimientos de la justicia y la ciudadan\u00eda<\/strong>\u201d, concluye el comunicado.<\/p>\n\n\n\n<figure class=\"wp-block-image\"><img data-recalc-dims=\"1\" decoding=\"async\" src=\"https:\/\/i0.wp.com\/www.latercera.com\/resizer\/cuk2bC0LHw7V8-8HMawuL3CCs2c%3D\/800x0\/smart\/cloudfront-us-east-1.images.arcpublishing.com\/copesa\/2W2DPNTFMFCPDFLW76VZ6GD35Q.jpeg?w=640&#038;ssl=1\" alt=\"\"\/><figcaption class=\"wp-element-caption\">3 DE FEBRERO DE 2024 \/ VALPARA\u00cdSO Incendios forestales causan da\u00f1os en el sector Las Rosas de Quilpu\u00e9, casas destruidas por el fuego FOTO: DIEGO MARTIN\/AGENCIAUNO<\/figcaption><\/figure>\n\n\n\n<h2 class=\"wp-block-heading\">Boric instruy\u00f3 exclusividad del SML para comunicar cifras de fallecidos<\/h2>\n\n\n\n<p>En una conferencia de prensa realizada esta tarde, el Presidente Gabriel Boric abord\u00f3<strong>&nbsp;el rol que tendr\u00e1 el Servicio M\u00e9dico Legal durante la emergencia.<\/strong><\/p>\n\n\n\n<p>\u201cHe conversado con la directora del Servicio M\u00e9dico Legal, doctora Marisol Prado porque una de las urgencias m\u00e1s acuciantes es recuperar los cuerpos de las personas que han fallecido. Esto es prioritario y se aborda con sentido de urgencia (&#8230;)&nbsp;<strong>He instruido dar celeridad a este proceso, incluyendo el reforzmiento del SML con brigadas de otras regiones,&nbsp;<\/strong>tambi\u00e9n el trabajo conjunto con la Brigada de Homicidios de la PDI, Laboratorio de Carabineros (Labocar), el Ministerio de Justicia y la Fiscal\u00eda Regional y que no se ralenticen los tr\u00e1mites\u201d, asever\u00f3.<\/p>\n\n\n\n<p>Asimismo, el Jefe de Estado anunci\u00f3 que\u00a0<strong>la cifra de muertes por incendio ser\u00e1 informada \u00fanicamente por el SML:\u00a0<\/strong>\u201cDesde ahora he dispuesto que<strong>\u00a0la \u00fanica vocer\u00eda oficial para entregar actualizaciones\u00a0<\/strong>de cifras de fallecidos la va a llevar adelante la doctora<strong>\u00a0Marisol Prado,\u00a0<\/strong>que es la directora nacional del Servicio M\u00e9dico Legal.\u00a0<strong>Nadie m\u00e1s.<\/strong>\u00a0Es importante centralizar esta informaci\u00f3n y entregar certidumbre a la poblaci\u00f3n respecto a este tema\u201d.<\/p>\n\n\n\n<p><\/p>\n\n\n\n<p>latercera.com<\/p>\n","protected":false},"excerpt":{"rendered":"<p>Del total de personas fallecidas,&nbsp;32 de ellas han sido identificadas.&nbsp;Adem\u00e1s, se han realizado 25 autopsias. \u201cEl SML lamenta la tragedia que est\u00e1 viviendo la regi\u00f3n de Valpara\u00edso e informa que en estos momentos se encuentran&nbsp;todos sus equipos t\u00e9cnicos, m\u00e9dicos y administrativos, con apoyo de profesionales provenientes de Santiago,&nbsp;dispuestos para enfrentar esta emergencia\u201d, se lee en [&hellip;]<\/p>\n","protected":false},"author":1,"featured_media":161023,"comment_status":"closed","ping_status":"closed","sticky":false,"template":"","format":"standard","meta":{"_acf_changed":false,"_jetpack_memberships_contains_paid_content":false,"footnotes":"","jetpack_publicize_message":"","jetpack_publicize_feature_enabled":true,"jetpack_social_post_already_shared":true,"jetpack_social_options":{"image_generator_settings":{"template":"highway","default_image_id":0,"font":"","enabled":false},"version":2}},"categories":[6],"tags":[],"class_list":["post-161022","post","type-post","status-publish","format-standard","has-post-thumbnail","hentry","category-ecologia"],"acf":[],"jetpack_publicize_connections":[],"jetpack_featured_media_url":"https:\/\/i0.wp.com\/sportseco.com\/wp-content\/uploads\/2024\/02\/140413133254-06-chile-0413-scaled.jpg?fit=2560%2C1700&ssl=1","jetpack_sharing_enabled":true,"_links":{"self":[{"href":"https:\/\/sportseco.com\/index.php?rest_route=\/wp\/v2\/posts\/161022","targetHints":{"allow":["GET"]}}],"collection":[{"href":"https:\/\/sportseco.com\/index.php?rest_route=\/wp\/v2\/posts"}],"about":[{"href":"https:\/\/sportseco.com\/index.php?rest_route=\/wp\/v2\/types\/post"}],"author":[{"embeddable":true,"href":"https:\/\/sportseco.com\/index.php?rest_route=\/wp\/v2\/users\/1"}],"replies":[{"embeddable":true,"href":"https:\/\/sportseco.com\/index.php?rest_route=%2Fwp%2Fv2%2Fcomments&post=161022"}],"version-history":[{"count":1,"href":"https:\/\/sportseco.com\/index.php?rest_route=\/wp\/v2\/posts\/161022\/revisions"}],"predecessor-version":[{"id":161024,"href":"https:\/\/sportseco.com\/index.php?rest_route=\/wp\/v2\/posts\/161022\/revisions\/161024"}],"wp:featuredmedia":[{"embeddable":true,"href":"https:\/\/sportseco.com\/index.php?rest_route=\/wp\/v2\/media\/161023"}],"wp:attachment":[{"href":"https:\/\/sportseco.com\/index.php?rest_route=%2Fwp%2Fv2%2Fmedia&parent=161022"}],"wp:term":[{"taxonomy":"category","embeddable":true,"href":"https:\/\/sportseco.com\/index.php?rest_route=%2Fwp%2Fv2%2Fcategories&post=161022"},{"taxonomy":"post_tag","embeddable":true,"href":"https:\/\/sportseco.com\/index.php?rest_route=%2Fwp%2Fv2%2Ftags&post=161022"}],"curies":[{"name":"wp","href":"https:\/\/api.w.org\/{rel}","templated":true}]}}