{"id":161031,"date":"2024-02-05T08:42:20","date_gmt":"2024-02-05T13:42:20","guid":{"rendered":"https:\/\/sportseco.com\/?p=161031"},"modified":"2024-02-05T08:42:24","modified_gmt":"2024-02-05T13:42:24","slug":"en-el-ecoparque-lago-de-las-garzas-inicio-la-conmemoracion-del-mes-de-los-humedales","status":"publish","type":"post","link":"https:\/\/sportseco.com\/?p=161031","title":{"rendered":"En el ecoparque Lago de las Garzas inici\u00f3 la conmemoraci\u00f3n del \u2018mes de los humedales\u2019"},"content":{"rendered":"\n<figure class=\"wp-block-image\"><img data-recalc-dims=\"1\" decoding=\"async\" src=\"https:\/\/i0.wp.com\/www.cali.gov.co\/dagma\/publicaciones\/180374\/en-el-ecoparque-lago-de-las-garzas-inicio-la-conmemoracion-del-mes-de-los-humedales\/info\/principal\/media\/pubInt\/thumbs\/thpub_700X400_180374.jpg?w=640&#038;ssl=1\" alt=\"En el ecoparque Lago de las Garzas inici\u00f3 la conmemoraci\u00f3n del \u2018mes de los humedales\u2019\"\/><\/figure>\n\n\n\n<p>La imagen corresponde a una jornada acad\u00e9mica en el ecoparque Lago de las Garzas, con la cual inici\u00f3 la conmemoraci\u00f3n del \u2018mes de los humedales\u2019.<\/p>\n\n\n\n<blockquote class=\"wp-block-quote is-layout-flow wp-block-quote-is-layout-flow\">\n<ul class=\"wp-block-list\">\n<li><em>Alcald\u00eda de Cali, academia y comunidad, en equipo celebran y trabajan por la protecci\u00f3n de los humedales.<\/em><\/li>\n\n\n\n<li><em>Humedales de la comuna 22, albergan 170 especies de aves, 36 de las cuales son acu\u00e1ticas.<\/em><\/li>\n\n\n\n<li><em>La conmemoraci\u00f3n continuar\u00e1 ma\u00f1ana lunes (05.02.2024) en los humedales de Charco Azul y el Pondaje.<\/em><\/li>\n<\/ul>\n<\/blockquote>\n\n\n\n<p><strong>Santiago de Cali, 4 de febrero de 2024<\/strong><\/p>\n\n\n\n<p>Con la participaci\u00f3n de voceros de la comunidad del sur de Cali, el Departamento Administrativo de Gesti\u00f3n del Medio Ambiente (Dagma) inici\u00f3 el domingo (<em>04.02.2024<\/em>), en el&nbsp;<em>ecoparque Lago de las Garzas<\/em>, las actividades de conmemoraci\u00f3n del&nbsp;<em>\u2018mes de los humedales\u2019<\/em>.<br \/><br \/>La celebraci\u00f3n busca generar entre los cale\u00f1os conciencia sobre la importancia estrat\u00e9gica de estos&nbsp;<em>ecosistemas h\u00edbridos,<\/em>&nbsp;considerados como los sumideros de carbono m\u00e1s eficaces del planeta.<br \/><br \/>Durante el evento dominical, Mauricio Mira Pont\u00f3n, director del Dagma, exalt\u00f3 el aporte que estos ecosistemas hacen a la salud ambiental de Cali. Adem\u00e1s, se\u00f1al\u00f3 el especial compromiso de la Administraci\u00f3n Distrital con su cuidado y preservaci\u00f3n, de la mano de la academia y la comunidad.<br \/><br \/>\u201cEl Dagma es una entidad t\u00e9cnica, por lo que debemos implementar, como autoridad ambiental local, tecnolog\u00eda que nos permita medir todas las variables y tomar acciones dr\u00e1sticas para cuidar y preservar nuestro capital natural\u201d, argument\u00f3 el funcionario.<br \/><br \/>Los&nbsp;<em>humedales&nbsp;<\/em>tienen la capacidad de almacenar el doble de carbono que un bosque, lo que los hace estrat\u00e9gicos en la mitigaci\u00f3n de los efectos del cambio clim\u00e1tico en ciudades como la nuestra, donde contamos con 61 humedales.<br \/><br \/><em>(<strong>Lea tambi\u00e9n:<\/strong>&nbsp;<\/em><a href=\"https:\/\/www.cali.gov.co\/dagma\/publicaciones\/180355\/santiago-de-cali-conmemora-el-mes-de-los-humedales\/\" target=\"_blank\" rel=\"noreferrer noopener\"><em>Santiago de Cali conmemora el mes de los humedales<\/em><\/a><em>)<\/em><\/p>\n\n\n\n<p>El componente acad\u00e9mico de la jornada de celebraci\u00f3n estuvo a cargo del profesor e investigador de la Universidad Icesi, Gustavo Londo\u00f1o. En ese marco, se presentaron los resultados de algunas investigaciones que este centro de educaci\u00f3n superior adelanta junto al Dagma. Las mismas, han permitido identificar la presencia de 170 especies de aves, de las cuales 36 son acu\u00e1ticas en los humedales de la comuna 22.<br \/><br \/>Asimismo y en los ecosistemas La Babilla y Panamericano, se identific\u00f3 a una lib\u00e9lula end\u00e9mica de Colombia, la&nbsp;<em>Telebasis farcimentum<\/em>, que hasta la fecha solo hab\u00eda sido reportada en un municipio del norte del Valle del Cauca y en otro del norte del Cauca.<br \/><br \/>Las investigaciones han abordado situaciones que demandan especial atenci\u00f3n, como la p\u00e9rdida en los \u00faltimos 30 a\u00f1os de m\u00e1s del 30% de cobertura vegetal en la comuna 22, la m\u00e1s arborizada de la ciudad, al igual que la presencia de cuatro tipos de micro pl\u00e1sticos en siete humedales estudiados.<br \/><br \/>Seg\u00fan el investigador Miguel \u00c1ngel Cardona, los estudios demuestran que estos micro pl\u00e1sticos provienen del vertimiento de aguas contaminadas por jabones exfoliantes, residuos del lavado de ropa y el desgaste de zapatos y llantas. Por el&nbsp;<em>fen\u00f3meno de escorrent\u00eda<\/em>&nbsp;(<em>agua de lluvia que discurre por la superficie de un terreno<\/em>), estos materiales son vertidos a los humedales.<\/p>\n\n\n\n<p>La jornada del domingo termin\u00f3 con un recorrido de avistamiento de aves, en el que ni\u00f1os y turistas extranjeros fueron los m\u00e1s entusiastas. Felicia Torres, turista de Costa Rica, se\u00f1al\u00f3: \u201ces maravillo como en Cali han logrado integrar su patrimonio natural al desarrollo urban\u00edstico\u201d.<\/p>\n\n\n\n<p>Las actividades de conmemoraci\u00f3n del\u00a0<strong><em>\u2018mes de los humedales\u2019<\/em><\/strong>\u00a0se trasladan el lunes (<em>05.02.2024<\/em>) al complejo de ecosistemas de\u00a0<em>Charco Azul y el Pondaje<\/em>. En estos escenarios, la Polic\u00eda Ambiental ha programado un recorrido de observaci\u00f3n de aves con estudiantes del sector, actividad que ser\u00e1 a compa\u00f1a por bi\u00f3logos, guardaparques y guarda-humedales del Departamento Administrativo de Gesti\u00f3n del Medio Ambiente (Dagma).<\/p>\n\n\n\n<p><\/p>\n\n\n\n<p>cali.gov.co<\/p>\n","protected":false},"excerpt":{"rendered":"<p>La imagen corresponde a una jornada acad\u00e9mica en el ecoparque Lago de las Garzas, con la cual inici\u00f3 la conmemoraci\u00f3n del \u2018mes de los humedales\u2019. Santiago de Cali, 4 de febrero de 2024 Con la participaci\u00f3n de voceros de la comunidad del sur de Cali, el Departamento Administrativo de Gesti\u00f3n del Medio Ambiente (Dagma) inici\u00f3 [&hellip;]<\/p>\n","protected":false},"author":1,"featured_media":161032,"comment_status":"closed","ping_status":"closed","sticky":false,"template":"","format":"standard","meta":{"_acf_changed":false,"_jetpack_memberships_contains_paid_content":false,"footnotes":"","jetpack_publicize_message":"","jetpack_publicize_feature_enabled":true,"jetpack_social_post_already_shared":true,"jetpack_social_options":{"image_generator_settings":{"template":"highway","default_image_id":0,"font":"","enabled":false},"version":2}},"categories":[6],"tags":[],"class_list":["post-161031","post","type-post","status-publish","format-standard","has-post-thumbnail","hentry","category-ecologia"],"acf":[],"jetpack_publicize_connections":[],"jetpack_featured_media_url":"https:\/\/i0.wp.com\/sportseco.com\/wp-content\/uploads\/2024\/02\/thgaleria_700X400_299777.jpg?fit=533%2C400&ssl=1","jetpack_sharing_enabled":true,"_links":{"self":[{"href":"https:\/\/sportseco.com\/index.php?rest_route=\/wp\/v2\/posts\/161031","targetHints":{"allow":["GET"]}}],"collection":[{"href":"https:\/\/sportseco.com\/index.php?rest_route=\/wp\/v2\/posts"}],"about":[{"href":"https:\/\/sportseco.com\/index.php?rest_route=\/wp\/v2\/types\/post"}],"author":[{"embeddable":true,"href":"https:\/\/sportseco.com\/index.php?rest_route=\/wp\/v2\/users\/1"}],"replies":[{"embeddable":true,"href":"https:\/\/sportseco.com\/index.php?rest_route=%2Fwp%2Fv2%2Fcomments&post=161031"}],"version-history":[{"count":1,"href":"https:\/\/sportseco.com\/index.php?rest_route=\/wp\/v2\/posts\/161031\/revisions"}],"predecessor-version":[{"id":161033,"href":"https:\/\/sportseco.com\/index.php?rest_route=\/wp\/v2\/posts\/161031\/revisions\/161033"}],"wp:featuredmedia":[{"embeddable":true,"href":"https:\/\/sportseco.com\/index.php?rest_route=\/wp\/v2\/media\/161032"}],"wp:attachment":[{"href":"https:\/\/sportseco.com\/index.php?rest_route=%2Fwp%2Fv2%2Fmedia&parent=161031"}],"wp:term":[{"taxonomy":"category","embeddable":true,"href":"https:\/\/sportseco.com\/index.php?rest_route=%2Fwp%2Fv2%2Fcategories&post=161031"},{"taxonomy":"post_tag","embeddable":true,"href":"https:\/\/sportseco.com\/index.php?rest_route=%2Fwp%2Fv2%2Ftags&post=161031"}],"curies":[{"name":"wp","href":"https:\/\/api.w.org\/{rel}","templated":true}]}}