{"id":162181,"date":"2024-02-25T17:24:56","date_gmt":"2024-02-25T22:24:56","guid":{"rendered":"https:\/\/sportseco.com\/?p=162181"},"modified":"2024-02-25T17:25:01","modified_gmt":"2024-02-25T22:25:01","slug":"visita-de-entidades-colombianas-locales-nacionales-y-territoriales-a-corea-del-sur-profundiza-intercambio-y-cooperacion-bilateral","status":"publish","type":"post","link":"https:\/\/sportseco.com\/?p=162181","title":{"rendered":"Visita de entidades colombianas locales nacionales y territoriales a Corea del Sur profundiza intercambio y cooperaci\u00f3n bilateral"},"content":{"rendered":"\n<figure class=\"wp-block-image\"><img data-recalc-dims=\"1\" decoding=\"async\" src=\"https:\/\/i0.wp.com\/www.cali.gov.co\/gobierno\/publicaciones\/180603\/visita-de-entidades-colombianas-locales-nacionales-y-territoriales-a-corea-del-sur-profundiza-intercambio-y-cooperacion-bilateral\/info\/principal\/media\/pubInt\/thumbs\/thpub_700X400_180603.jpg?w=640&#038;ssl=1\" alt=\"Visita de entidades colombianas locales nacionales y territoriales a Corea del Sur profundiza intercambio y cooperaci\u00f3n bilateral\"\/><\/figure>\n\n\n\n<p><strong>Se\u00fal &#8211; Corea, 25&nbsp;de febrero de 2024 @Canciller\u00edaCol<\/strong><br \/><br \/>La nutrida agenda que desarrollar\u00e1n entre el 25 y el 28 de febrero, la gobernadora del departamento del Valle del Cauca, los alcaldes de las ciudades de&nbsp; Cali, Leticia, Monter\u00eda, Santa Marta y el Presidente de la Banca de Desarrollo Territorial -FINDETER, durante la visita que llevar\u00e1n a cabo a la Rep\u00fablica de Corea, busca potenciar las capacidades del pa\u00eds, enfatizando en la dimensi\u00f3n regional y local, as\u00ed como reforzar la integraci\u00f3n con Corea del Sur, como aliado estrat\u00e9gico de Colombia en campos tan vitales como transici\u00f3n energ\u00e9tica, sostenibilidad ambiental, transformaci\u00f3n digital, financiaci\u00f3n de proyectos de inversi\u00f3n, desarrollo de infraestructura y respuesta a los desaf\u00edos del cambio clim\u00e1tico.<br \/><br \/>El embajador de Colombia en la Rep\u00fablica de Corea, Alejandro Pel\u00e1ez Rodr\u00edguez ser\u00e1 el anfitri\u00f3n de una delegaci\u00f3n conformada por la gobernadora del departamento del Valle, Dilian Francisca Toro, los alcaldes de las ciudades de Cali, Alejandro Eder; Leticia, Elquin Uni; Monter\u00eda, Hugo Kerguel\u00e9n; Santa Marta, Carlos Pinedo; y el Presidente de la Banca de Desarrollo Territorial FINDETER, Juan Carlos Mu\u00f1iz.<br \/><br \/>La delegaci\u00f3n visitante en Corea del Sur atiende una invitaci\u00f3n del Banco Interamericano de Desarrollo -BID, entidad que es la principal fuente de financiamiento para el desarrollo de Am\u00e9rica Latina y el Caribe y contribuye al desarrollo de los pa\u00edses de la regi\u00f3n brindando soluciones financieras y asistencia t\u00e9cnica, tanto al sector p\u00fablico como al privado. El BID promueve la colaboraci\u00f3n entre sus estados miembros para aumentar la movilizaci\u00f3n de recursos y la transferencia de conocimiento. La Rep\u00fablica de Corea, miembro del BID desde 2005, ha sido uno de los pa\u00edses de mayor crecimiento en las \u00faltimas d\u00e9cadas y un ejemplo de planificaci\u00f3n y gesti\u00f3n urbana a nivel global. El Banco financia esta misi\u00f3n de entidades territoriales y de FINDETER a Corea del Sur, plenamente alineada con el Plan Nacional de Desarrollo 2022-2026 \u201cColombia, potencia mundial de la vida\u201d, para apoyar la construcci\u00f3n de una agenda de trabajo para que las entidades territoriales puedan, a trav\u00e9s de sus nuevos mandatarios, expandir el financiamiento para la inversi\u00f3n p\u00fablica, la atracci\u00f3n de inversi\u00f3n extranjera directa, la generaci\u00f3n de conocimientos y la cooperaci\u00f3n t\u00e9cnica para el desarrollo de proyectos durante los pr\u00f3ximos cuatro a\u00f1os.<br \/><br \/>Mediante trece reuniones, un seminario sobre \u2018inversi\u00f3n y alianzas estrat\u00e9gicas\u2019 y la imposici\u00f3n de una ofrenda floral, actividades a realizarse en las ciudades coreanas de Se\u00fal, Songdo, y el distrito de Pangyo (Seongnam), la embajada de Colombia en la Rep\u00fablica de Corea materializa el acompa\u00f1amiento del gobierno nacional a esta visita.<br \/><br \/>La agenda&nbsp; fue preparada en estrecha consulta con el Ministerio de Relaciones Exteriores de Colombia y en colaboraci\u00f3n con socios estrat\u00e9gicos tales como el&nbsp; Banco Interamericano de Desarrollo; PROCOLOMBIA, entidad encargada de promover el turismo, la inversi\u00f3n extranjera y las exportaciones colombianas; ASOCAPITALES, entidad que representa y defiende los intereses y posiciones comunes de las ciudades capitales del pa\u00eds; y la organizaci\u00f3n internacional WEGO- Organizaci\u00f3n Mundial de Ciudades Inteligentes Sostenibles, que es una asociaci\u00f3n internacional de gobiernos locales, proveedores de soluciones tecnol\u00f3gicas inteligentes e instituciones comprometidas con la transformaci\u00f3n de las urbes en ciudades inteligentes y sostenibles a trav\u00e9s de la facilitaci\u00f3n de asociaciones p\u00fablico-privadas. WeGO promueve la implementaci\u00f3n de soluciones tecnol\u00f3gicas innovadoras y sostenibles en ciudades de todo el mundo con el objetivo de abordar los desaf\u00edos urbanos contempor\u00e1neos, mejorar la calidad de vida, innovar en la prestaci\u00f3n de servicios p\u00fablicos, y fortalecer la competitividad regional.<br \/><br \/>Se propician de esta manera espacios de capacitaci\u00f3n, construcci\u00f3n de redes de apoyo, e intercambio diplom\u00e1tico para los mandatarios locales en la b\u00fasqueda continua del aumento de la competitividad de nuestros territorios. Este es el momento m\u00e1s oportuno para que las administraciones que inician su gesti\u00f3n establezcan sinergias con actores internacionales y organismos de cooperaci\u00f3n. Esta misi\u00f3n, en concreto, aportar\u00e1 ideas y oportunidades para complementar la construcci\u00f3n de los Planes de Desarrollo Territorial y posterior aprobaci\u00f3n en los Concejos de las ciudades capitales en sectores clave como: movilidad, tecnolog\u00eda, servicios p\u00fablicos, empleo y econom\u00eda digital, entre otros aspectos.<br \/><br \/>La primera jornada ser\u00e1 el lunes 26 de febrero, iniciando con la Agencia de Promoci\u00f3n de Comercio e Inversiones de Corea (KOTRA). Los visitantes conocer\u00e1n sobre el crecimiento econ\u00f3mico y laboral de Corea del Sur basado en la colaboraci\u00f3n entre esta organizaci\u00f3n, los gobiernos locales y las zonas industriales. As\u00ed mismo, los mandatarios conocer\u00e1n los esquemas mediante los cuales KOTRA puede apalancar la inversi\u00f3n de empresas coreanas en Colombia.<br \/><br \/>Posteriormente, se reunir\u00e1n con autoridades de la Administraci\u00f3n Metropolitana de Se\u00fal para conocer sobre buenas pr\u00e1cticas en materia de planeaci\u00f3n urbana alrededor del agua y discutir posibles iniciativas de cooperaci\u00f3n entre las ciudades. Tambi\u00e9n se realizar\u00e1 una visita al Servicio de Informaci\u00f3n sobre Operaciones de Transporte de Se\u00fal (TOPIS) con el fin de conocer estrategias que operan 24\/7, as\u00ed como la tecnolog\u00eda e infraestructura necesaria para responder a los retos del sistema de transporte, incluyendo manejo de congesti\u00f3n, flujo vehicular y pr\u00e1cticas exitosas para el manejo del sistema vial, desastres y mitigaci\u00f3n de riesgos de seguridad. El d\u00eda se cerrar\u00e1 con un seminario de inversi\u00f3n y networking organizado conjuntamente por la Embajada de Colombia, PROCOLOMBIA y WeGO en el que los mandatarios tendr\u00e1n un escenario para exponer sus planes y principales proyectos para la atracci\u00f3n de inversi\u00f3n a sus ciudades, as\u00ed como establecer contactos con representantes del sector privado y funcionarios p\u00fablicos de agencias relevantes.<br \/><br \/>El martes 27 de febrero, la jornada inicia con una reuni\u00f3n en la que se explorar\u00e1n posibilidades en materia de cooperaci\u00f3n y financiamiento por parte del Banco de Importaci\u00f3n y Exportaci\u00f3n de Corea del Sur -Korea Eximbank y el BID. La misi\u00f3n, despu\u00e9s, se trasladar\u00e1 a la Zona Franca de Incheon, donde visitar\u00e1 la ciudad inteligente de Songdo. Esta ciudad es reconocida por albergar eventos empresariales internacionales y atraer instalaciones de tecnolog\u00eda de la informaci\u00f3n, biotecnolog\u00eda e investigaci\u00f3n y desarrollo. Los alcaldes conocer\u00e1n el proceso de planeaci\u00f3n que permiti\u00f3 la configuraci\u00f3n y estructura de esta zona franca. Posteriormente, el Museo Conmemorativo de la Guerra de Corea acoger\u00e1 a los mandatarios en una ceremonia de ofrenda floral que honra a los veteranos colombianos que participaron en defensa de la libertad y la democracia de Corea del Sur. All\u00ed sostendr\u00e1n una reuni\u00f3n con el Presidente del Museo. La jornada se cerrar\u00e1 con una visita al Centro Global para el Intercambio de Conocimiento y el Desarrollo -GKEDC, en donde conocer\u00e1n la oferta de formaci\u00f3n profesional para funcionarios p\u00fablicos en las \u00e1reas puntuales que enfrentan retos en materia de empleabilidad, digitalizaci\u00f3n y estrategias para el impulso de la peque\u00f1a y mediana empresa.<br \/><br \/>El 28 de febrero se realizar\u00e1 una reuni\u00f3n con empresas p\u00fablicas y privadas especializadas en el desarrollo de infraestructura tanto en Corea del Sur como en diferentes pa\u00edses del mundo, tales como la Corporaci\u00f3n de Aeropuertos de Corea, Corporaci\u00f3n de Autopistas de Corea y el Centro de Apoyo Cooperativo de Corea para el Desarrollo de Puertos en el Extranjero. Adem\u00e1s, se sostendr\u00e1 una reuni\u00f3n con el director del Instituto de Investigaci\u00f3n para Asentamientos Humanos de Corea (KRIHS) para discutir asuntos de desarrollo urbano. Posteriormente, se realizar\u00e1 una visita para conocer el proceso que condujo a la ciudad Seognam a convertirse en el \u2018Silicon Valley\u2019 de Corea, un complejo de alta tecnolog\u00eda que constituye el motor del crecimiento de la econom\u00eda coreana. Seguidamente, visitar\u00e1n la Red Global de Innovaci\u00f3n Digital (GDIN &#8211; Global Digital Innovation Network) que es un acelerador donde nacieron dos de los emprendimientos tecnol\u00f3gicos que alcanzaron la categor\u00eda de unicornio. Este ecosistema busca sinergias con diferentes ecosistemas globales apuntando a la soluci\u00f3n de problemas transversales. En di\u00e1logo con las directivas de la entidad, los mandatarios conocer\u00e1n las estrategias que preparan a los emprendedores digitales para enfrentar los retos del mercado global. La visita concluir\u00e1 con una reuni\u00f3n con WeGO para abordar las necesidades y objetivos de las ciudades colombianas. Tambi\u00e9n explorar\u00e1 posibles \u00e1reas de colaboraci\u00f3n en las que WeGO puede brindar apoyo a las ciudades. A trav\u00e9s de la iniciativa de WeGO Red de Ciudades Inteligentes de Am\u00e9rica Latina (LASCN), una red regional que conecta los gobiernos municipales y locales de Am\u00e9rica Latina para intercambio de conocimientos y fomento de cooperaci\u00f3n en el desarrollo de ciudades inteligentes, WeGO se compromete a identificar las necesidades espec\u00edficas de las ciudades colombianas y conectarlas con socios apropiados que puedan ayudarlas a superar sus desaf\u00edos particulares.&nbsp;<br \/><br \/>Capacitar y empoderar a mandatarios de entidades territoriales y a la Financiera de Desarrollo Territorial -FINDETER, va de la mano con el concepto de descentralizaci\u00f3n y Desarrollo Territorial planteados en el Plan Nacional de Desarrollo 2022-2026, \u201cColombia Potencia Mundial de la Vida\u201d.&nbsp; La visita a la Rep\u00fablica de Corea promueve la convergencia regional para la reducci\u00f3n de brechas sociales y econ\u00f3micas entre hogares y regiones en el pa\u00eds, que se logra al garantizar un acceso adecuado a oportunidades, bienes y servicios.<br \/><br \/>La Embajada de Colombia en la Rep\u00fablica de Corea, con el apoyo de los socios estrat\u00e9gicos, impulsa el relacionamiento de los mandatarios de entidades territoriales con sus contrapartes, instituciones y el sector privado a fin de estimular la destinaci\u00f3n de los recursos para la financiaci\u00f3n de proyectos de inversi\u00f3n en ambiente y desarrollo sostenible; el ordenamiento del territorio alrededor del agua y justicia ambiental; la transformaci\u00f3n digital como motor de oportunidades e igualdad; el fortalecimiento de la institucionalidad para el sector de ciencia, tecnolog\u00eda e innovaci\u00f3n; la pol\u00edtica para el desarrollo integral del pac\u00edfico y las iniciativas que estimulen a los j\u00f3venes como actores diferenciales para el cambio.<\/p>\n\n\n\n<p><strong>Fotos: freepik.es<\/strong><\/p>\n\n\n\n<p><\/p>\n\n\n\n<p>cali.gov.co<\/p>\n","protected":false},"excerpt":{"rendered":"<p>Se\u00fal &#8211; Corea, 25&nbsp;de febrero de 2024 @Canciller\u00edaCol La nutrida agenda que desarrollar\u00e1n entre el 25 y el 28 de febrero, la gobernadora del departamento del Valle del Cauca, los alcaldes de las ciudades de&nbsp; Cali, Leticia, Monter\u00eda, Santa Marta y el Presidente de la Banca de Desarrollo Territorial -FINDETER, durante la visita que llevar\u00e1n [&hellip;]<\/p>\n","protected":false},"author":1,"featured_media":162182,"comment_status":"closed","ping_status":"closed","sticky":false,"template":"","format":"standard","meta":{"_acf_changed":false,"_jetpack_memberships_contains_paid_content":false,"footnotes":"","jetpack_publicize_message":"","jetpack_publicize_feature_enabled":true,"jetpack_social_post_already_shared":true,"jetpack_social_options":{"image_generator_settings":{"template":"highway","default_image_id":0,"font":"","enabled":false},"version":2}},"categories":[6],"tags":[],"class_list":["post-162181","post","type-post","status-publish","format-standard","has-post-thumbnail","hentry","category-ecologia"],"acf":[],"jetpack_publicize_connections":[],"jetpack_featured_media_url":"https:\/\/i0.wp.com\/sportseco.com\/wp-content\/uploads\/2024\/02\/thpub_700X400_180603.jpg?fit=700%2C317&ssl=1","jetpack_sharing_enabled":true,"_links":{"self":[{"href":"https:\/\/sportseco.com\/index.php?rest_route=\/wp\/v2\/posts\/162181","targetHints":{"allow":["GET"]}}],"collection":[{"href":"https:\/\/sportseco.com\/index.php?rest_route=\/wp\/v2\/posts"}],"about":[{"href":"https:\/\/sportseco.com\/index.php?rest_route=\/wp\/v2\/types\/post"}],"author":[{"embeddable":true,"href":"https:\/\/sportseco.com\/index.php?rest_route=\/wp\/v2\/users\/1"}],"replies":[{"embeddable":true,"href":"https:\/\/sportseco.com\/index.php?rest_route=%2Fwp%2Fv2%2Fcomments&post=162181"}],"version-history":[{"count":1,"href":"https:\/\/sportseco.com\/index.php?rest_route=\/wp\/v2\/posts\/162181\/revisions"}],"predecessor-version":[{"id":162183,"href":"https:\/\/sportseco.com\/index.php?rest_route=\/wp\/v2\/posts\/162181\/revisions\/162183"}],"wp:featuredmedia":[{"embeddable":true,"href":"https:\/\/sportseco.com\/index.php?rest_route=\/wp\/v2\/media\/162182"}],"wp:attachment":[{"href":"https:\/\/sportseco.com\/index.php?rest_route=%2Fwp%2Fv2%2Fmedia&parent=162181"}],"wp:term":[{"taxonomy":"category","embeddable":true,"href":"https:\/\/sportseco.com\/index.php?rest_route=%2Fwp%2Fv2%2Fcategories&post=162181"},{"taxonomy":"post_tag","embeddable":true,"href":"https:\/\/sportseco.com\/index.php?rest_route=%2Fwp%2Fv2%2Ftags&post=162181"}],"curies":[{"name":"wp","href":"https:\/\/api.w.org\/{rel}","templated":true}]}}