{"id":162228,"date":"2024-02-26T15:22:54","date_gmt":"2024-02-26T20:22:54","guid":{"rendered":"https:\/\/sportseco.com\/?p=162228"},"modified":"2024-02-26T15:23:00","modified_gmt":"2024-02-26T20:23:00","slug":"que-es-la-asamblea-de-las-naciones-unidas-para-el-medio-ambiente-y-por-que-es-importante","status":"publish","type":"post","link":"https:\/\/sportseco.com\/?p=162228","title":{"rendered":"\u00bfQu\u00e9 es la Asamblea de las Naciones Unidas para el Medio Ambiente y por qu\u00e9 es importante?"},"content":{"rendered":"\n<figure class=\"wp-block-image\"><img data-recalc-dims=\"1\" decoding=\"async\" src=\"https:\/\/i0.wp.com\/global.unitednations.entermediadb.net\/assets\/mediadb\/services\/module\/asset\/downloads\/preset\/Libraries\/Production%20Library\/23-02-24_ONUNews_UNEA_01.jpg\/image1170x530cropped.jpg?w=640&#038;ssl=1\" alt=\"Delegados participantes en la Asamblea de las Naciones Unidas para el Medio Ambiente.\" title=\"Delegados participantes en la Asamblea de las Naciones Unidas para el Medio Ambiente.\"\/><\/figure>\n\n\n\n<p>La nueva edici\u00f3n de esta Asamblea, que se celebra esta semana, registra una<strong>&nbsp;<\/strong>cifra r\u00e9cord de 6000 delegados, entre ellos siete jefes de Estado y 139 ministros y viceministros, as\u00ed como expertos, activistas y representantes de la industria. Entre sus temas a debate figuran algunos como la escasez de agua o las tecnolog\u00edas que alteran el clima.<\/p>\n\n\n\n<p>Este lunes ha arrancado en Nairobi la sexta edici\u00f3n de la&nbsp;<a href=\"https:\/\/www.unep.org\/environmentassembly\/es\/node?%2F=\" target=\"_blank\" rel=\"noreferrer noopener\">Asamblea de las Naciones Unidas para el Medio Ambiente<\/a>, que cada dos a\u00f1os re\u00fane a los 193 Estados miembros de la ONU para abordar colectivamente los problemas medioambientales cr\u00edticos a los que se enfrenta el planeta.<\/p>\n\n\n\n<p>Creada como una especie de \u00abparlamento mundial sobre el medio ambiente\u00bb, la Asamblea, que seguir\u00e1 sus trabajos hasta el 1 de marzo, pretende definir las prioridades de las pol\u00edticas medioambientales y elaborar legislaci\u00f3n internacional en la materia.<\/p>\n\n\n\n<p>Es el \u00fanico momento, aparte de las reuniones de la&nbsp;<a href=\"https:\/\/www.un.org\/es\/ga\/about\/index.shtml\">Asamblea General<\/a>&nbsp;de la ONU, en el que participan todos los Estados miembros.<\/p>\n\n\n\n<figure class=\"wp-block-image\"><img data-recalc-dims=\"1\" decoding=\"async\" src=\"https:\/\/i0.wp.com\/global.unitednations.entermediadb.net\/assets\/mediadb\/services\/module\/asset\/downloads\/preset\/Collections\/Embargoed\/03-07-2023-Ocean-Image-Bank-Indonesia-01.jpg\/image1170x530cropped.jpg?w=640&#038;ssl=1\" alt=\"Pl\u00e1stico flotando en un arrecife de coral en Bali.\" title=\"Pl\u00e1stico flotando en un arrecife de coral en Bali.\"\/><\/figure>\n\n\n\n<p>\u00a9 Ocean Image Bank\/Naja Bertolt<\/p>\n\n\n\n<p>Pl\u00e1stico flotando en un arrecife de coral en Bali.<\/p>\n\n\n\n<h2 class=\"wp-block-heading\">\u00bfPor qu\u00e9 es importante?<\/h2>\n\n\n\n<p>Se espera que la Asamblea del Medio Ambiente de 2024 acoja a&nbsp;<strong>la cifra r\u00e9cord de 6000 delegados<\/strong>, entre ellos siete jefes de Estado y 139 ministros y viceministros, as\u00ed como expertos, activistas y representantes de la industria.<\/p>\n\n\n\n<p>La Asamblea se cre\u00f3 en 2012 como resultado de la Conferencia de las Naciones Unidas sobre Desarrollo Sostenible, conocida como R\u00edo+20, celebrada en Brasil. Desde su creaci\u00f3n, la Asamblea ha marcado el comienzo de&nbsp;<strong>una nueva era de la cooperaci\u00f3n<\/strong>&nbsp;en la que las cuestiones medioambientales han recibido el mismo nivel de importancia que preocupaciones mundiales como la paz y la seguridad, y la salud.<\/p>\n\n\n\n<p>A lo largo de los a\u00f1os, la Asamblea ha aprobado importantes resoluciones sobre temas como la lucha contra el tr\u00e1fico ilegal de fauna y flora silvestres, la protecci\u00f3n del medio ambiente en zonas de conflicto armado o la movilidad urbana sostenible, entre otros.<\/p>\n\n\n\n<p>Gracias a los debates de la sesi\u00f3n de 2022 de la Asamblea de Medio Ambiente, se han iniciado las negociaciones sobre el primer instrumento internacional jur\u00eddicamente vinculante para acabar con la contaminaci\u00f3n provocada por el pl\u00e1stico, que se espera est\u00e9 terminado a finales de 2024.<\/p>\n\n\n\n<h2 class=\"wp-block-heading\">\u00bfQu\u00e9 est\u00e1 en juego este a\u00f1o?<\/h2>\n\n\n\n<p>Los temas centrales de debate ser\u00e1n los acuerdos internacionales sobre medio ambiente y&nbsp;<strong>c\u00f3mo pueden contribuir a superar la triple crisis planetaria<\/strong>&nbsp;del caos clim\u00e1tico, la p\u00e9rdida de biodiversidad y la contaminaci\u00f3n.<\/p>\n\n\n\n<p>A pesar de las incertidumbres socioecon\u00f3micas surgidas a ra\u00edz de la pandemia del&nbsp;<a href=\"https:\/\/news.un.org\/es\/events\/cobertura-especial-de-noticias-onu-sobre-el-coronavirus\">COVID-19<\/a>&nbsp;y de las crecientes tensiones geopol\u00edticas actuales, los dos \u00faltimos a\u00f1os han estado marcados por victorias muy importantes para la cooperaci\u00f3n medioambiental.<\/p>\n\n\n\n<p>Por ejemplo, en 2022, la Asamblea General de la ONU reconoci\u00f3&nbsp;<strong>el derecho humano universal a un medio ambiente limpio, sano y sostenible<\/strong>, abriendo espacio para cambios constitucionales y legales en los pa\u00edses a favor del medio ambiente y la humanidad.<\/p>\n\n\n\n<p>Ese mismo a\u00f1o, se aprob\u00f3 el hist\u00f3rico Marco Mundial para la Biodiversidad de Kunming-Montreal, con&nbsp;<strong>medidas para proteger a un mill\u00f3n de especies de animales y plantas en peligro de extinci\u00f3n<\/strong>.<\/p>\n\n\n\n<p>En junio de 2023, los 193 pa\u00edses miembros de la ONU firmaron el llamado Tratado de Alta Mar, para conservar la biodiversidad marina en zonas situadas m\u00e1s all\u00e1 de las jurisdicciones nacionales.<\/p>\n\n\n\n<p>El pasado noviembre, en la Conferencia de las Naciones Unidas sobre el Cambio Clim\u00e1tico (<a href=\"https:\/\/unfccc.int\/es\" target=\"_blank\" rel=\"noreferrer noopener\">COP28<\/a>) se anunci\u00f3 un acuerdo largamente esperado sobre la financiaci\u00f3n de las \u00abp\u00e9rdidas y da\u00f1os\u00bb para los pa\u00edses vulnerables m\u00e1s afectados por el cambio clim\u00e1tico.<\/p>\n\n\n\n<p>La Asamblea ha reservado un d\u00eda de su per\u00edodo de sesiones para debatir estos y otros \u00e9xitos y estudiar c\u00f3mo pueden los gobiernos adoptar medidas amplias y unificadas, incluida la financiaci\u00f3n adecuada, para aplicar los acuerdos multilaterales que han firmado.<\/p>\n\n\n\n<p>Al mismo tiempo, la Asamblea no se centrar\u00e1 \u00fanicamente en nuevos compromisos, sino en el cumplimiento de todos los que ya existen.<\/p>\n\n\n\n<figure class=\"wp-block-image\"><img data-recalc-dims=\"1\" decoding=\"async\" src=\"https:\/\/i0.wp.com\/global.unitednations.entermediadb.net\/assets\/mediadb\/services\/module\/asset\/downloads\/preset\/Collections\/Embargoed\/30-11-2023-UN-driedout-river.jpg\/image1024x768.jpg?w=640&#038;ssl=1\" alt=\"El cambio clim\u00e1tico y las pr\u00e1cticas insostenibles en relaci\u00f3n con la tierra y el agua est\u00e1n provocando sequ\u00edas en todo el mundo.\" title=\"El cambio clim\u00e1tico y las pr\u00e1cticas insostenibles en relaci\u00f3n con la tierra y el agua est\u00e1n provocando sequ\u00edas en todo el mundo.\"\/><\/figure>\n\n\n\n<p>\u00a9 Naciones Unidas\/Mukhopadhyay S<\/p>\n\n\n\n<p>El cambio clim\u00e1tico y las pr\u00e1cticas insostenibles en relaci\u00f3n con la tierra y el agua est\u00e1n provocando sequ\u00edas en todo el mundo.<\/p>\n\n\n\n<h2 class=\"wp-block-heading\">\u00bfCu\u00e1les son los temas prioritarios?<\/h2>\n\n\n\n<p>Inger Andersen, directora ejecutiva del Programa de las Naciones Unidas para el Medio Ambiente (<a href=\"https:\/\/www.unenvironment.org\/es\" target=\"_blank\" rel=\"noreferrer noopener\">PNUMA<\/a>), ha destacado las seis \u00e1reas prioritarias de esta edici\u00f3n:<\/p>\n\n\n\n<ul class=\"wp-block-list\">\n<li>escasez de agua<\/li>\n\n\n\n<li>miner\u00eda responsable<\/li>\n\n\n\n<li>gesti\u00f3n de minerales, especialmente el f\u00f3sforo<\/li>\n\n\n\n<li>tecnolog\u00edas que alteran el clima<\/li>\n\n\n\n<li>financiaci\u00f3n de acciones medioambientales<\/li>\n\n\n\n<li>aplicaci\u00f3n del Acuerdo de Kunming -Montreal<\/li>\n<\/ul>\n\n\n\n<p>Seg\u00fan Andersen, \u00abtodo lo que tenemos que hacer es reunirnos y poner en pr\u00e1ctica estas soluciones globales que nos hemos prometido mutuamente, de modo que podamos&nbsp;<strong>asegurar el futuro para toda la humanidad<\/strong>, viviendo en un planeta sano y pr\u00f3spero\u00bb.<\/p>\n\n\n\n<p>Las negociaciones previas y durante el evento se centran en las propuestas de resoluci\u00f3n presentadas por los Estados miembros y en&nbsp;<strong>la declaraci\u00f3n ministerial que se adoptar\u00e1 al t\u00e9rmino de la Asamblea<\/strong>. Las resoluciones pretenden identificar y priorizar retos comunes y posibles soluciones.<\/p>\n\n\n\n<p>En la Asamblea se debatir\u00e1n 20 resoluciones y 2 decisiones, que abarcan temas como la modificaci\u00f3n de la radiaci\u00f3n solar, la miner\u00eda, la desertificaci\u00f3n, la circularidad de la agroindustria de la ca\u00f1a de az\u00facar, los plaguicidas altamente peligrosos, el aumento de la resiliencia de los ecosistemas y las comunidades a la sequ\u00eda, la cooperaci\u00f3n regional para la calidad del aire, entre otros.<\/p>\n\n\n\n<figure class=\"wp-block-image\"><img data-recalc-dims=\"1\" decoding=\"async\" src=\"https:\/\/i0.wp.com\/global.unitednations.entermediadb.net\/assets\/mediadb\/services\/module\/asset\/downloads\/preset\/Libraries\/Production%20Library\/05-01-2024_UNCTAD_Report_Pakistan_Pollution_05.JPG\/image1170x530cropped.jpg?w=640&#038;ssl=1\" alt=\"Los procesos de producci\u00f3n textil de moda r\u00e1pida agravan las emisiones de gases de efecto invernadero en Pakist\u00e1n.\" title=\"Los procesos de producci\u00f3n textil de moda r\u00e1pida agravan las emisiones de gases de efecto invernadero en Pakist\u00e1n.\"\/><\/figure>\n\n\n\n<p>Cortes\u00eda Lok Sujag Pakistan<\/p>\n\n\n\n<p>Los procesos de producci\u00f3n textil de moda r\u00e1pida agravan las emisiones de gases de efecto invernadero en Pakist\u00e1n.<\/p>\n\n\n\n<h2 class=\"wp-block-heading\">\u00bfQu\u00e9 pasa con las negociaciones?<\/h2>\n\n\n\n<p>En la Asamblea de Medio Ambiente se espera que las resoluciones se&nbsp;<a href=\"https:\/\/unep.medium.com\/unea-the-most-important-environmental-meeting-that-most-people-have-never-heard-of-73aaf860bcbe\" target=\"_blank\" rel=\"noreferrer noopener\">aprueben por consenso<\/a>. En la pr\u00e1ctica, esto significa que todos los miembros presentes tienen derecho a vetar una decisi\u00f3n.<\/p>\n\n\n\n<p>Por ello, la semana previa a la conferencia es esencial para que las delegaciones revisen los proyectos de texto y eviten o superen los puntos muertos. Las negociaciones suelen prolongarse durante la semana de la conferencia, con sesiones a puerta cerrada que pueden prolongarse hasta altas horas de la noche.<\/p>\n\n\n\n<p>Como m\u00e1ximo \u00f3rgano decisorio del mundo en materia de medio ambiente, la Asamblea pretende contribuir a&nbsp;<strong>restablecer la armon\u00eda entre la humanidad y la naturaleza<\/strong>, mejorando la vida de las personas m\u00e1s vulnerables del planeta.<\/p>\n\n\n\n<p>El PNUMA comprar\u00e1 cr\u00e9ditos de carbono certificados para compensar las emisiones de los viajes de los participantes, as\u00ed como otras medidas para reducir el impacto medioambiental de la conferencia.<\/p>\n\n\n\n<p><\/p>\n\n\n\n<p>news.un.org<\/p>\n","protected":false},"excerpt":{"rendered":"<p>La nueva edici\u00f3n de esta Asamblea, que se celebra esta semana, registra una&nbsp;cifra r\u00e9cord de 6000 delegados, entre ellos siete jefes de Estado y 139 ministros y viceministros, as\u00ed como expertos, activistas y representantes de la industria. Entre sus temas a debate figuran algunos como la escasez de agua o las tecnolog\u00edas que alteran el [&hellip;]<\/p>\n","protected":false},"author":1,"featured_media":162229,"comment_status":"closed","ping_status":"closed","sticky":false,"template":"","format":"standard","meta":{"_acf_changed":false,"_jetpack_memberships_contains_paid_content":false,"footnotes":"","jetpack_publicize_message":"","jetpack_publicize_feature_enabled":true,"jetpack_social_post_already_shared":true,"jetpack_social_options":{"image_generator_settings":{"template":"highway","default_image_id":0,"font":"","enabled":false},"version":2}},"categories":[6],"tags":[],"class_list":["post-162228","post","type-post","status-publish","format-standard","has-post-thumbnail","hentry","category-ecologia"],"acf":[],"jetpack_publicize_connections":[],"jetpack_featured_media_url":"https:\/\/i0.wp.com\/sportseco.com\/wp-content\/uploads\/2024\/02\/image1170x530cropped-5.jpg?fit=1170%2C530&ssl=1","jetpack_sharing_enabled":true,"_links":{"self":[{"href":"https:\/\/sportseco.com\/index.php?rest_route=\/wp\/v2\/posts\/162228","targetHints":{"allow":["GET"]}}],"collection":[{"href":"https:\/\/sportseco.com\/index.php?rest_route=\/wp\/v2\/posts"}],"about":[{"href":"https:\/\/sportseco.com\/index.php?rest_route=\/wp\/v2\/types\/post"}],"author":[{"embeddable":true,"href":"https:\/\/sportseco.com\/index.php?rest_route=\/wp\/v2\/users\/1"}],"replies":[{"embeddable":true,"href":"https:\/\/sportseco.com\/index.php?rest_route=%2Fwp%2Fv2%2Fcomments&post=162228"}],"version-history":[{"count":1,"href":"https:\/\/sportseco.com\/index.php?rest_route=\/wp\/v2\/posts\/162228\/revisions"}],"predecessor-version":[{"id":162230,"href":"https:\/\/sportseco.com\/index.php?rest_route=\/wp\/v2\/posts\/162228\/revisions\/162230"}],"wp:featuredmedia":[{"embeddable":true,"href":"https:\/\/sportseco.com\/index.php?rest_route=\/wp\/v2\/media\/162229"}],"wp:attachment":[{"href":"https:\/\/sportseco.com\/index.php?rest_route=%2Fwp%2Fv2%2Fmedia&parent=162228"}],"wp:term":[{"taxonomy":"category","embeddable":true,"href":"https:\/\/sportseco.com\/index.php?rest_route=%2Fwp%2Fv2%2Fcategories&post=162228"},{"taxonomy":"post_tag","embeddable":true,"href":"https:\/\/sportseco.com\/index.php?rest_route=%2Fwp%2Fv2%2Ftags&post=162228"}],"curies":[{"name":"wp","href":"https:\/\/api.w.org\/{rel}","templated":true}]}}