{"id":162250,"date":"2024-02-26T19:14:59","date_gmt":"2024-02-27T00:14:59","guid":{"rendered":"https:\/\/sportseco.com\/?p=162250"},"modified":"2024-02-26T19:15:05","modified_gmt":"2024-02-27T00:15:05","slug":"minambiente-suspende-permisos-de-quemas-controladas-y-anuncia-recompensas-para-enfrentar-incendios","status":"publish","type":"post","link":"https:\/\/sportseco.com\/?p=162250","title":{"rendered":"MinAmbiente suspende permisos de quemas controladas y anuncia recompensas para enfrentar incendios"},"content":{"rendered":"\n<figure class=\"wp-block-image\"><img data-recalc-dims=\"1\" decoding=\"async\" src=\"https:\/\/i0.wp.com\/www.minambiente.gov.co\/wp-content\/uploads\/2024\/02\/Incendios-V2-scaled.jpeg?w=640&#038;ssl=1\" alt=\"MinAmbiente suspende permisos de quemas controladas y anuncia recompensas para enfrentar incendios\" title=\"MinAmbiente suspende permisos de quemas controladas y anuncia recompensas para enfrentar incendios\"\/><\/figure>\n\n\n\n<ul class=\"wp-block-list\">\n<li>A trav\u00e9s de una resoluci\u00f3n, el Ministerio de Ambiente suspendi\u00f3, a nivel nacional, las quemas controladas en casos puntuales: preparaci\u00f3n de suelos para actividades agr\u00edcolas, descapote para actividades mineras y recolecci\u00f3n de cosechas, as\u00ed como las quemas para el control de heladas.<\/li>\n\n\n\n<li>La ministra de Ambiente anunci\u00f3,&nbsp;<strong>en conjunto con la polic\u00eda de carabineros, recompensas de hasta $20 millones<\/strong>&nbsp;para quienes denuncien a personas que inician los incendios. Por medio de las l\u00edneas contra el crimen,&nbsp;<strong>3143587212<\/strong>&nbsp;y para la protecci\u00f3n ambiental,&nbsp;<strong>320300110<\/strong>, las autoridades estar\u00e1n recibiendo denuncias por actos que afecten los ecosistemas.<\/li>\n\n\n\n<li>Desde la gerencia del fen\u00f3meno de El Ni\u00f1o, la ministra de Ambiente, Susana Muhamad, revisa la atenci\u00f3n de las emergencias y recuerda que seg\u00fan el pron\u00f3stico del&nbsp;Ideam, la temporada seca se podr\u00eda extender hasta finales de marzo.<\/li>\n<\/ul>\n\n\n\n<p><strong>&nbsp;<\/strong><strong>Bogot\u00e1, 26 de febrero de 2024 (@MinAmbienteCo)&nbsp;<\/strong>Con el prop\u00f3sito de reforzar las acciones para prevenir incendios forestales y evitar afectaciones a los ecosistemas por el fen\u00f3meno de El Ni\u00f1o, el Ministerio de Ambiente y Desarrollo Sostenible, a trav\u00e9s de una resoluci\u00f3n, &nbsp;suspende temporalmente, todas las quemas abiertas controladas en \u00e1reas rurales y aquellas para el control de heladas.<\/p>\n\n\n\n<p><strong>&nbsp;<\/strong>\u201cLa temporada seca ir\u00e1 hasta finales de marzo de acuerdo con el pron\u00f3stico del Ideam. Se han tomado medidas, con dos l\u00edneas de denuncia a nivel nacional, para alertar de personas que comentan incendios. As\u00ed mismo, reforzamos el trabajo de las&nbsp;CAR, publicando una resoluci\u00f3n donde se suspenden las quemas, hasta que el Ideam declare el fin del fen\u00f3meno de El Ni\u00f1o, y se ofrecen alternativas\u201d resalt\u00f3 la ministra de Ambiente y Desarrollo Sostenible, Susana Muhamad.<\/p>\n\n\n\n<p>La resoluci\u00f3n pretende evitar que el uso de fuego, en medio de las quemas controladas, ocasione emergencias de gran magnitud, debido a la temporada seca. As\u00ed mismo, pretende evitar contaminaci\u00f3n en la calidad del aire, que est\u00e1 siendo afectada por los incendios.<\/p>\n\n\n\n<p>Prohibici\u00f3n de quemas abiertas controladas en:<\/p>\n\n\n\n<ol class=\"wp-block-list\">\n<li><strong>A)<\/strong>&nbsp;La preparaci\u00f3n del suelo en actividades agr\u00edcolas.<\/li>\n\n\n\n<li><strong>B)<\/strong>&nbsp;El descapote del terreno en actividades mineras.<\/li>\n\n\n\n<li><strong>C)<\/strong>&nbsp;La recolecci\u00f3n de cosechas o disposici\u00f3n de rastrojos.<\/li>\n\n\n\n<li><strong>D)&nbsp;<\/strong>Aquellas dentro de actividades agr\u00edcolas para el control de heladas.<\/li>\n<\/ol>\n\n\n\n<p><strong>Alternativas al uso de quemas abiertas controladas en \u00e1reas rurales para actividades agr\u00edcolas y mineras.<\/strong><\/p>\n\n\n\n<p><strong>&nbsp;<\/strong>Disponer los residuos de cosechas, utilizando m\u00e9todos manuales o qu\u00edmicos; preparar manualmente las \u00e1reas para nuevas siembras o actividades mineras que cuenten con instrumento ambiental vigente; revisar los pron\u00f3sticos meteorol\u00f3gicos emitidos diariamente por el Instituto de Hidrolog\u00eda, Meteorolog\u00eda y Estudios Ambientales (IDEAM), para el control de las heladas en actividades agr\u00edcolas.<\/p>\n\n\n\n<p>Esta suspensi\u00f3n temporal ser\u00e1 levantada, cuando el Ideam comunique oficialmente que las condiciones clim\u00e1ticas relacionadas con el fen\u00f3meno de El Ni\u00f1o, han desaparecido en todo el territorio nacional.<\/p>\n\n\n\n<p>El incumplimiento de esta resoluci\u00f3n, acarrear\u00eda multas en promedio por&nbsp; &nbsp;$5000 millones, de acuerdo a los establecido por la ley.<\/p>\n\n\n\n<p><strong>$20 millones de recompensa por pir\u00f3manos<\/strong><\/p>\n\n\n\n<p><strong>&nbsp;<\/strong>A trav\u00e9s de las l\u00edneas contra el crimen,&nbsp;<strong>3143587212<\/strong>&nbsp;y para la protecci\u00f3n ambiental&nbsp;<strong>320300110<\/strong>, las autoridades estar\u00e1n recibiendo denuncias por actos que afecten los ecosistemas, as\u00ed como informaci\u00f3n que permita identificar a los responsables de ocasionar intencionalmente incendios forestales en el pa\u00eds.<\/p>\n\n\n\n<p>Las l\u00edneas de atenci\u00f3n estar\u00e1n disponibles las 24 horas del d\u00eda, los 7 d\u00edas de la semana, para aumentar las labores que permitan la prevenci\u00f3n de incendios y la protecci\u00f3n de los bosques en el pa\u00eds.<\/p>\n\n\n\n<p><strong>Atenci\u00f3n de incendios<\/strong><\/p>\n\n\n\n<p><strong>\u00a0<\/strong>Durante el 2024 796 incendios forestales se han presentado en el pa\u00eds, de los cuales, 778 han sido liquidados, 7 se encuentran activos y 7 controlados. Recientemente la Polic\u00eda present\u00f3 4 aeronaves, dos helic\u00f3pteros y dos aviones que refuerzan la atenci\u00f3n de incendios forestales en el pa\u00eds.<\/p>\n\n\n\n<p><\/p>\n\n\n\n<p>minambiente.gov.co<\/p>\n\n\n\n<p><\/p>\n\n\n\n<h2 class=\"wp-block-heading\">Navegaci\u00f3n de entradas<\/h2>\n","protected":false},"excerpt":{"rendered":"<p>&nbsp;Bogot\u00e1, 26 de febrero de 2024 (@MinAmbienteCo)&nbsp;Con el prop\u00f3sito de reforzar las acciones para prevenir incendios forestales y evitar afectaciones a los ecosistemas por el fen\u00f3meno de El Ni\u00f1o, el Ministerio de Ambiente y Desarrollo Sostenible, a trav\u00e9s de una resoluci\u00f3n, &nbsp;suspende temporalmente, todas las quemas abiertas controladas en \u00e1reas rurales y aquellas para el [&hellip;]<\/p>\n","protected":false},"author":1,"featured_media":162251,"comment_status":"closed","ping_status":"closed","sticky":false,"template":"","format":"standard","meta":{"_acf_changed":false,"_jetpack_memberships_contains_paid_content":false,"footnotes":"","jetpack_publicize_message":"","jetpack_publicize_feature_enabled":true,"jetpack_social_post_already_shared":true,"jetpack_social_options":{"image_generator_settings":{"template":"highway","default_image_id":0,"font":"","enabled":false},"version":2}},"categories":[6],"tags":[],"class_list":["post-162250","post","type-post","status-publish","format-standard","has-post-thumbnail","hentry","category-ecologia"],"acf":[],"jetpack_publicize_connections":[],"jetpack_featured_media_url":"https:\/\/i0.wp.com\/sportseco.com\/wp-content\/uploads\/2024\/02\/Incendios-V2-scaled-1.jpeg?fit=2560%2C1920&ssl=1","jetpack_sharing_enabled":true,"_links":{"self":[{"href":"https:\/\/sportseco.com\/index.php?rest_route=\/wp\/v2\/posts\/162250","targetHints":{"allow":["GET"]}}],"collection":[{"href":"https:\/\/sportseco.com\/index.php?rest_route=\/wp\/v2\/posts"}],"about":[{"href":"https:\/\/sportseco.com\/index.php?rest_route=\/wp\/v2\/types\/post"}],"author":[{"embeddable":true,"href":"https:\/\/sportseco.com\/index.php?rest_route=\/wp\/v2\/users\/1"}],"replies":[{"embeddable":true,"href":"https:\/\/sportseco.com\/index.php?rest_route=%2Fwp%2Fv2%2Fcomments&post=162250"}],"version-history":[{"count":1,"href":"https:\/\/sportseco.com\/index.php?rest_route=\/wp\/v2\/posts\/162250\/revisions"}],"predecessor-version":[{"id":162252,"href":"https:\/\/sportseco.com\/index.php?rest_route=\/wp\/v2\/posts\/162250\/revisions\/162252"}],"wp:featuredmedia":[{"embeddable":true,"href":"https:\/\/sportseco.com\/index.php?rest_route=\/wp\/v2\/media\/162251"}],"wp:attachment":[{"href":"https:\/\/sportseco.com\/index.php?rest_route=%2Fwp%2Fv2%2Fmedia&parent=162250"}],"wp:term":[{"taxonomy":"category","embeddable":true,"href":"https:\/\/sportseco.com\/index.php?rest_route=%2Fwp%2Fv2%2Fcategories&post=162250"},{"taxonomy":"post_tag","embeddable":true,"href":"https:\/\/sportseco.com\/index.php?rest_route=%2Fwp%2Fv2%2Ftags&post=162250"}],"curies":[{"name":"wp","href":"https:\/\/api.w.org\/{rel}","templated":true}]}}