{"id":165220,"date":"2024-04-22T15:28:51","date_gmt":"2024-04-22T19:28:51","guid":{"rendered":"https:\/\/sportseco.com\/?p=165220"},"modified":"2024-04-22T15:28:56","modified_gmt":"2024-04-22T19:28:56","slug":"joan-laporta-hay-herramientas-como-el-var-que-deben-ayudar-a-tener-una-competicion-mas-justa-y-no-al-reves","status":"publish","type":"post","link":"https:\/\/sportseco.com\/?p=165220","title":{"rendered":"Joan Laporta: \u201cHay herramientas como el VAR que deben ayudar a tener una competici\u00f3n m\u00e1s justa y no al rev\u00e9s\u00bb"},"content":{"rendered":"\n<p>El presidente del FC Barcelona explica que se requerir\u00e1 al Comit\u00e9 T\u00e9cnico de \u00c1rbitros y a la RFEF la totalidad de im\u00e1genes y audios de la jugada del gol fantasma de Lamine Yamal<\/p>\n\n\n\n<p>Joan Laporta ha dejado patente en los medios del Club la postura del FC Barcelona respecto al uso del VAR en el duelo disputado este domingo en el Santiago Bernab\u00e9u. \u00abComo presidente del FC Barcelona quiero transmitir la insatisfacci\u00f3n que produce que un d\u00eda despu\u00e9s de uno de los partidos m\u00e1s importantes del calendario mundial el mal uso de una herramienta como es el VAR nos est\u00e9 marcando la agenda\u00bb.<\/p>\n\n\n\n<p>Sigue as\u00ed: \u201cComo sab\u00e9is, yo nunca he sido un gran defensor del VAR porque creo que, como se aplica, quita espontaneidad al f\u00fatbol. Pero de lo que s\u00ed estoy a favor es que, ya que lo tenemos, se utilice siempre para evitar errores que podr\u00edan originar tomar decisiones injustas\u201d.<\/p>\n\n\n\n<p>Laporta sigue as\u00ed su parlamento: \u201cCon esta comparecencia que hago, no solo quiero recoger el malestar de los barcelonistas por la mala gesti\u00f3n que se hizo ayer del VAR, sino poner el acento en el que a pesar de ser una herramienta que lleva tiempo entre nosotros sigue provocando confusi\u00f3n y criterios contradictorios seg\u00fan los partidos y equipos. Como presidente del FC Barcelona tambi\u00e9n quiero destacar el poder de nuestra competici\u00f3n y subrayar que somos una competici\u00f3n exitosa y seguida por millones de seguidores por todas partes, pero no por eso podemos quedar al margen de la cr\u00edtica cuando la utilizaci\u00f3n del VAR infravalora nuestra competici\u00f3n\u201d.<a href=\"https:\/\/www.fcbarcelona.es\/es\/entradas\/futbol?btm_source=WebBarca&amp;btm_medium=Article&amp;btm_campaign=Singlegametickets_ORG_TKT_FUT_WebBarca_IMG_WW_ES\">No te pierdas los pr\u00f3ximos partidos en el Estadi Ol\u00edmpic Llu\u00eds CompanysVen a ver al Bar\u00e7a de f\u00fatbol masculino en directo.\u00a1COMPRA TU ENTRADA AHORA!<\/a><\/p>\n\n\n\n<h2 class=\"wp-block-heading\">Sobre el gol fantasma<\/h2>\n\n\n\n<p>El presidente del FC Barcelona tambi\u00e9n se ha referido a la pol\u00e9mica jugada del minuto 28, en la que Lunin saca bajo palos un remate de Lamine Yamal: \u201cEntendemos la dificultad de la labor arbitral pero precisamente por eso hay herramientas (como el VAR) que deben ayudar a tener una competici\u00f3n m\u00e1s justa y no al rev\u00e9s. Ayer hubo varias jugadas discutibles pero entre todas hay una que resulta primordial y que puede acarrear un cambio en el resultado final del partido. Me refiero al llamado gol fantasma del Lamine. Como club queremos tener la seguridad sobre lo que pas\u00f3 y es por eso que le informo que desde el FC Barcelona requeriremos de inmediato al Comit\u00e9 T\u00e9cnico de \u00c1rbitros y a la Federaci\u00f3n Espa\u00f1ola de F\u00fatbol para que nos facilite la totalidad de im\u00e1genes y audios que gener\u00f3 la jugada\u201d.<\/p>\n\n\n\n<p>Y concluye as\u00ed: \u201cSi una vez analizada esta documentaci\u00f3n el Club entiende que se produjo un error en la apreciaci\u00f3n de la jugada, pondremos en marcha todas las actuaciones oportunas para revertir la situaci\u00f3n sin descartar, evidentemente, las actuaciones judiciales que hagan falta. De confirmarse que fue un gol legal, iremos m\u00e1s all\u00e1 y no descartamos pedir la repetici\u00f3n del partido, tal y como ha ocurrido en un partido de \u00e1mbito europeo por un error del VAR. Por \u00faltimo, quiero subrayar que a pesar de que nos centraremos en esta jugada, tambi\u00e9n estamos en desacuerdo con diversas acciones en el transcurso del partido que, pudiendo ser consultadas en el VAR, se obvi\u00f3 esta herramienta por parte del \u00e1rbitro de manera incomprensible\u201d.<\/p>\n\n\n\n<p>Por \u00faltimo, Joan Laporta se dirige tambi\u00e9n directamente a la afici\u00f3n\u00a0<em>culer<\/em>: \u201cSocios, socias y aficionados del Bar\u00e7a: esta posici\u00f3n del Club no es ni gratuita ni ventajosa, sino una acci\u00f3n que nos obliga la situaci\u00f3n que vivimos de indefensi\u00f3n y por haber sufrido numerosas acciones en el terreno de juego que unas nos han perjudicado y otras han beneficiado a nuestro rival, y que sumadas ambas muestran esa distancia de puntos que hay en lo alto de LaLiga\u201d.<\/p>\n\n\n\n<p><\/p>\n\n\n\n<p>fcbarcelona.es<\/p>\n","protected":false},"excerpt":{"rendered":"<p>El presidente del FC Barcelona explica que se requerir\u00e1 al Comit\u00e9 T\u00e9cnico de \u00c1rbitros y a la RFEF la totalidad de im\u00e1genes y audios de la jugada del gol fantasma de Lamine Yamal Joan Laporta ha dejado patente en los medios del Club la postura del FC Barcelona respecto al uso del VAR en el [&hellip;]<\/p>\n","protected":false},"author":1,"featured_media":165221,"comment_status":"closed","ping_status":"closed","sticky":false,"template":"","format":"standard","meta":{"_acf_changed":false,"_jetpack_memberships_contains_paid_content":false,"footnotes":"","jetpack_publicize_message":"","jetpack_publicize_feature_enabled":true,"jetpack_social_post_already_shared":true,"jetpack_social_options":{"image_generator_settings":{"template":"highway","default_image_id":0,"font":"","enabled":false},"version":2}},"categories":[5],"tags":[],"class_list":["post-165220","post","type-post","status-publish","format-standard","has-post-thumbnail","hentry","category-futbol"],"acf":[],"jetpack_publicize_connections":[],"jetpack_featured_media_url":"https:\/\/i0.wp.com\/sportseco.com\/wp-content\/uploads\/2024\/04\/66267d26ed7fed5a801a8801.webp?fit=640%2C371&ssl=1","jetpack_sharing_enabled":true,"_links":{"self":[{"href":"https:\/\/sportseco.com\/index.php?rest_route=\/wp\/v2\/posts\/165220","targetHints":{"allow":["GET"]}}],"collection":[{"href":"https:\/\/sportseco.com\/index.php?rest_route=\/wp\/v2\/posts"}],"about":[{"href":"https:\/\/sportseco.com\/index.php?rest_route=\/wp\/v2\/types\/post"}],"author":[{"embeddable":true,"href":"https:\/\/sportseco.com\/index.php?rest_route=\/wp\/v2\/users\/1"}],"replies":[{"embeddable":true,"href":"https:\/\/sportseco.com\/index.php?rest_route=%2Fwp%2Fv2%2Fcomments&post=165220"}],"version-history":[{"count":1,"href":"https:\/\/sportseco.com\/index.php?rest_route=\/wp\/v2\/posts\/165220\/revisions"}],"predecessor-version":[{"id":165222,"href":"https:\/\/sportseco.com\/index.php?rest_route=\/wp\/v2\/posts\/165220\/revisions\/165222"}],"wp:featuredmedia":[{"embeddable":true,"href":"https:\/\/sportseco.com\/index.php?rest_route=\/wp\/v2\/media\/165221"}],"wp:attachment":[{"href":"https:\/\/sportseco.com\/index.php?rest_route=%2Fwp%2Fv2%2Fmedia&parent=165220"}],"wp:term":[{"taxonomy":"category","embeddable":true,"href":"https:\/\/sportseco.com\/index.php?rest_route=%2Fwp%2Fv2%2Fcategories&post=165220"},{"taxonomy":"post_tag","embeddable":true,"href":"https:\/\/sportseco.com\/index.php?rest_route=%2Fwp%2Fv2%2Ftags&post=165220"}],"curies":[{"name":"wp","href":"https:\/\/api.w.org\/{rel}","templated":true}]}}