{"id":167772,"date":"2024-06-09T14:57:21","date_gmt":"2024-06-09T18:57:21","guid":{"rendered":"https:\/\/sportseco.com\/?p=167772"},"modified":"2024-06-09T14:57:28","modified_gmt":"2024-06-09T18:57:28","slug":"el-seleccionador-de-portugal-roberto-martinez-habla-sobre-la-clasificacion-para-la-euro-cristiano-ronaldo-y-su-estilo-como-tecnico","status":"publish","type":"post","link":"https:\/\/sportseco.com\/?p=167772","title":{"rendered":"El seleccionador de Portugal, Roberto Mart\u00ednez, habla sobre la clasificaci\u00f3n para la EURO, Cristiano Ronaldo y su estilo como t\u00e9cnico"},"content":{"rendered":"\n<p>\u00abEs importante conocer a la persona que hay detr\u00e1s del jugador\u00bb, afirma Roberto Mart\u00ednez, que sue\u00f1a con conquistar la UEFA EURO 2024 con Portugal.<\/p>\n\n\n\n<figure class=\"wp-block-image\"><img data-recalc-dims=\"1\" decoding=\"async\" src=\"https:\/\/i0.wp.com\/editorial.uefa.com\/resources\/028e-1b14cf94894b-3a19016b7b39-1000\/format\/wide1\/coaches_and_ambassadors_portraits_uefa_euro_2024_final_tournament_draw.jpeg?w=640&#038;ssl=1\" alt=\"El espa\u00f1ol Roberto Mart\u00ednez dirigir\u00e1 a Portugal en la UEFA EURO 2024\" title=\"El espa\u00f1ol Roberto Mart\u00ednez dirigir\u00e1 a Portugal en la UEFA EURO 2024\"\/><\/figure>\n\n\n\n<p><em>El espa\u00f1ol Roberto Mart\u00ednez dirigir\u00e1 a Portugal en la UEFA EURO 2024<\/em>UEFA via Getty Images<\/p>\n\n\n\n<p>Tras una impecable fase de clasificaci\u00f3n para la UEFA EURO 2024, en la que gan\u00f3 sus diez partidos del Grupo J, muchos apuntan a la Portugal de Roberto Mart\u00ednez como una de las favoritas para levantar de nuevo la famosa Copa Henri Delaunay en Alemania,&nbsp;<a href=\"https:\/\/es.uefa.com\/uefaeuro\/history\/seasons\/2016\/\">tras el \u00e9xito en 2016<\/a>.<\/p>\n\n\n\n<p>En una entrevista concedida a UEFA.com, Roberto Mart\u00ednez, exentrenador de Swansea, Wigan, Everton y la selecci\u00f3n belga, habl\u00f3 de su estilo de dirigir, de lo que hace \u00fanico a Cristiano Ronaldo y de la importancia de aprender portugu\u00e9s.<\/p>\n\n\n\n<p>https:\/\/2b8b18ce2be985e34c7a4aca9b3917bc.safeframe.googlesyndication.com\/safeframe\/1-0-40\/html\/container.html<a href=\"https:\/\/es.uefa.com\/euro2024\/news\/0288-1999dcc3fb2e-552b790ea768-1000--partidos-de-la-euro-2024-por-selecciones-donde-jugara-sus-\/\">Todos los partidos de la EURO 2024<\/a><\/p>\n\n\n\n<h3 class=\"wp-block-heading\">Sobre conocer a su plantilla<\/h3>\n\n\n\n<p>\u00abSiempre pienso que, cuando se anuncia la primera convocatoria, no basta con anunciar jugadores, es importante conocer a la persona que hay detr\u00e1s del jugador. En el caso de Portugal, hay una larga lista de futbolistas que podr\u00edan tener dificultades para entrar en la selecci\u00f3n. Viaj\u00e9 por todo el mundo, de Espa\u00f1a a Portugal, a Inglaterra, a Italia, a Arabia Saud\u00ed. Pude conocer a todos y cada uno de los jugadores. Fue una simple conversaci\u00f3n para ver c\u00f3mo estaban, en qu\u00e9 punto de sus carreras se encontraban, y se crea un&nbsp;<em>feeling<\/em>&nbsp;instant\u00e1neo que siempre creo que es necesario para crear un vestuario\u00bb.<\/p>\n\n\n\n<p>\u00abObviamente, cuando se empieza algo, siempre hay mucha energ\u00eda positiva, hay un poco de emoci\u00f3n, todo el mundo empieza de cero. Jugar con la selecci\u00f3n nacional es una sensaci\u00f3n de volver, es una sensaci\u00f3n de recordar esos recuerdos, de cuando crec\u00edan con esos sue\u00f1os. Y eso es muy especial, muy, muy positivo\u00bb.<\/p>\n\n\n\n<p><img data-recalc-dims=\"1\" decoding=\"async\" src=\"https:\/\/i0.wp.com\/editorial.uefa.com\/resources\/0287-1980ff3bc783-077a6cc7b76d-1000\/format\/wide1\/portugal_v_slovakia_group_j_-_uefa_euro_2024_european_qualifiers.jpeg?w=640&#038;ssl=1\" srcset=\"https:\/\/editorial.uefa.com\/resources\/0287-1980ff3bc783-077a6cc7b76d-1000\/format\/wide1\/portugal_v_slovakia_group_j_-_uefa_euro_2024_european_qualifiers.jpeg?imwidth=158 158w, https:\/\/editorial.uefa.com\/resources\/0287-1980ff3bc783-077a6cc7b76d-1000\/format\/wide1\/portugal_v_slovakia_group_j_-_uefa_euro_2024_european_qualifiers.jpeg?imwidth=276 276w, https:\/\/editorial.uefa.com\/resources\/0287-1980ff3bc783-077a6cc7b76d-1000\/format\/wide1\/portugal_v_slovakia_group_j_-_uefa_euro_2024_european_qualifiers.jpeg?imwidth=280 280w, https:\/\/editorial.uefa.com\/resources\/0287-1980ff3bc783-077a6cc7b76d-1000\/format\/wide1\/portugal_v_slovakia_group_j_-_uefa_euro_2024_european_qualifiers.jpeg?imwidth=369 369w, https:\/\/editorial.uefa.com\/resources\/0287-1980ff3bc783-077a6cc7b76d-1000\/format\/wide1\/portugal_v_slovakia_group_j_-_uefa_euro_2024_european_qualifiers.jpeg?imwidth=490 490w, https:\/\/editorial.uefa.com\/resources\/0287-1980ff3bc783-077a6cc7b76d-1000\/format\/wide1\/portugal_v_slovakia_group_j_-_uefa_euro_2024_european_qualifiers.jpeg?imwidth=556 556w, https:\/\/editorial.uefa.com\/resources\/0287-1980ff3bc783-077a6cc7b76d-1000\/format\/wide1\/portugal_v_slovakia_group_j_-_uefa_euro_2024_european_qualifiers.jpeg?imwidth=656 656w, https:\/\/editorial.uefa.com\/resources\/0287-1980ff3bc783-077a6cc7b76d-1000\/format\/wide1\/portugal_v_slovakia_group_j_-_uefa_euro_2024_european_qualifiers.jpeg?imwidth=988 988w, https:\/\/editorial.uefa.com\/resources\/0287-1980ff3bc783-077a6cc7b76d-1000\/format\/wide1\/portugal_v_slovakia_group_j_-_uefa_euro_2024_european_qualifiers.jpeg?imwidth=2048 2048w\" alt=\"Todos los goles de Portugal hacia la EURO 2024\"\/><\/p>\n\n\n\n<p>Todos los goles de Portugal hacia la EURO 2024<\/p>\n\n\n\n<p>0 seconds of 0 secondsVolume 0%<\/p>\n\n\n\n<p><em>Todos los goles de Portugal hacia la EURO 2024<\/em><\/p>\n\n\n\n<h3 class=\"wp-block-heading\">Sobre la fase de clasificaci\u00f3n<\/h3>\n\n\n\n<p>\u00abGanar diez partidos es la consecuencia de ir a cada encuentro intentando ser perfecto con lo que intentas conseguir. En el primer partido [contra Liechtenstein], lo vi en el descanso. Creo que en ese momento me di cuenta de que el grupo ten\u00eda una capacidad incre\u00edble para hacer las cosas bien, para ejecutar aspectos que llevaran el talento individual al nivel de ser una selecci\u00f3n muy potente\u00bb.<\/p>\n\n\n\n<p>\u00abY \u00e9se fue el momento, en el descanso contra Liechtenstein. Sab\u00eda que cont\u00e1bamos con el compromiso de un grupo de jugadores que quer\u00edan hacer todo lo posible para que la selecci\u00f3n fuera m\u00e1s fuerte. Y en ese momento, sabes que puedes trabajar bien\u00bb.<\/p>\n\n\n\n<p>0 of 2 minutes, 6 secondsVolume 0%<\/p>\n\n\n\n<p><em>Grandes goles de Portugal<\/em><\/p>\n\n\n\n<h3 class=\"wp-block-heading\">Sobre Cristiano Ronaldo<\/h3>\n\n\n\n<p>\u00abNo hay muchos jugadores que hayan conseguido lo que \u00e9l. Es un ejemplo en muchos sentidos. Ser el \u00fanico jugador que ha disputado m\u00e1s de 200 partidos con su selecci\u00f3n es algo que no se consigue f\u00e1cilmente\u00bb.<\/p>\n\n\n\n<p>\u00abLo que me sorprende de Cristiano es que siempre desaf\u00eda a su edad. Despu\u00e9s de cada sesi\u00f3n, el cuerpo t\u00e9cnico y yo nos asombramos de que un jugador que lo ha conseguido todo, que puede elegir el esfuerzo que hace en los entrenamientos, est\u00e9 motivado por ganar, est\u00e9 obsesionado por ser el mejor, est\u00e9 obsesionado por esa perfecci\u00f3n que quiere alcanzar en su carrera. Eso es contagioso\u00bb.<\/p>\n\n\n\n<p>\u00abLos jugadores j\u00f3venes, cuando llegan a la selecci\u00f3n, est\u00e1n viendo a alguien que es una persona, un jugador o un \u00eddolo al que han estado admirando. Su comportamiento es incre\u00edble, y eso es algo que debemos valorar en Portugal. Si podemos tener jugadores como Pepe, como Cristiano Ronaldo, que den ese ejemplo, que transmitan ese ejemplo, nos har\u00e1n mejores para las generaciones venideras. Eso es lo que aporta Cristiano. Es un ganador, y su forma de ver el juego es \u00fanica\u00bb.<\/p>\n\n\n\n<p>0 seconds of 0 secondsVolume 0%<\/p>\n\n\n\n<p>00:00<\/p>\n\n\n\n<p>03:05<\/p>\n\n\n\n<p><em>Grandes goles de Cristiano Ronaldo con Portugal<\/em><\/p>\n\n\n\n<h3 class=\"wp-block-heading\">Sobre aprender portugu\u00e9s<\/h3>\n\n\n\n<p>\u00abEs una lengua maravillosa y la raz\u00f3n [para] querer hablar portugu\u00e9s es porque, si yo fuera aficionado de la selecci\u00f3n nacional, me gustar\u00eda que mi seleccionador nacional hablara en portugu\u00e9s. Hay aspectos que significan mucho para la selecci\u00f3n; el himno, la letra, el idioma. Viven el f\u00fatbol de una manera muy apasionada, algo que no me sorprendi\u00f3 en absoluto, porque soy de Espa\u00f1a\u00bb.<\/p>\n\n\n\n<p>\u00abHay muchos aspectos que se entienden comprendiendo la lengua. Esa es la raz\u00f3n. No era necesario, porque todos los jugadores portugueses entienden el espa\u00f1ol, saben hablar ingl\u00e9s, y todos los jugadores est\u00e1n muy familiarizados trabajando con tres idiomas. Pero creo que es esencial para nosotros, un sentido de identidad y de orgullo, que todos podamos hablar en portugu\u00e9s\u00bb.<\/p>\n\n\n\n<p><img data-recalc-dims=\"1\" decoding=\"async\" src=\"https:\/\/i0.wp.com\/editorial.uefa.com\/resources\/0253-0d7ad3522bd8-38a0096f7047-1000\/format\/wide1\/portugal_v_france_-_uefa_euro_2016_final.jpeg?w=640&#038;ssl=1\" srcset=\"https:\/\/editorial.uefa.com\/resources\/0253-0d7ad3522bd8-38a0096f7047-1000\/format\/wide1\/portugal_v_france_-_uefa_euro_2016_final.jpeg?imwidth=158 158w, https:\/\/editorial.uefa.com\/resources\/0253-0d7ad3522bd8-38a0096f7047-1000\/format\/wide1\/portugal_v_france_-_uefa_euro_2016_final.jpeg?imwidth=276 276w, https:\/\/editorial.uefa.com\/resources\/0253-0d7ad3522bd8-38a0096f7047-1000\/format\/wide1\/portugal_v_france_-_uefa_euro_2016_final.jpeg?imwidth=280 280w, https:\/\/editorial.uefa.com\/resources\/0253-0d7ad3522bd8-38a0096f7047-1000\/format\/wide1\/portugal_v_france_-_uefa_euro_2016_final.jpeg?imwidth=369 369w, https:\/\/editorial.uefa.com\/resources\/0253-0d7ad3522bd8-38a0096f7047-1000\/format\/wide1\/portugal_v_france_-_uefa_euro_2016_final.jpeg?imwidth=490 490w, https:\/\/editorial.uefa.com\/resources\/0253-0d7ad3522bd8-38a0096f7047-1000\/format\/wide1\/portugal_v_france_-_uefa_euro_2016_final.jpeg?imwidth=556 556w, https:\/\/editorial.uefa.com\/resources\/0253-0d7ad3522bd8-38a0096f7047-1000\/format\/wide1\/portugal_v_france_-_uefa_euro_2016_final.jpeg?imwidth=656 656w, https:\/\/editorial.uefa.com\/resources\/0253-0d7ad3522bd8-38a0096f7047-1000\/format\/wide1\/portugal_v_france_-_uefa_euro_2016_final.jpeg?imwidth=988 988w, https:\/\/editorial.uefa.com\/resources\/0253-0d7ad3522bd8-38a0096f7047-1000\/format\/wide1\/portugal_v_france_-_uefa_euro_2016_final.jpeg?imwidth=2048 2048w\" alt=\"La EURO 2016 en v&amp;#237;deo: Portugal - Francia 1-0\"\/>Iniciar sesi\u00f3n para ver<\/p>\n\n\n\n<p><em>La EURO 2016 en v\u00eddeo: Portugal &#8211; Francia 1-0<\/em><\/p>\n\n\n\n<h2 class=\"wp-block-heading\">M\u00e1s de Portugal en la EURO<\/h2>\n\n\n\n<p><a href=\"https:\/\/es.uefa.com\/euro2024\/news\/028d-1ae6f6f7fe20-ce1aa920659b-1000--la-euro-2024-de-portugal-partidos-estadisticas-seleccionado\/\"><\/a><a href=\"https:\/\/es.uefa.com\/euro2024\/news\/028d-1ae6f6f7fe20-ce1aa920659b-1000--la-euro-2024-de-portugal-partidos-estadisticas-seleccionado\/\"><\/a><a href=\"https:\/\/es.uefa.com\/euro2024\/news\/028d-1ae6f6f7fe20-ce1aa920659b-1000--la-euro-2024-de-portugal-partidos-estadisticas-seleccionado\/\">La EURO 2024 de Portugal: partidos, estad\u00edsticas, seleccionador, entradas<\/a><\/p>\n\n\n\n<p><a href=\"https:\/\/es.uefa.com\/euro2024\/news\/0288-1999c2587c0d-87ed146a8f7a-1000--grupo-f-de-la-uefa-euro-2024-turquia-georgia-portugal-ch\/\"><\/a><a href=\"https:\/\/es.uefa.com\/euro2024\/news\/0288-1999c2587c0d-87ed146a8f7a-1000--grupo-f-de-la-uefa-euro-2024-turquia-georgia-portugal-ch\/\"><\/a><a href=\"https:\/\/es.uefa.com\/euro2024\/news\/0288-1999c2587c0d-87ed146a8f7a-1000--grupo-f-de-la-uefa-euro-2024-turquia-georgia-portugal-ch\/\">Grupo F de la UEFA EURO 2024: Turqu\u00eda, Georgia, Portugal, Chequia<\/a><\/p>\n\n\n\n<p><a href=\"https:\/\/es.uefa.com\/euro2024\/news\/026a-12875577524c-3046352288bd-1000--portugal-todos-sus-records-y-estadisticas-en-la-euro\/\"><\/a><a href=\"https:\/\/es.uefa.com\/euro2024\/news\/026a-12875577524c-3046352288bd-1000--portugal-todos-sus-records-y-estadisticas-en-la-euro\/\"><\/a><a href=\"https:\/\/es.uefa.com\/euro2024\/news\/026a-12875577524c-3046352288bd-1000--portugal-todos-sus-records-y-estadisticas-en-la-euro\/\">Portugal: todos sus r\u00e9cords y estad\u00edsticas en la EURO<\/a><\/p>\n\n\n\n<p>\u00a9 1998-2024 UEFA. All rights reserved.<\/p>\n","protected":false},"excerpt":{"rendered":"<p>\u00abEs importante conocer a la persona que hay detr\u00e1s del jugador\u00bb, afirma Roberto Mart\u00ednez, que sue\u00f1a con conquistar la UEFA EURO 2024 con Portugal. El espa\u00f1ol Roberto Mart\u00ednez dirigir\u00e1 a Portugal en la UEFA EURO 2024UEFA via Getty Images Tras una impecable fase de clasificaci\u00f3n para la UEFA EURO 2024, en la que gan\u00f3 sus [&hellip;]<\/p>\n","protected":false},"author":1,"featured_media":167773,"comment_status":"closed","ping_status":"closed","sticky":false,"template":"","format":"standard","meta":{"_acf_changed":false,"_jetpack_memberships_contains_paid_content":false,"footnotes":"","jetpack_publicize_message":"","jetpack_publicize_feature_enabled":true,"jetpack_social_post_already_shared":true,"jetpack_social_options":{"image_generator_settings":{"template":"highway","default_image_id":0,"font":"","enabled":false},"version":2}},"categories":[5],"tags":[],"class_list":["post-167772","post","type-post","status-publish","format-standard","has-post-thumbnail","hentry","category-futbol"],"acf":[],"jetpack_publicize_connections":[],"jetpack_featured_media_url":"https:\/\/sportseco.com\/wp-content\/uploads\/2024\/06\/coaches_and_ambassadors_portraits_uefa_euro_2024_final_tournament_draw.avif","jetpack_sharing_enabled":true,"_links":{"self":[{"href":"https:\/\/sportseco.com\/index.php?rest_route=\/wp\/v2\/posts\/167772","targetHints":{"allow":["GET"]}}],"collection":[{"href":"https:\/\/sportseco.com\/index.php?rest_route=\/wp\/v2\/posts"}],"about":[{"href":"https:\/\/sportseco.com\/index.php?rest_route=\/wp\/v2\/types\/post"}],"author":[{"embeddable":true,"href":"https:\/\/sportseco.com\/index.php?rest_route=\/wp\/v2\/users\/1"}],"replies":[{"embeddable":true,"href":"https:\/\/sportseco.com\/index.php?rest_route=%2Fwp%2Fv2%2Fcomments&post=167772"}],"version-history":[{"count":1,"href":"https:\/\/sportseco.com\/index.php?rest_route=\/wp\/v2\/posts\/167772\/revisions"}],"predecessor-version":[{"id":167774,"href":"https:\/\/sportseco.com\/index.php?rest_route=\/wp\/v2\/posts\/167772\/revisions\/167774"}],"wp:featuredmedia":[{"embeddable":true,"href":"https:\/\/sportseco.com\/index.php?rest_route=\/wp\/v2\/media\/167773"}],"wp:attachment":[{"href":"https:\/\/sportseco.com\/index.php?rest_route=%2Fwp%2Fv2%2Fmedia&parent=167772"}],"wp:term":[{"taxonomy":"category","embeddable":true,"href":"https:\/\/sportseco.com\/index.php?rest_route=%2Fwp%2Fv2%2Fcategories&post=167772"},{"taxonomy":"post_tag","embeddable":true,"href":"https:\/\/sportseco.com\/index.php?rest_route=%2Fwp%2Fv2%2Ftags&post=167772"}],"curies":[{"name":"wp","href":"https:\/\/api.w.org\/{rel}","templated":true}]}}