{"id":167812,"date":"2024-06-10T13:24:41","date_gmt":"2024-06-10T17:24:41","guid":{"rendered":"https:\/\/sportseco.com\/?p=167812"},"modified":"2024-06-10T13:24:47","modified_gmt":"2024-06-10T17:24:47","slug":"en-el-deportivp-cali-se-enfilan-las-torres","status":"publish","type":"post","link":"https:\/\/sportseco.com\/?p=167812","title":{"rendered":"EN EL DEPORTIVP CALI SE ENFILAN LAS \u2018TORRES\u2019"},"content":{"rendered":"\n<p>Debido a su valor estrat\u00e9gico y t\u00e1ctico, las torres en el ajedrez son una pieza clave. su movimiento y amenaza marcan la distancia y su poder se siente amenazador e inminente.<\/p>\n\n\n\n<p>Es as\u00ed, como le hace honor a su apellido nuestro nuevo director t\u00e9cnico, Hern\u00e1n Torres, un general&nbsp; de mil batallas quien llega aportar su m\u00e1xima experiencia, trayendo a cuesta una suma importante de triunfos que lo hace ver como el indicado para comandar el resurgir del imperio m\u00e1s tradicional de Colombia.<\/p>\n\n\n\n<p>Nacido en el Tolima, nuestro l\u00edder supremo, lleva tatuado en su alma, las letras doradas del himno de su tierra, identificando el nacer, vivir y morir, como parte fundamental de sus ideales de victoria y pundonor.<\/p>\n\n\n\n<p>Entre 2001 y 2003 pis\u00f3 por primera vez tierras verdiblancas y como la vida es un camino de ida y vuelta, a la ida se puede sufrir, pero la vuelta nos trae aprendizajes, y s\u00ed que ha aprendido Hern\u00e1n Torres en el camino y dicen que por muy corto que este sea, quien pisa fuerte, deja huella. Esas, que lo traen de vuelta al Deportivo Cali para forjar su propia historia.<\/p>\n\n\n\n<p>Sus logros lo perciben y los ecos de sus gritos de triunfo a\u00fan resuenan por donde pasa.<\/p>\n\n\n\n<p>Torres es un l\u00edder incansable, sediento de t\u00edtulos y m\u00e1s triunfos, lo hizo siendo campe\u00f3n con Millonarios en 2012, logro el ascenso de un \u201cej\u00e9rcito\u201d ca\u00eddo en 2016, conquistando tambi\u00e9n tierras incas al darle un t\u00edtulo al Melgar de Per\u00fa en 2018 y, por \u00faltimo, siendo realmente profeta en su tierra, campe\u00f3n con Deportes Tolima en 2021 y la S\u00faper Liga en 2022.<\/p>\n\n\n\n<p>Nada es seguro en la vida, pero de lo que, si podremos estar seguros, es que, con Hern\u00e1n Torres Oliveros, no s\u00f3lo recuperaremos nuestro prestigio, sino que tambi\u00e9n reafirmaremos nuestro dominio, dejando un legado que perdurara a trav\u00e9s del tiempo.<\/p>\n\n\n\n<figure class=\"wp-block-image size-large\"><img data-recalc-dims=\"1\" loading=\"lazy\" decoding=\"async\" width=\"640\" height=\"800\" src=\"https:\/\/i0.wp.com\/sportseco.com\/wp-content\/uploads\/2024\/06\/Hernan-torres-deportivo-cali-.png?resize=640%2C800&#038;ssl=1\" alt=\"\" class=\"wp-image-167813\" srcset=\"https:\/\/i0.wp.com\/sportseco.com\/wp-content\/uploads\/2024\/06\/Hernan-torres-deportivo-cali-.png?resize=824%2C1030&amp;ssl=1 824w, https:\/\/i0.wp.com\/sportseco.com\/wp-content\/uploads\/2024\/06\/Hernan-torres-deportivo-cali-.png?resize=240%2C300&amp;ssl=1 240w, https:\/\/i0.wp.com\/sportseco.com\/wp-content\/uploads\/2024\/06\/Hernan-torres-deportivo-cali-.png?resize=768%2C960&amp;ssl=1 768w, https:\/\/i0.wp.com\/sportseco.com\/wp-content\/uploads\/2024\/06\/Hernan-torres-deportivo-cali-.png?w=1024&amp;ssl=1 1024w\" sizes=\"auto, (max-width: 640px) 100vw, 640px\" \/><\/figure>\n\n\n\n<p>deportivocali.com.co<\/p>\n","protected":false},"excerpt":{"rendered":"<p>Debido a su valor estrat\u00e9gico y t\u00e1ctico, las torres en el ajedrez son una pieza clave. su movimiento y amenaza marcan la distancia y su poder se siente amenazador e inminente. Es as\u00ed, como le hace honor a su apellido nuestro nuevo director t\u00e9cnico, Hern\u00e1n Torres, un general&nbsp; de mil batallas quien llega aportar su [&hellip;]<\/p>\n","protected":false},"author":1,"featured_media":167813,"comment_status":"closed","ping_status":"closed","sticky":false,"template":"","format":"standard","meta":{"_acf_changed":false,"_jetpack_memberships_contains_paid_content":false,"footnotes":"","jetpack_publicize_message":"","jetpack_publicize_feature_enabled":true,"jetpack_social_post_already_shared":true,"jetpack_social_options":{"image_generator_settings":{"template":"highway","default_image_id":0,"font":"","enabled":false},"version":2}},"categories":[5],"tags":[],"class_list":["post-167812","post","type-post","status-publish","format-standard","has-post-thumbnail","hentry","category-futbol"],"acf":[],"jetpack_publicize_connections":[],"jetpack_featured_media_url":"https:\/\/i0.wp.com\/sportseco.com\/wp-content\/uploads\/2024\/06\/Hernan-torres-deportivo-cali-.png?fit=1024%2C1280&ssl=1","jetpack_sharing_enabled":true,"_links":{"self":[{"href":"https:\/\/sportseco.com\/index.php?rest_route=\/wp\/v2\/posts\/167812","targetHints":{"allow":["GET"]}}],"collection":[{"href":"https:\/\/sportseco.com\/index.php?rest_route=\/wp\/v2\/posts"}],"about":[{"href":"https:\/\/sportseco.com\/index.php?rest_route=\/wp\/v2\/types\/post"}],"author":[{"embeddable":true,"href":"https:\/\/sportseco.com\/index.php?rest_route=\/wp\/v2\/users\/1"}],"replies":[{"embeddable":true,"href":"https:\/\/sportseco.com\/index.php?rest_route=%2Fwp%2Fv2%2Fcomments&post=167812"}],"version-history":[{"count":1,"href":"https:\/\/sportseco.com\/index.php?rest_route=\/wp\/v2\/posts\/167812\/revisions"}],"predecessor-version":[{"id":167814,"href":"https:\/\/sportseco.com\/index.php?rest_route=\/wp\/v2\/posts\/167812\/revisions\/167814"}],"wp:featuredmedia":[{"embeddable":true,"href":"https:\/\/sportseco.com\/index.php?rest_route=\/wp\/v2\/media\/167813"}],"wp:attachment":[{"href":"https:\/\/sportseco.com\/index.php?rest_route=%2Fwp%2Fv2%2Fmedia&parent=167812"}],"wp:term":[{"taxonomy":"category","embeddable":true,"href":"https:\/\/sportseco.com\/index.php?rest_route=%2Fwp%2Fv2%2Fcategories&post=167812"},{"taxonomy":"post_tag","embeddable":true,"href":"https:\/\/sportseco.com\/index.php?rest_route=%2Fwp%2Fv2%2Ftags&post=167812"}],"curies":[{"name":"wp","href":"https:\/\/api.w.org\/{rel}","templated":true}]}}