{"id":167827,"date":"2024-06-10T19:33:38","date_gmt":"2024-06-10T23:33:38","guid":{"rendered":"https:\/\/sportseco.com\/?p=167827"},"modified":"2024-06-10T19:33:44","modified_gmt":"2024-06-10T23:33:44","slug":"jornada-de-union-con-los-aficionados-locales-para-comenzar","status":"publish","type":"post","link":"https:\/\/sportseco.com\/?p=167827","title":{"rendered":"Jornada de uni\u00f3n con los aficionados locales para comenzar"},"content":{"rendered":"\n<p>La Selecci\u00f3n Espa\u00f1ola ha estrenado este lunes su campo habitual de entrenamiento durante la Eurocopa de Alemania<\/p>\n\n\n\n<p>Las&nbsp;<strong>gradas repletas de aficionados con camisetas de Espa\u00f1a en las instalaciones del club SV Aasen<\/strong>&nbsp;han recibido esta tarde de lunes a los jugadores de la Selecci\u00f3n en su primer entrenamiento por tierras germanas.<\/p>\n\n\n\n<p><strong>Erik Pauly, alcalde de la localidad de Donaueschingen, donde el combinado nacional ha establecido su campamento base durante la Eurocopa, no ha dudado en enfundarse la camiseta de la Selecci\u00f3n<\/strong>&nbsp;durante los proleg\u00f3menos a la sesi\u00f3n de trabajo de los internacionales.<\/p>\n\n\n\n<p><strong>El vicepresidente de la RFEF, Alejandro Morales Mansito, y el seleccionador nacional Luis de la Fuente han entregado la camiseta de Espa\u00f1a al alcalde Pauly,<\/strong>\u00a0quien ha su vez ha correspondido entregando una serie de obsequios locales e invitando a los representantes del f\u00fatbol espa\u00f1ol a firmar en el libro de honor de esta bella localidad alemana.<\/p>\n\n\n\n<p>En su campo, con el sol brillando y una temperatura suave han realizado los 26 jugadores convocados para la Eurocopa un&nbsp;<strong>intenso entrenamiento, reservado para la parte f\u00edsica en su inicio y con la disputa de un partidillo en sus instantes finales<\/strong>.<\/p>\n\n\n\n<p><strong>Al onubense Ferm\u00edn L\u00f3pez le ha correspondido el honor de anotar con un cabezazo el primer gol de la Selecci\u00f3n en sus sesiones preparatorias por Alemania<\/strong>, que continuar\u00e1n este martes con un entrenamiento matutino, seguido de la primera rueda de prensa ofrecida por el equipo ya en\u00a0su concentracion.<\/p>\n\n\n\n<figure class=\"wp-block-image size-full\"><img data-recalc-dims=\"1\" loading=\"lazy\" decoding=\"async\" width=\"640\" height=\"360\" src=\"https:\/\/i0.wp.com\/sportseco.com\/wp-content\/uploads\/2024\/06\/304_whatsapp_image_2024-06-10_at_19.28.14.jpeg?resize=640%2C360&#038;ssl=1\" alt=\"\" class=\"wp-image-167829\" srcset=\"https:\/\/i0.wp.com\/sportseco.com\/wp-content\/uploads\/2024\/06\/304_whatsapp_image_2024-06-10_at_19.28.14.jpeg?w=960&amp;ssl=1 960w, https:\/\/i0.wp.com\/sportseco.com\/wp-content\/uploads\/2024\/06\/304_whatsapp_image_2024-06-10_at_19.28.14.jpeg?resize=300%2C169&amp;ssl=1 300w, https:\/\/i0.wp.com\/sportseco.com\/wp-content\/uploads\/2024\/06\/304_whatsapp_image_2024-06-10_at_19.28.14.jpeg?resize=768%2C432&amp;ssl=1 768w\" sizes=\"auto, (max-width: 640px) 100vw, 640px\" \/><\/figure>\n\n\n\n<p>rfef.es<\/p>\n","protected":false},"excerpt":{"rendered":"<p>La Selecci\u00f3n Espa\u00f1ola ha estrenado este lunes su campo habitual de entrenamiento durante la Eurocopa de Alemania Las&nbsp;gradas repletas de aficionados con camisetas de Espa\u00f1a en las instalaciones del club SV Aasen&nbsp;han recibido esta tarde de lunes a los jugadores de la Selecci\u00f3n en su primer entrenamiento por tierras germanas. Erik Pauly, alcalde de la [&hellip;]<\/p>\n","protected":false},"author":1,"featured_media":167828,"comment_status":"closed","ping_status":"closed","sticky":false,"template":"","format":"standard","meta":{"_acf_changed":false,"_jetpack_memberships_contains_paid_content":false,"footnotes":"","jetpack_publicize_message":"","jetpack_publicize_feature_enabled":true,"jetpack_social_post_already_shared":true,"jetpack_social_options":{"image_generator_settings":{"template":"highway","default_image_id":0,"font":"","enabled":false},"version":2}},"categories":[5],"tags":[],"class_list":["post-167827","post","type-post","status-publish","format-standard","has-post-thumbnail","hentry","category-futbol"],"acf":[],"jetpack_publicize_connections":[],"jetpack_featured_media_url":"https:\/\/i0.wp.com\/sportseco.com\/wp-content\/uploads\/2024\/06\/303_whatsapp_image_2024-06-10_at_19.28.15.jpeg?fit=960%2C540&ssl=1","jetpack_sharing_enabled":true,"_links":{"self":[{"href":"https:\/\/sportseco.com\/index.php?rest_route=\/wp\/v2\/posts\/167827","targetHints":{"allow":["GET"]}}],"collection":[{"href":"https:\/\/sportseco.com\/index.php?rest_route=\/wp\/v2\/posts"}],"about":[{"href":"https:\/\/sportseco.com\/index.php?rest_route=\/wp\/v2\/types\/post"}],"author":[{"embeddable":true,"href":"https:\/\/sportseco.com\/index.php?rest_route=\/wp\/v2\/users\/1"}],"replies":[{"embeddable":true,"href":"https:\/\/sportseco.com\/index.php?rest_route=%2Fwp%2Fv2%2Fcomments&post=167827"}],"version-history":[{"count":1,"href":"https:\/\/sportseco.com\/index.php?rest_route=\/wp\/v2\/posts\/167827\/revisions"}],"predecessor-version":[{"id":167830,"href":"https:\/\/sportseco.com\/index.php?rest_route=\/wp\/v2\/posts\/167827\/revisions\/167830"}],"wp:featuredmedia":[{"embeddable":true,"href":"https:\/\/sportseco.com\/index.php?rest_route=\/wp\/v2\/media\/167828"}],"wp:attachment":[{"href":"https:\/\/sportseco.com\/index.php?rest_route=%2Fwp%2Fv2%2Fmedia&parent=167827"}],"wp:term":[{"taxonomy":"category","embeddable":true,"href":"https:\/\/sportseco.com\/index.php?rest_route=%2Fwp%2Fv2%2Fcategories&post=167827"},{"taxonomy":"post_tag","embeddable":true,"href":"https:\/\/sportseco.com\/index.php?rest_route=%2Fwp%2Fv2%2Ftags&post=167827"}],"curies":[{"name":"wp","href":"https:\/\/api.w.org\/{rel}","templated":true}]}}