{"id":167831,"date":"2024-06-10T19:38:21","date_gmt":"2024-06-10T23:38:21","guid":{"rendered":"https:\/\/sportseco.com\/?p=167831"},"modified":"2024-06-10T19:40:06","modified_gmt":"2024-06-10T23:40:06","slug":"el-presidente-de-la-cbf-dice-que-se-ha-dado-un-paso-mas-con-la-condena-de-los-aficionados-atacantes-de-vinicius-jr","status":"publish","type":"post","link":"https:\/\/sportseco.com\/?p=167831","title":{"rendered":"El presidente de la CBF dice que se ha dado un paso m\u00e1s con la condena de los aficionados atacantes de Vinicius Jr"},"content":{"rendered":"\n<p>Los aficionados del Valencia fueron condenados este lunes (10) a ocho meses de prisi\u00f3n tras c\u00e1nticos racistas contra el jugador<\/p>\n\n\n\n<p>El presidente de la CBF, Ednaldo Rodrigues, afirm\u00f3 este lunes (10) que la condena de tres aficionados del Valencia por parte de la Justicia espa\u00f1ola por insultos contra Vinicius Junior demuestra que se ha dado un paso m\u00e1s en la lucha contra el racismo.<\/p>\n\n\n\n<p>Esta fue la primera condena por actos racistas en los juzgados penales espa\u00f1oles. Adem\u00e1s, los aficionados tambi\u00e9n tienen prohibida la asistencia a cualquier estadio de f\u00fatbol en Espa\u00f1a durante dos a\u00f1os.<\/p>\n\n\n\n<p>\u00abLa decisi\u00f3n es un comienzo, un camino, y muestra la importancia de la presi\u00f3n de la sociedad para que las autoridades se impliquen realmente en esta lucha contra el racismo. Fue un castigo que interpreto todav\u00eda leve, pero se est\u00e1n dando pasos paso a paso. paso\u00bb, afirm\u00f3 el presidente de la CBF, que se encuentra con la selecci\u00f3n brasile\u00f1a en Estados Unidos.<\/p>\n\n\n\n<p>\u00abEl racismo no desaparecer\u00e1 de la noche a la ma\u00f1ana. Una decisi\u00f3n de esta magnitud nos deja m\u00e1s fuerzas para continuar la lucha. Los racistas deben al menos tener miedo a partir de ahora de cometer un crimen terrible como este. La CBF fue la primera entidad nacional en incluir sanciones por los deportistas por el racismo y no nos detendremos. S\u00f3lo quien ha sufrido el racismo sabe la magnitud del dolor\u00bb, a\u00f1adi\u00f3 Ednaldo Rodrigues.<\/p>\n\n\n\n<p>Primera persona negra y nororiental en ocupar el cargo, el presidente de la CBF es tambi\u00e9n miembro del Consejo de la FIFA y de la Conmebol. Al asumir el cargo en la FIFA el a\u00f1o pasado, dijo que la lucha contra el racismo en el f\u00fatbol en todo el planeta ser\u00eda una de sus prioridades.<\/p>\n\n\n\n<p>En mayo, la FIFA anunci\u00f3 un plan global contra el racismo. La entidad mundial adopt\u00f3 castigo deportivo para casos de prejuicio en sus 211 pa\u00edses miembros.<\/p>\n\n\n\n<p>El a\u00f1o pasado, la CBF tambi\u00e9n se puso en contacto con el Ministerio de Justicia, el Ministerio de Asuntos Exteriores, La Liga, la Real Federaci\u00f3n Espa\u00f1ola y el gobierno espa\u00f1ol exigiendo castigo para los atacantes del jugador brasile\u00f1o.<\/p>\n\n\n\n<p>El n\u00famero 7 de la selecci\u00f3n brasile\u00f1a se posicion\u00f3 en la X, reforzando que no bajar\u00e1 la cabeza y seguir\u00e1 luchando contra el racismo. Tambi\u00e9n dijo que no es \u201cv\u00edctima del racismo\u201d, sino \u201cv\u00edctima de racistas\u201d.<\/p>\n\n\n\n<p>El Real Madrid comunic\u00f3 la decisi\u00f3n de la Corte espa\u00f1ola. Vea la nota emitida por el club:<\/p>\n\n\n\n<p>El Real Madrid CF comunica que el Juzgado de Instrucci\u00f3n n\u00famero 10 de Valencia ha dictado hoy, lunes 10 de junio de 2024, sentencia condenatoria conforme a los tres j\u00f3venes acusados \u200b\u200bde insultar, con gritos y gestos racistas, a nuestro jugador Vinicius Junior en un Partido de Liga, celebrado el 21 de mayo de 2023 en el estadio de Mestalla entre el Valencia CF y el Real Madrid CF.<\/p>\n\n\n\n<p>Los tres acusados \u200b\u200bfueron declarados culpables de un delito contra la integridad moral de Vinicius J\u00fanior, agravado por haber actuado con motivaciones racistas, y cada uno de ellos fue condenado a ocho meses de prisi\u00f3n y a la prohibici\u00f3n de acceder a los estadios de f\u00fatbol durante un per\u00edodo de dos a\u00f1os.<\/p>\n\n\n\n<p>Los tres acusados \u200b\u200baceptaron su responsabilidad penal y hicieron p\u00fablica una carta de disculpas dirigida a nuestro jugador Vinicius Junior, al Real Madrid CF y otras personas que se sintieron ofendidas por su comportamiento. Adem\u00e1s de mostrar su pesar, los tres acusados \u200b\u200ben su carta piden a los aficionados que se proh\u00edba todo rastro de racismo e intolerancia en las competiciones.<\/p>\n\n\n\n<p>Esta es la primera condena por hechos de esta naturaleza dictada por tribunales penales.<\/p>\n\n\n\n<p>El Real Madrid, que se uni\u00f3 a la acusaci\u00f3n particular con Vinicius J\u00fanior en este proceso, seguir\u00e1 trabajando para proteger los valores de nuestro club y erradicar cualquier comportamiento racista en el mundo del f\u00fatbol y el deporte.<\/p>\n\n\n\n<p><\/p>\n\n\n\n<p>cbf.com.br<\/p>\n","protected":false},"excerpt":{"rendered":"<p>Los aficionados del Valencia fueron condenados este lunes (10) a ocho meses de prisi\u00f3n tras c\u00e1nticos racistas contra el jugador El presidente de la CBF, Ednaldo Rodrigues, afirm\u00f3 este lunes (10) que la condena de tres aficionados del Valencia por parte de la Justicia espa\u00f1ola por insultos contra Vinicius Junior demuestra que se ha dado [&hellip;]<\/p>\n","protected":false},"author":1,"featured_media":167832,"comment_status":"closed","ping_status":"closed","sticky":false,"template":"","format":"standard","meta":{"_acf_changed":false,"_jetpack_memberships_contains_paid_content":false,"footnotes":"","jetpack_publicize_message":"","jetpack_publicize_feature_enabled":true,"jetpack_social_post_already_shared":true,"jetpack_social_options":{"image_generator_settings":{"template":"highway","default_image_id":0,"font":"","enabled":false},"version":2}},"categories":[5],"tags":[],"class_list":["post-167831","post","type-post","status-publish","format-standard","has-post-thumbnail","hentry","category-futbol"],"acf":[],"jetpack_publicize_connections":[],"jetpack_featured_media_url":"https:\/\/i0.wp.com\/sportseco.com\/wp-content\/uploads\/2024\/06\/20240325095928_736.jpeg?fit=620%2C620&ssl=1","jetpack_sharing_enabled":true,"_links":{"self":[{"href":"https:\/\/sportseco.com\/index.php?rest_route=\/wp\/v2\/posts\/167831","targetHints":{"allow":["GET"]}}],"collection":[{"href":"https:\/\/sportseco.com\/index.php?rest_route=\/wp\/v2\/posts"}],"about":[{"href":"https:\/\/sportseco.com\/index.php?rest_route=\/wp\/v2\/types\/post"}],"author":[{"embeddable":true,"href":"https:\/\/sportseco.com\/index.php?rest_route=\/wp\/v2\/users\/1"}],"replies":[{"embeddable":true,"href":"https:\/\/sportseco.com\/index.php?rest_route=%2Fwp%2Fv2%2Fcomments&post=167831"}],"version-history":[{"count":2,"href":"https:\/\/sportseco.com\/index.php?rest_route=\/wp\/v2\/posts\/167831\/revisions"}],"predecessor-version":[{"id":167834,"href":"https:\/\/sportseco.com\/index.php?rest_route=\/wp\/v2\/posts\/167831\/revisions\/167834"}],"wp:featuredmedia":[{"embeddable":true,"href":"https:\/\/sportseco.com\/index.php?rest_route=\/wp\/v2\/media\/167832"}],"wp:attachment":[{"href":"https:\/\/sportseco.com\/index.php?rest_route=%2Fwp%2Fv2%2Fmedia&parent=167831"}],"wp:term":[{"taxonomy":"category","embeddable":true,"href":"https:\/\/sportseco.com\/index.php?rest_route=%2Fwp%2Fv2%2Fcategories&post=167831"},{"taxonomy":"post_tag","embeddable":true,"href":"https:\/\/sportseco.com\/index.php?rest_route=%2Fwp%2Fv2%2Ftags&post=167831"}],"curies":[{"name":"wp","href":"https:\/\/api.w.org\/{rel}","templated":true}]}}