{"id":167881,"date":"2024-06-11T17:31:41","date_gmt":"2024-06-11T21:31:41","guid":{"rendered":"https:\/\/sportseco.com\/?p=167881"},"modified":"2024-06-11T17:32:27","modified_gmt":"2024-06-11T21:32:27","slug":"entrevista-con-virgil-van-dijk-capitan-de-paises-bajos-sobre-polonia-francia-y-la-dinamica-de-grupo","status":"publish","type":"post","link":"https:\/\/sportseco.com\/?p=167881","title":{"rendered":"Entrevista con Virgil van Dijk, capit\u00e1n de Pa\u00edses Bajos, sobre Polonia, Francia y la din\u00e1mica de grupo"},"content":{"rendered":"\n<p>\u00abGanar partidos y llegar lo m\u00e1s lejos posible: eso est\u00e1 realmente muy presente en mi mente ahora mismo\u00bb, afirma el capit\u00e1n de los Pa\u00edses Bajos y del Liverpool mientras se prepara para la UEFA EURO 2024.<\/p>\n\n\n\n<p>Capit\u00e1n de los Pa\u00edses Bajos desde 2018, Virgil van Dijk se est\u00e1 preparando para su primer Campeonato de Europa de la UEFA, tras perderse la UEFA EURO 2020 por lesi\u00f3n. Sin embargo, tras liderar a su selecci\u00f3n en la Copa Mundial de la FIFA 2022, donde la Oranje perdi\u00f3 en cuartos de final ante Argentina, a la postre campeona, en la tanda de penaltis, el jugador de 32 a\u00f1os conoce a la perfecci\u00f3n los retos de los grandes torneos de f\u00fatbol.<\/p>\n\n\n\n<p>El central del Liverpool est\u00e1 contento de ser dirigido por el seleccionador Ronald Koeman sobre el terreno de juego, y espera con impaciencia los encuentros de Pa\u00edses Bajos en el Grupo D contra Polonia, Francia y Austria. El exdefensa del Groningen, el Celtic y el Southampton est\u00e1 convencido de que su equipo es capaz de plantar cara a cualquier rival, siempre que se mantenga unido.<\/p>\n\n\n\n<p><strong>Sobre la preparaci\u00f3n para un gran torneo<\/strong><\/p>\n\n\n\n<p>\u00abTrabajas constantemente para que todo est\u00e9 listo hasta el \u00faltimo detalle, todos los d\u00edas con reuniones, en los entrenamientos, t\u00e1cticamente, para asegurarte de que todos estamos en la misma sinton\u00eda. Juegas para la Oranje, el mayor honor que puedes tener como futbolista. Vas a jugar un gran torneo y a representar a tu pa\u00eds. Hay que disfrutar, por encima de todo, incluso en los momentos dif\u00edciles, que sin duda los habr\u00e1\u00bb.<\/p>\n\n\n\n<p><strong>Sobre su papel como l\u00edder del equipo<\/strong><\/p>\n\n\n\n<p>\u00abComo capit\u00e1n, tambi\u00e9n soy la prolongaci\u00f3n del entrenador. S\u00e9 que \u00e9se es mi papel, y estoy contento con \u00e9l, y me viene bien. Como capit\u00e1n, sabes que todos los ojos est\u00e1n puestos en ti, pero me he acostumbrado a ello, y es algo que disfruto\u00bb.<\/p>\n\n\n\n<p>\u00abObservo mucho. Naturalmente, me fijo en c\u00f3mo se comporta todo el mundo, y si alguien est\u00e1 en una fase dif\u00edcil o tiene menos confianza, tambi\u00e9n intentas actuar en consecuencia. En \u00faltima instancia, se trata de que todo el mundo se implique como grupo, y el \u00e9xito que conseguimos es colectivo, sin que nadie se quede atr\u00e1s ni se sienta excluido. Todo lo que conseguimos positivamente, lo hacemos juntos: los once jugadores en el campo, pero tambi\u00e9n el resto de los chicos y el personal. Todo el mundo est\u00e1 implicado, desde los jefes de equipo hasta los cocineros y los jugadores del banquillo\u00bb.<\/p>\n\n\n\n<p><strong>Sobre el primer partido de Pa\u00edses Bajos contra Polonia<\/strong><\/p>\n\n\n\n<p>\u00abEquipo dif\u00edcil, buenos jugadores. Estoy seguro de que habr\u00e1 muchos aficionados polacos para ponernos las cosas dif\u00edciles. Necesitamos mucho a la afici\u00f3n neerlandesa para ese partido, pero el primer partido de la fase de grupos de la EURO siempre es dif\u00edcil. Vamos a trabajar muy duro en los pr\u00f3ximos d\u00edas y semanas para asegurarnos de que todos estamos preparados. Si ganas el primer partido, das un gran paso hacia la siguiente ronda, pero, por supuesto, nos espera una aut\u00e9ntica batalla\u00bb.<\/p>\n\n\n\n<p><strong>Sobre el duelo con Francia, que derrot\u00f3 a Pa\u00edses Bajos dos veces en la fase de clasificaci\u00f3n<\/strong><\/p>\n\n\n\n<p>\u00abFrancia siempre es dura. Es evidente que tienen la calidad individual necesaria para castigarte inmediatamente si cometes un solo error. Pero tambi\u00e9n sabemos que si estamos al 100% y defendemos y atacamos bien como equipo, tambi\u00e9n podemos pon\u00e9rselo dif\u00edcil a Francia. Y todo puede pasar, sobre todo en un gran torneo\u00bb.<\/p>\n\n\n\n<p>\u00ab\u00bfMe preparar\u00e9 de forma diferente para enfrentarme a Kylian Mbapp\u00e9? La verdad es que no. Da igual contra qui\u00e9n juegues: te preparas. Sabes un poco a qu\u00e9 atenerte: la forma de jugar del rival, lo que le gusta, lo que se le da bien y lo que se le da peor, pero eso se aplica a todos los equipos y no s\u00f3lo a Francia o a Mbapp\u00e9. Al final, se trata de defender juntos como un equipo\u00bb.<\/p>\n\n\n\n<p><strong>Sobre lo que le espera en Alemania<\/strong><\/p>\n\n\n\n<p>\u00abGanar partidos y llegar lo m\u00e1s lejos posible: eso es lo que tengo muy presente ahora mismo. Ganar partidos, luchar como grupo, como equipo, como pa\u00eds, juntos, construyendo unos con otros. Y tengo muchas ganas de hacerlo, seguro\u00bb.<\/p>\n\n\n\n<p>\u00ab\u00bfEs significativo el hecho de que Pa\u00edses Bajos ganara la \u00faltima EURO en Alemania 1988? Entonces s\u00f3lo hab\u00eda ocho equipos, as\u00ed que es algo diferente. En \u00faltima instancia, se trata de c\u00f3mo te desempe\u00f1es en los partidos. La suerte es algo que se necesita, y esperemos tenerla de nuestro lado este a\u00f1o, pero [tambi\u00e9n] depende de cu\u00e1nto lo desees, de lo que est\u00e9s dispuesto a hacer por ello, de c\u00f3mo lo vivas como equipo, as\u00ed como del apoyo. Eso es muy importante\u00bb.<\/p>\n\n\n\n<h2 class=\"wp-block-heading\">M\u00e1s de Pa\u00edses Bajos<\/h2>\n\n\n\n<p><a href=\"https:\/\/es.uefa.com\/euro2024\/news\/028d-1ae6f9d7a6b9-83e39ab25fa4-1000--la-euro-2024-de-paises-bajos-partidos-estadisticas-selecci\/\"><\/a><a href=\"https:\/\/es.uefa.com\/euro2024\/news\/028d-1ae6f9d7a6b9-83e39ab25fa4-1000--la-euro-2024-de-paises-bajos-partidos-estadisticas-selecci\/\"><\/a><a href=\"https:\/\/es.uefa.com\/euro2024\/news\/028d-1ae6f9d7a6b9-83e39ab25fa4-1000--la-euro-2024-de-paises-bajos-partidos-estadisticas-selecci\/\">La EURO 2024 de Pa\u00edses Bajos: partidos, estad\u00edsticas, seleccionador, entradas<\/a><\/p>\n\n\n\n<p><a href=\"https:\/\/es.uefa.com\/euro2024\/news\/0288-1999bde178b7-76caa0c241f7-1000--grupo-d-de-la-uefa-euro-2024-polonia-paises-bajos-austria-fr\/\"><\/a><a href=\"https:\/\/es.uefa.com\/euro2024\/news\/0288-1999bde178b7-76caa0c241f7-1000--grupo-d-de-la-uefa-euro-2024-polonia-paises-bajos-austria-fr\/\"><\/a><a href=\"https:\/\/es.uefa.com\/euro2024\/news\/0288-1999bde178b7-76caa0c241f7-1000--grupo-d-de-la-uefa-euro-2024-polonia-paises-bajos-austria-fr\/\">Grupo D de la UEFA EURO 2024: Polonia, Pa\u00edses Bajos, Austria, Francia<\/a><\/p>\n\n\n\n<p><a href=\"https:\/\/es.uefa.com\/euro2024\/news\/026a-128359bc81de-2458a4854d3e-1000--paises-bajos-todos-sus-records-y-estadisticas-en-la-euro\/\"><\/a><a href=\"https:\/\/es.uefa.com\/euro2024\/news\/026a-128359bc81de-2458a4854d3e-1000--paises-bajos-todos-sus-records-y-estadisticas-en-la-euro\/\"><\/a><a href=\"https:\/\/es.uefa.com\/euro2024\/news\/026a-128359bc81de-2458a4854d3e-1000--paises-bajos-todos-sus-records-y-estadisticas-en-la-euro\/\">Pa\u00edses Bajos: todos sus r\u00e9cords y estad\u00edsticas en la EURO<\/a><\/p>\n\n\n\n<p>\u00a9 1998-2024 UEFA. All rights reserved.<\/p>\n","protected":false},"excerpt":{"rendered":"<p>\u00abGanar partidos y llegar lo m\u00e1s lejos posible: eso est\u00e1 realmente muy presente en mi mente ahora mismo\u00bb, afirma el capit\u00e1n de los Pa\u00edses Bajos y del Liverpool mientras se prepara para la UEFA EURO 2024. Capit\u00e1n de los Pa\u00edses Bajos desde 2018, Virgil van Dijk se est\u00e1 preparando para su primer Campeonato de Europa [&hellip;]<\/p>\n","protected":false},"author":1,"featured_media":167882,"comment_status":"closed","ping_status":"closed","sticky":false,"template":"","format":"standard","meta":{"_acf_changed":false,"_jetpack_memberships_contains_paid_content":false,"footnotes":"","jetpack_publicize_message":"","jetpack_publicize_feature_enabled":true,"jetpack_social_post_already_shared":true,"jetpack_social_options":{"image_generator_settings":{"template":"highway","default_image_id":0,"font":"","enabled":false},"version":2}},"categories":[5],"tags":[],"class_list":["post-167881","post","type-post","status-publish","format-standard","has-post-thumbnail","hentry","category-futbol"],"acf":[],"jetpack_publicize_connections":[],"jetpack_featured_media_url":"https:\/\/i0.wp.com\/sportseco.com\/wp-content\/uploads\/2024\/06\/netherlands_portraits_-_uefa_euro_2024.jpeg?fit=988%2C556&ssl=1","jetpack_sharing_enabled":true,"_links":{"self":[{"href":"https:\/\/sportseco.com\/index.php?rest_route=\/wp\/v2\/posts\/167881","targetHints":{"allow":["GET"]}}],"collection":[{"href":"https:\/\/sportseco.com\/index.php?rest_route=\/wp\/v2\/posts"}],"about":[{"href":"https:\/\/sportseco.com\/index.php?rest_route=\/wp\/v2\/types\/post"}],"author":[{"embeddable":true,"href":"https:\/\/sportseco.com\/index.php?rest_route=\/wp\/v2\/users\/1"}],"replies":[{"embeddable":true,"href":"https:\/\/sportseco.com\/index.php?rest_route=%2Fwp%2Fv2%2Fcomments&post=167881"}],"version-history":[{"count":2,"href":"https:\/\/sportseco.com\/index.php?rest_route=\/wp\/v2\/posts\/167881\/revisions"}],"predecessor-version":[{"id":167885,"href":"https:\/\/sportseco.com\/index.php?rest_route=\/wp\/v2\/posts\/167881\/revisions\/167885"}],"wp:featuredmedia":[{"embeddable":true,"href":"https:\/\/sportseco.com\/index.php?rest_route=\/wp\/v2\/media\/167882"}],"wp:attachment":[{"href":"https:\/\/sportseco.com\/index.php?rest_route=%2Fwp%2Fv2%2Fmedia&parent=167881"}],"wp:term":[{"taxonomy":"category","embeddable":true,"href":"https:\/\/sportseco.com\/index.php?rest_route=%2Fwp%2Fv2%2Fcategories&post=167881"},{"taxonomy":"post_tag","embeddable":true,"href":"https:\/\/sportseco.com\/index.php?rest_route=%2Fwp%2Fv2%2Ftags&post=167881"}],"curies":[{"name":"wp","href":"https:\/\/api.w.org\/{rel}","templated":true}]}}